{"id":171288,"date":"2020-12-27T11:04:16","date_gmt":"2020-12-27T14:04:16","guid":{"rendered":"https:\/\/aconteceunovale.com.br\/portal\/?p=171288"},"modified":"2020-12-27T11:04:35","modified_gmt":"2020-12-27T14:04:35","slug":"justica-proibe-festas-de-reveillon-em-porto-seguro","status":"publish","type":"post","link":"https:\/\/aconteceunovale.com.br\/portal\/?p=171288","title":{"rendered":"Justi\u00e7a pro\u00edbe festas de R\u00e9veillon em Porto Seguro"},"content":{"rendered":"\n<p>O governo da Bahia conseguiu na Justi\u00e7a uma decis\u00e3o liminar que pro\u00edbe o munic\u00edpio de Porto Seguro autorizar, permitir ou realizar festas de R\u00e9veillon, independentemente da quantidade de pessoas presentes.<\/p>\n\n\n\n<p>A liminar concedida na quinta-feira (25\/12) pela ju\u00edza Zandra Anuncia\u00e7\u00e3o Alvarez Parada atende a um pedido da Procuradoria Geral do Estado da Bahia.<\/p>\n\n\n\n<p>A magistrada fixou uma multa de R$ 300 mil para quem descumprir a regra e tamb\u00e9m autoriza o governo baiano a utilizar a Pol\u00edcia Militar para garantir o cumprimento da decis\u00e3o liminar.<\/p>\n\n\n\n<p>A decis\u00e3o \u00e9 respaldada pela necessidade de evitar aglomera\u00e7\u00f5es em meio a uma segunda onda de casos da Covid-19 no Estado. Neste s\u00e1bado (26), a Bahia registrou 7.811 casos ativos da doen\u00e7a e uma ocupa\u00e7\u00e3o de 75% dos leitos de terapia intensiva.<\/p>\n\n\n\n<p>No in\u00edcio de dezembro, o governador Rui Costa (PT) j\u00e1 havia emitido um decreto proibindo a realiza\u00e7\u00e3o de festas at\u00e9 o dia 4 de janeiro em todo o territ\u00f3rio baiano.<\/p>\n\n\n\n<p>Al\u00e9m de emitir um decreto proibindo a realiza\u00e7\u00e3o de festas, o governador orientou a Secretaria de Seguran\u00e7a P\u00fablica a notificar os estabelecimentos que anunciaram eventos de fim de ano.<\/p>\n\n\n\n<p>Mesmo com o decreto em vigor, o governo optou por acionar a Justi\u00e7a, j\u00e1 que em algumas prefeituras indicaram que permitiriam a realiza\u00e7\u00e3o de festas.<\/p>\n\n\n\n<p>Foi o caso, por exemplo, de Porto Seguro. O prefeito eleito J\u00e2nio Natal (PL) informou que emitiria um decreto na madrugada de 1\u00ba de janeiro autorizando a realiza\u00e7\u00e3o de festas no munic\u00edpio.<\/p>\n\n\n\n<p>Com praias badaladas como Arraial d&#8217;Ajuda e Trancoso, a cidade baiana \u00e9 um dos destinos tur\u00edsticos mais procurados do pa\u00eds para festas de fim de ano. O prefeito eleito foi procurado para comentar a decis\u00e3o da Justi\u00e7a, mas n\u00e3o atendeu \u00e0s liga\u00e7\u00f5es da reportagem.<\/p>\n\n\n\n<p>No dia 17 de dezembro, a Justi\u00e7a da Bahia j\u00e1 havia deferido uma liminar de teor semelhante proibindo a realiza\u00e7\u00e3o de festas na ilha de Boipeba, um dos principais destinos tur\u00edsticos do sul do estado. A decis\u00e3o atendeu a um pedido do Minist\u00e9rio P\u00fablico do Estado da Bahia.<\/p>\n\n\n\n<p>Dois dias depois da decis\u00e3o, uma festa de m\u00fasica eletr\u00f4nica que estava prevista para acontecer na ilha foi cancelada. A festa Mareh NYE vinha sendo divulgada em redes sociais online e j\u00e1 havia vendido parte dos ingressos &#8211; os clientes ser\u00e3o reembolsados.<\/p>\n\n\n\n<p>Outras festas que aconteceriam em praias do litoral da Bahia foram suspensas nas \u00faltimas semanas ap\u00f3s o decreto do governo do estado. Foi o caso, por exemplo, do R\u00e9veillon da Vila, que teria uma programa\u00e7\u00e3o de cinco dias de festas na vila de Santo Andr\u00e9, em Santa Cruz Cabr\u00e1lia, sul do Estado.<\/p>\n\n\n\n<p>Em Salvador, a prefeitura suspendeu o Festival da Virada, que este ano aconteceria sem p\u00fablico, em formato de live, em raz\u00e3o da pandemia. O prefeito ACM Neto (DEM) justificou a decis\u00e3o alegando que n\u00e3o havia clima para festejos em meio a novo avan\u00e7o de casos da Covid-19.<\/p>\n\n\n\n<p>A prefeitura ainda determinou o bloqueio de trechos da orla da capital baiana que costumam reunir pessoas durante o R\u00e9veillon, como o trecho pr\u00f3ximo ao Farol da Barra.<\/p>\n\n\n\n<p class=\"has-white-color has-vivid-cyan-blue-background-color has-text-color has-background\">Quer saber as not\u00edcias do <strong>Aconteceu no Vale<\/strong> em primeira m\u00e3o? Siga-nos no Facebook <a rel=\"noreferrer noopener\" href=\"http:\/\/facebook.com\/aconteceunovale\" target=\"_blank\">@aconteceunovale<\/a>, Twitter <a rel=\"noreferrer noopener\" href=\"https:\/\/twitter.com\/noticiadosvales\" target=\"_blank\">@noticiadosvales<\/a> e Instagram <a rel=\"noreferrer noopener\" href=\"https:\/\/www.instagram.com\/aconteceunovale\" target=\"_blank\">@aconteceunovale<\/a>.<\/p>\n","protected":false},"excerpt":{"rendered":"<p>O governo da Bahia conseguiu na Justi\u00e7a uma decis\u00e3o liminar que pro\u00edbe o munic\u00edpio de Porto Seguro autorizar, permitir ou realizar festas de R\u00e9veillon, independentemente da quantidade de pessoas presentes. A liminar concedida na quinta-feira (25\/12) pela ju\u00edza Zandra Anuncia\u00e7\u00e3o Alvarez Parada atende a um pedido da Procuradoria Geral do Estado da Bahia. A magistrada [&hellip;]<\/p>\n","protected":false},"author":4,"featured_media":171289,"comment_status":"open","ping_status":"closed","sticky":false,"template":"","format":"standard","meta":{"amp_status":"","footnotes":""},"categories":[6,125],"tags":[178352,233330,233331,149137,233333,233328,68200,114904,233329,233332],"class_list":["post-171288","post","type-post","status-publish","format-standard","has-post-thumbnail","hentry","category-br","category-noticias","tag-arraial-dajuda","tag-festa-de-ano-novo-em-porto-seguro","tag-festa-de-reveillon-em-porto-seguro","tag-governo-da-bahia","tag-janio-natal","tag-justica-proibe-festas-de-reveillon-em-porto-seguro","tag-reveillon-em-porto-seguro","tag-trancoso","tag-virada-de-ano-em-porto-seguro","tag-zandra-anunciacao-alvarez-parada"],"_links":{"self":[{"href":"https:\/\/aconteceunovale.com.br\/portal\/index.php?rest_route=\/wp\/v2\/posts\/171288","targetHints":{"allow":["GET"]}}],"collection":[{"href":"https:\/\/aconteceunovale.com.br\/portal\/index.php?rest_route=\/wp\/v2\/posts"}],"about":[{"href":"https:\/\/aconteceunovale.com.br\/portal\/index.php?rest_route=\/wp\/v2\/types\/post"}],"author":[{"embeddable":true,"href":"https:\/\/aconteceunovale.com.br\/portal\/index.php?rest_route=\/wp\/v2\/users\/4"}],"replies":[{"embeddable":true,"href":"https:\/\/aconteceunovale.com.br\/portal\/index.php?rest_route=%2Fwp%2Fv2%2Fcomments&post=171288"}],"version-history":[{"count":1,"href":"https:\/\/aconteceunovale.com.br\/portal\/index.php?rest_route=\/wp\/v2\/posts\/171288\/revisions"}],"predecessor-version":[{"id":171290,"href":"https:\/\/aconteceunovale.com.br\/portal\/index.php?rest_route=\/wp\/v2\/posts\/171288\/revisions\/171290"}],"wp:featuredmedia":[{"embeddable":true,"href":"https:\/\/aconteceunovale.com.br\/portal\/index.php?rest_route=\/wp\/v2\/media\/171289"}],"wp:attachment":[{"href":"https:\/\/aconteceunovale.com.br\/portal\/index.php?rest_route=%2Fwp%2Fv2%2Fmedia&parent=171288"}],"wp:term":[{"taxonomy":"category","embeddable":true,"href":"https:\/\/aconteceunovale.com.br\/portal\/index.php?rest_route=%2Fwp%2Fv2%2Fcategories&post=171288"},{"taxonomy":"post_tag","embeddable":true,"href":"https:\/\/aconteceunovale.com.br\/portal\/index.php?rest_route=%2Fwp%2Fv2%2Ftags&post=171288"}],"curies":[{"name":"wp","href":"https:\/\/api.w.org\/{rel}","templated":true}]}}