{"id":171242,"date":"2020-12-26T19:48:03","date_gmt":"2020-12-26T22:48:03","guid":{"rendered":"https:\/\/aconteceunovale.com.br\/portal\/?p=171242"},"modified":"2020-12-26T19:49:29","modified_gmt":"2020-12-26T22:49:29","slug":"defesa-civil-reconhece-emergencia-em-67-municipios-mineiros","status":"publish","type":"post","link":"https:\/\/aconteceunovale.com.br\/portal\/?p=171242","title":{"rendered":"Defesa Civil reconhece emerg\u00eancia em 67 munic\u00edpios mineiros"},"content":{"rendered":"\n<p>O Minist\u00e9rio do Desenvolvimento Regional (MDR), por meio da Secretaria Nacional de Prote\u00e7\u00e3o e Defesa Civil (Sedec), reconheceu a situa\u00e7\u00e3o de emerg\u00eancia em 67 munic\u00edpios mineiros por causa da seca. A maioria est\u00e1\u00a0localizado\u00a0nos vales do Jequitinhonha e\u00a0Mucuri e no Norte do Estado.<\/p>\n\n\n\n<p>Com a medida, esses munic\u00edpios poder\u00e3o ter acesso a recursos federais para a\u00e7\u00f5es de socorro, assist\u00eancia, restabelecimento de servi\u00e7os essenciais \u00e0 popula\u00e7\u00e3o e recupera\u00e7\u00e3o de infraestruturas danificadas.<\/p>\n\n\n\n<p>O apoio emergencial por meio do MDR \u00e9 complementar \u00e0 atua\u00e7\u00e3o dos governos estaduais e municipais. O aux\u00edlio pode ser solicitado sempre que necess\u00e1rio \u2013 inclusive, em situa\u00e7\u00f5es recorrentes, como \u00e9 o caso de desastres ocasionados por seca ou chuvas intensas. Para receber a verba, as prefeituras e governos devem apresentar o diagn\u00f3stico dos danos e um plano de trabalho para a execu\u00e7\u00e3o das a\u00e7\u00f5es.<\/p>\n\n\n\n<p><strong>Munic\u00edpios em situa\u00e7\u00e3o de emerg\u00eancia<\/strong><\/p>\n\n\n\n<p>Veja a lista: Almenara, Ara\u00e7ua\u00ed, Aricanduva, Arinos, Berilo, Berizal, Botumirim, Bras\u00edlia de Minas, Capit\u00e3o En\u00e9as, Cara\u00ed, Carbonita, Catuti, Chapada do Norte, Chapada Ga\u00facha, C\u00f4nego Marinho, Coronel Murta, Crist\u00e1lia, Curral de Dentro, Formoso, Gameleiras, Glaucil\u00e2ndia, Gr\u00e3o Mogol, Guaraciama, Ibia\u00ed, Ibiracatu, Icara\u00ed de Minas, Indaiabira, Itacarambi, Itinga, Jana\u00faba, Janu\u00e1ria, Japonvar, Jos\u00e9 Gon\u00e7alves de Minas, Juven\u00edlia, Leme do Prado, Lontra, Mamonas, Matias Cardoso, Mato Verde, Minas Novas, Mirabela, Monte Azul, Montes Claros, Montezuma, Ninheira, Novorizonte, Pai Pedro, Pedras de Maria da Cruz, Pint\u00f3polis, Ponto Chique, Ponto dos Volantes, Porteirinha, Rubim, Salinas, Santa Cruz de Salinas, Santa F\u00e9 de Minas, S\u00e3o Jo\u00e3o das Miss\u00f5es, S\u00e3o Jo\u00e3o do Para\u00edso, Taiobeiras, Te\u00f3filo Otoni, Uba\u00ed, Urucuia, Vargem Grande do Rio Pardo, Varzel\u00e2ndia, Verdel\u00e2ndia, Veredinha e Virgem da Lapa.<\/p>\n\n\n\n<p class=\"has-white-color has-vivid-cyan-blue-background-color has-text-color has-background\">Quer saber as not\u00edcias do <strong>Aconteceu no Vale<\/strong> em primeira m\u00e3o? Siga-nos no Facebook <a rel=\"noreferrer noopener\" href=\"http:\/\/facebook.com\/aconteceunovale\" target=\"_blank\">@aconteceunovale<\/a>, Twitter <a rel=\"noreferrer noopener\" href=\"https:\/\/twitter.com\/noticiadosvales\" target=\"_blank\">@noticiadosvales<\/a> e Instagram <a rel=\"noreferrer noopener\" href=\"https:\/\/www.instagram.com\/aconteceunovale\" target=\"_blank\">@aconteceunovale<\/a>.<\/p>\n","protected":false},"excerpt":{"rendered":"<p>O Minist\u00e9rio do Desenvolvimento Regional (MDR), por meio da Secretaria Nacional de Prote\u00e7\u00e3o e Defesa Civil (Sedec), reconheceu a situa\u00e7\u00e3o de emerg\u00eancia em 67 munic\u00edpios mineiros por causa da seca. A maioria est\u00e1\u00a0localizado\u00a0nos vales do Jequitinhonha e\u00a0Mucuri e no Norte do Estado. Com a medida, esses munic\u00edpios poder\u00e3o ter acesso a recursos federais para a\u00e7\u00f5es [&hellip;]<\/p>\n","protected":false},"author":4,"featured_media":123103,"comment_status":"open","ping_status":"closed","sticky":false,"template":"","format":"standard","meta":{"amp_status":"","footnotes":""},"categories":[123,1236,120,122],"tags":[142,186,551,253,841,1342,1714,195,1429,490,557,1800,481,3057,3055,483,1715,1702,1018,16168,334,4531,1693,1153,1694,1695,1704,1803,3557,1705,189,204,205,3058,917,1706,480,1796,3673,1708,1195,192825,137,187874,1699,1277,210,1009,1804,4532,3059,3723,1710,1711,444,1194,407,190,927,1809,1810,1403,11662,233251,128543,128542,93218,419,164,1712,1813,3046,1713,1814,916,482],"class_list":["post-171242","post","type-post","status-publish","format-standard","has-post-thumbnail","hentry","category-gerais","category-norte_de_minas","category-jequi","category-mucuri","tag-almenara","tag-aracuai","tag-aricanduva","tag-arinos","tag-berilo","tag-berizal","tag-botumirim","tag-brasilia-de-minas","tag-capitao-eneas","tag-carai","tag-carbonita","tag-catuti","tag-chapada-do-norte","tag-chapada-gaucha","tag-conego-marinho","tag-coronel-murta","tag-cristalia","tag-curral-de-dentro","tag-destaque","tag-estiagem-em-minas-gerais","tag-formoso","tag-gameleiras","tag-glaucilandia","tag-grao-mogol","tag-guaraciama","tag-ibiai","tag-ibiracatu","tag-icarai-de-minas","tag-indaiabira","tag-itacarambi","tag-itinga","tag-janauba","tag-januaria","tag-japonvar","tag-jose-goncalves-de-minas","tag-juvenilia","tag-leme-do-prado","tag-lontra","tag-mamonas","tag-matias-cardoso","tag-mato-verde","tag-mdr","tag-minas-novas","tag-ministerio-do-desenvolvimento-regional","tag-mirabela","tag-monte-azul","tag-montes-claros","tag-montezuma","tag-ninheira","tag-novorizonte","tag-pai-pedro","tag-pedras-de-maria-da-cruz","tag-pintopolis","tag-ponto-chique","tag-ponto-dos-volantes","tag-porteirinha","tag-rubim","tag-salinas","tag-santa-cruz-de-salinas","tag-santa-fe-de-minas","tag-sao-joao-das-missoes","tag-sao-joao-do-paraiso","tag-seca-em-minas-gerais","tag-seca-em-municipios-mineiros","tag-secretaria-nacional-de-protecao-e-defesa-civil","tag-sedec","tag-situacao-de-emergencia-em-municipios-mineiros","tag-taiobeiras","tag-teofilo-otoni","tag-ubai","tag-urucuia","tag-vargem-grande-do-rio-pardo","tag-varzelandia","tag-verdelandia","tag-veredinha","tag-virgem-da-lapa"],"_links":{"self":[{"href":"https:\/\/aconteceunovale.com.br\/portal\/index.php?rest_route=\/wp\/v2\/posts\/171242","targetHints":{"allow":["GET"]}}],"collection":[{"href":"https:\/\/aconteceunovale.com.br\/portal\/index.php?rest_route=\/wp\/v2\/posts"}],"about":[{"href":"https:\/\/aconteceunovale.com.br\/portal\/index.php?rest_route=\/wp\/v2\/types\/post"}],"author":[{"embeddable":true,"href":"https:\/\/aconteceunovale.com.br\/portal\/index.php?rest_route=\/wp\/v2\/users\/4"}],"replies":[{"embeddable":true,"href":"https:\/\/aconteceunovale.com.br\/portal\/index.php?rest_route=%2Fwp%2Fv2%2Fcomments&post=171242"}],"version-history":[{"count":1,"href":"https:\/\/aconteceunovale.com.br\/portal\/index.php?rest_route=\/wp\/v2\/posts\/171242\/revisions"}],"predecessor-version":[{"id":171243,"href":"https:\/\/aconteceunovale.com.br\/portal\/index.php?rest_route=\/wp\/v2\/posts\/171242\/revisions\/171243"}],"wp:featuredmedia":[{"embeddable":true,"href":"https:\/\/aconteceunovale.com.br\/portal\/index.php?rest_route=\/wp\/v2\/media\/123103"}],"wp:attachment":[{"href":"https:\/\/aconteceunovale.com.br\/portal\/index.php?rest_route=%2Fwp%2Fv2%2Fmedia&parent=171242"}],"wp:term":[{"taxonomy":"category","embeddable":true,"href":"https:\/\/aconteceunovale.com.br\/portal\/index.php?rest_route=%2Fwp%2Fv2%2Fcategories&post=171242"},{"taxonomy":"post_tag","embeddable":true,"href":"https:\/\/aconteceunovale.com.br\/portal\/index.php?rest_route=%2Fwp%2Fv2%2Ftags&post=171242"}],"curies":[{"name":"wp","href":"https:\/\/api.w.org\/{rel}","templated":true}]}}