{"id":171235,"date":"2020-12-26T18:26:28","date_gmt":"2020-12-26T21:26:28","guid":{"rendered":"https:\/\/aconteceunovale.com.br\/portal\/?p=171235"},"modified":"2020-12-26T18:29:34","modified_gmt":"2020-12-26T21:29:34","slug":"excesso-de-videoconferencias-afeta-a-saude-mental-dizem-psiquiatras","status":"publish","type":"post","link":"https:\/\/aconteceunovale.com.br\/portal\/?p=171235","title":{"rendered":"Excesso de videoconfer\u00eancias afeta a sa\u00fade mental, dizem psiquiatras"},"content":{"rendered":"\n<p>No contexto da pandemia do novo coronav\u00edrus (covid-19) e do isolamento imposto para conter a dissemina\u00e7\u00e3o da covid-19, aumentou o uso das plataformas&nbsp;<em>online<\/em>&nbsp;de videoconfer\u00eancia como forma de manter o contato social entre as pessoas. Mas o excesso de encontros virtuais acabou produzindo uma esp\u00e9cie de \u201cfadiga do<em>&nbsp;zoom<\/em>\u201d, segundo identificou a Associa\u00e7\u00e3o Brasileira de Psiquiatria (ABP).<img decoding=\"async\" src=\"https:\/\/agenciabrasil.ebc.com.br\/ebc.png?id=1397375&amp;o=node\"><img decoding=\"async\" src=\"https:\/\/agenciabrasil.ebc.com.br\/ebc.gif?id=1397375&amp;o=node\"><\/p>\n\n\n\n<p>Para mostrar o impacto das videoconfer\u00eancias na sa\u00fade mental dos brasileiros, a ABP realizou a primeira pesquisa sobre o tema no per\u00edodo de 14 de agosto a 21 de novembro. A sondagem revela a eleva\u00e7\u00e3o das queixas de pacientes sobre o excesso de trabalho por videoconfer\u00eancias nos \u00faltimos cinco meses, recebidas por 56,1% dos psiquiatras associados da ABP entrevistados.&nbsp;<\/p>\n\n\n\n<p>\u201cOs pacientes relataram que a \u201cfadiga do&nbsp;<em>zoom<\/em>\u201d \u00e9 um fato na vida delas, que elas de fato aumentaram o trabalho via teleconfer\u00eancia e adoeceram, precisaram de ajuda\u201d, disse \u00e0 Ag\u00eancia Brasil o presidente da ABP, Antonio Geraldo da Silva.<\/p>\n\n\n\n<p>O levantamento foi feito junto aos psiquiatras associados da ABP que atendem no Sistema \u00danico de Sa\u00fade (SUS), no sistema privado e suplementar, e mostrou tamb\u00e9m que 63,3% deles perceberam um aumento de prescri\u00e7\u00e3o de psicotr\u00f3picos (rem\u00e9dios controlados) para tratar pessoas que tinham a queixa de excesso de trabalho por videoconfer\u00eancia. Os m\u00e9dicos associados da ABP notaram ainda a eleva\u00e7\u00e3o de 70,1% da necessidade de prescreverem psicoterapia para seus pacientes tamb\u00e9m com essa fadiga.<\/p>\n\n\n\n<figure class=\"wp-block-gallery columns-1 is-cropped wp-block-gallery-1 is-layout-flex wp-block-gallery-is-layout-flex\"><ul class=\"blocks-gallery-grid\"><li class=\"blocks-gallery-item\"><figure><img loading=\"lazy\" decoding=\"async\" width=\"678\" height=\"406\" src=\"https:\/\/aconteceunovale.com.br\/portal\/wp-content\/uploads\/2020\/12\/video_conferencia.jpeg\" alt=\"\" data-id=\"171236\" data-full-url=\"https:\/\/aconteceunovale.com.br\/portal\/wp-content\/uploads\/2020\/12\/video_conferencia.jpeg\" data-link=\"https:\/\/aconteceunovale.com.br\/portal\/?attachment_id=171236\" class=\"wp-image-171236\" srcset=\"https:\/\/aconteceunovale.com.br\/portal\/wp-content\/uploads\/2020\/12\/video_conferencia.jpeg 678w, https:\/\/aconteceunovale.com.br\/portal\/wp-content\/uploads\/2020\/12\/video_conferencia-300x180.jpeg 300w\" sizes=\"auto, (max-width: 678px) 100vw, 678px\" \/><figcaption class=\"blocks-gallery-item__caption\"><em>Foto: LNB\/Divulga\u00e7\u00e3o<\/em><\/figcaption><\/figure><\/li><\/ul><\/figure>\n\n\n\n<h2 class=\"wp-block-heading\">Fato novo<\/h2>\n\n\n\n<p>\u201c\u00c9 uma situa\u00e7\u00e3o nova, \u00e9 um fato novo. Mas estamos percebendo que h\u00e1 um cansa\u00e7o das pessoas em usar a videoconfer\u00eancia, porque ela retira de voc\u00ea toda privacidade, aumenta sua carga de trabalho e sua carga de descanso fica comprometida e isso \u00e9, realmente, adoecedor\u201d, disse Silva.&nbsp;<\/p>\n\n\n\n<p>De acordo com o presidente da ABP, as pessoas passaram a trabalhar em casa e os hor\u00e1rios rotineiros foram rompidos. \u201cOs chefes passaram a entender que as pessoas est\u00e3o dispon\u00edveis 24 horas\u201d. No teletrabalho, muitas vezes, as pessoas entram em uma videoconfer\u00eancia \u00e0s 8h e saem somente ao meio-dia\u201d, disse Silva. \u201cHouve uma perda dos limites relacionais\u201d.<\/p>\n\n\n\n<p>Na avalia\u00e7\u00e3o do presidente da ABP, o cuidado com a sa\u00fade mental da popula\u00e7\u00e3o deve ser abrangente e direcionado a todos para haver uma mudan\u00e7a de pensamento e comportamento. Enfatizou que as preocupa\u00e7\u00f5es com a onda de consequ\u00eancias \u00e0 sa\u00fade mental derivadas da pandemia permanecem com tend\u00eancia ascendente.&nbsp;<\/p>\n\n\n\n<p>Segundo Silva, a agenda da sa\u00fade mental \u201c\u00e9 urgente e ser\u00e1 um dos pilares para o bom enfrentamento \u00e0s demais consequ\u00eancias trazidas pela pandemia. A sa\u00fade mental \u00e9 a chave para enfrentarmos o cen\u00e1rio atual e seus desdobramentos\u201d.<\/p>\n\n\n\n<p>A ABP estima que h\u00e1 50 milh\u00f5es de pessoas com algum tipo de doen\u00e7a mental no Brasil. O pa\u00eds engloba o maior n\u00famero de pessoas com casos de transtornos de ansiedade do mundo. S\u00e3o cerca de 19 milh\u00f5es de casos, que correspondem a 9% da popula\u00e7\u00e3o. Al\u00e9m disso, o Brasil ocupa o segundo lugar no mundo e o primeiro na Am\u00e9rica Latina em pessoas com quadros depressivos.<\/p>\n\n\n\n<h2 class=\"wp-block-heading\">Filtro<\/h2>\n\n\n\n<p>Na avalia\u00e7\u00e3o do psiquiatra Jorge Jaber, da Associa\u00e7\u00e3o de Psiquiatria do Estado do Rio de Janeiro (Aperj), o excesso de informa\u00e7\u00f5es pode provocar um certo cansa\u00e7o mental. Ele recomenda que as pessoas utilizem um filtro, uma sele\u00e7\u00e3o das fontes, buscando institui\u00e7\u00f5es tradicionais para obter conhecimento ou tirar d\u00favidas.<\/p>\n\n\n\n<p>Sobre prescri\u00e7\u00e3o de rem\u00e9dios, Jaber v\u00ea uma tend\u00eancia comum nos pacientes psiqui\u00e1tricos de conseguir mais receitas do que seria necess\u00e1rio. Neste momento de pandemia, ele atribui esse movimento a tr\u00eas fatores: o custo muitas vezes inacess\u00edvel das consultas; a redu\u00e7\u00e3o da capacidade do atendimento p\u00fablico aos pacientes psiqui\u00e1tricos; e o receio do paciente de n\u00e3o ter o rem\u00e9dio \u00e0 m\u00e3o, em um momento de crise.<\/p>\n\n\n\n<p class=\"has-white-color has-vivid-cyan-blue-background-color has-text-color has-background\">Quer saber as not\u00edcias do <strong>Aconteceu no Vale<\/strong> em primeira m\u00e3o? Siga-nos no Facebook <a rel=\"noreferrer noopener\" href=\"http:\/\/facebook.com\/aconteceunovale\" target=\"_blank\">@aconteceunovale<\/a>, Twitter <a rel=\"noreferrer noopener\" href=\"https:\/\/twitter.com\/noticiadosvales\" target=\"_blank\">@noticiadosvales<\/a> e Instagram <a rel=\"noreferrer noopener\" href=\"https:\/\/www.instagram.com\/aconteceunovale\" target=\"_blank\">@aconteceunovale<\/a>.<\/p>\n","protected":false},"excerpt":{"rendered":"<p>No contexto da pandemia do novo coronav\u00edrus (covid-19) e do isolamento imposto para conter a dissemina\u00e7\u00e3o da covid-19, aumentou o uso das plataformas&nbsp;online&nbsp;de videoconfer\u00eancia como forma de manter o contato social entre as pessoas. Mas o excesso de encontros virtuais acabou produzindo uma esp\u00e9cie de \u201cfadiga do&nbsp;zoom\u201d, segundo identificou a Associa\u00e7\u00e3o Brasileira de Psiquiatria (ABP). [&hellip;]<\/p>\n","protected":false},"author":4,"featured_media":171236,"comment_status":"open","ping_status":"closed","sticky":false,"template":"","format":"standard","meta":{"amp_status":"","footnotes":""},"categories":[6,40242],"tags":[179791,233226,233229,232443,233228,214884,216498,233225,233224,233221,233223,218364,233227,233222,147244,28873],"class_list":["post-171235","post","type-post","status-publish","format-standard","has-post-thumbnail","hentry","category-br","category-saude-2","tag-abp","tag-antonio-geraldo-da-silva","tag-aperj","tag-associacao-brasileira-de-psiquiatria","tag-associacao-de-psiquiatria-do-estado-do-rio-de-janeiro","tag-coronavirus","tag-covid-19","tag-disseminacao-do-coronavirus","tag-encontros-virtuais","tag-excesso-de-videoconferencias","tag-fadida-do-zoom","tag-isolamento-social","tag-jorge-jaber","tag-problemsa-com-videoconferencais","tag-saude-mental","tag-sus"],"_links":{"self":[{"href":"https:\/\/aconteceunovale.com.br\/portal\/index.php?rest_route=\/wp\/v2\/posts\/171235","targetHints":{"allow":["GET"]}}],"collection":[{"href":"https:\/\/aconteceunovale.com.br\/portal\/index.php?rest_route=\/wp\/v2\/posts"}],"about":[{"href":"https:\/\/aconteceunovale.com.br\/portal\/index.php?rest_route=\/wp\/v2\/types\/post"}],"author":[{"embeddable":true,"href":"https:\/\/aconteceunovale.com.br\/portal\/index.php?rest_route=\/wp\/v2\/users\/4"}],"replies":[{"embeddable":true,"href":"https:\/\/aconteceunovale.com.br\/portal\/index.php?rest_route=%2Fwp%2Fv2%2Fcomments&post=171235"}],"version-history":[{"count":1,"href":"https:\/\/aconteceunovale.com.br\/portal\/index.php?rest_route=\/wp\/v2\/posts\/171235\/revisions"}],"predecessor-version":[{"id":171237,"href":"https:\/\/aconteceunovale.com.br\/portal\/index.php?rest_route=\/wp\/v2\/posts\/171235\/revisions\/171237"}],"wp:featuredmedia":[{"embeddable":true,"href":"https:\/\/aconteceunovale.com.br\/portal\/index.php?rest_route=\/wp\/v2\/media\/171236"}],"wp:attachment":[{"href":"https:\/\/aconteceunovale.com.br\/portal\/index.php?rest_route=%2Fwp%2Fv2%2Fmedia&parent=171235"}],"wp:term":[{"taxonomy":"category","embeddable":true,"href":"https:\/\/aconteceunovale.com.br\/portal\/index.php?rest_route=%2Fwp%2Fv2%2Fcategories&post=171235"},{"taxonomy":"post_tag","embeddable":true,"href":"https:\/\/aconteceunovale.com.br\/portal\/index.php?rest_route=%2Fwp%2Fv2%2Ftags&post=171235"}],"curies":[{"name":"wp","href":"https:\/\/api.w.org\/{rel}","templated":true}]}}