{"id":171231,"date":"2020-12-26T18:20:32","date_gmt":"2020-12-26T21:20:32","guid":{"rendered":"https:\/\/aconteceunovale.com.br\/portal\/?p=171231"},"modified":"2020-12-26T18:23:27","modified_gmt":"2020-12-26T21:23:27","slug":"corpo-da-juiza-assassinada-pelo-ex-marido-e-cremado","status":"publish","type":"post","link":"https:\/\/aconteceunovale.com.br\/portal\/?p=171231","title":{"rendered":"Corpo da ju\u00edza assassinada pelo ex-marido \u00e9 cremado"},"content":{"rendered":"\n<p>O corpo da ju\u00edza Viviane Vieira do Amaral Arronenzi, de 45 anos, foi cremado na manh\u00e3 de hoje (26) no Cemit\u00e9rio da Penit\u00eancia, no Rio de Janeiro. Antes da cerim\u00f4nia houve um vel\u00f3rio com a participa\u00e7\u00e3o restrita a pessoas da fam\u00edlia e amigos. O assassino, segundo a Pol\u00edcia Civil do Rio de Janeiro, \u00e9 o ex-marido&nbsp; Paulo Jos\u00e9 Arronenzi, de 52 anos.&nbsp;<img decoding=\"async\" src=\"https:\/\/agenciabrasil.ebc.com.br\/ebc.png?id=1397395&amp;o=node\"><img decoding=\"async\" src=\"https:\/\/agenciabrasil.ebc.com.br\/ebc.gif?id=1397395&amp;o=node\"><\/p>\n\n\n\n<p>A ju\u00edza foi morta a facadas, no in\u00edcio da noite de quinta-feira (24). De acordo com a Guarda Municipal, as tr\u00eas filhas pequenas, que estavam com os pais presenciaram o crime, que ocorreu em frente ao Col\u00e9gio Estadual Vicente Jannuzzi, na Barra da Tijuca, zona oeste da cidade.<\/p>\n\n\n\n<p>No vel\u00f3rio que antecedeu a crema\u00e7\u00e3o, o clima era de muita tristeza e revolta com a viol\u00eancia a que a ju\u00edza foi v\u00edtima. \u201cComo o crime foi muito brutal, todo mundo ficou revoltado com a situa\u00e7\u00e3o, ainda mais se tratando de quem era a v\u00edtima, uma pessoa doce, cordial e amada por todos. O clima \u00e9 de muita tristeza e revolta\u201d, disse \u00e0\u00a0Ag\u00eancia Brasil\u00a0o presidente da Associa\u00e7\u00e3o dos Magistrados do Estado do Rio de Janeiro (Amaerj), Felipe Gon\u00e7alves.<\/p>\n\n\n\n<p>A av\u00f3 materna das tr\u00eas filhas da ju\u00edza ficar\u00e1 com a guarda provis\u00f3ria das netas, duas de sete anos e uma de nove, por decis\u00e3o do plant\u00e3o judici\u00e1rio de Niter\u00f3i, munic\u00edpio onde as crian\u00e7as moravam com a m\u00e3e. \u201c\u00c9 uma guarda provis\u00f3ria, porque \u00e9 uma medida antecipat\u00f3ria do que se pretende no final do processo, que \u00e9 a av\u00f3 ter a guarda definitiva das crian\u00e7as. Ent\u00e3o, se faz um pedido de liminar para que o juiz aprecie no in\u00edcio do processo esse pedido de guarda. \u00c9 uma guarda provis\u00f3ria at\u00e9 o julgamento do processo e a guarda se tornar definitiva\u201d, explicou Felipe Gon\u00e7alves, acrescentando que a guarda acabar\u00e1 sendo compartilhada com uma tia das meninas que j\u00e1 morava com elas.<\/p>\n\n\n\n<p>Gon\u00e7alves disse que a Amaerj permanecer\u00e1 prestando assist\u00eancia tanto jur\u00eddica como social aos parentes da ju\u00edza e os advogados da institui\u00e7\u00e3o est\u00e3o \u00e0 disposi\u00e7\u00e3o para que a fam\u00edlia possa continuar com as a\u00e7\u00f5es relativas \u00e0 guarda e como assist\u00eancia de acusa\u00e7\u00e3o.<\/p>\n\n\n\n<p>Por agress\u00f5es passadas do ex-marido, a ju\u00edza assassinada teve, por um per\u00edodo, escolta da seguran\u00e7a do Tribunal de Justi\u00e7a do Rio de Janeiro (TJRJ), mas suspendeu a medida protetiva. O presidente da Amaerj disse que esse \u00e9 um comportamento comum em v\u00edtimas que come\u00e7am a confiar novamente no agressor ap\u00f3s ele mostrar que mudou de comportamento.&nbsp;<\/p>\n\n\n\n<p>Gon\u00e7alves disse que nesse momento \u00e9 que costumam ocorrer os crimes mais graves. Segundo o magistrado, esse \u00e9 um quadro de evolu\u00e7\u00e3o de uma viol\u00eancia menor para maior, depois do agressor se mostrar arrependido. \u201cAs agress\u00f5es come\u00e7am com um xingamento, desmoraliza\u00e7\u00e3o da mulher, com viol\u00eancia psicol\u00f3gica junto com viol\u00eancia patrimonial e depois acaba culminando em viol\u00eancia f\u00edsica. Normalmente, o r\u00e9u se mostra arrependido e parte para retomar a confian\u00e7a da v\u00edtima. Quando ela se convence pede ao juiz para retirar a medida protetiva\u201d, disse.<\/p>\n\n\n\n<p>\u201cPor isso h\u00e1 necessidade das v\u00edtimas com medidas protetivas irem at\u00e9 o final do processo, deixarem o estado sancionar o r\u00e9u, impor ao r\u00e9u um tratamento psicol\u00f3gico, uma pena que costuma ser branda, mas deixar o r\u00e9u ciente que aquele comportamento \u00e9 criminoso e pode acarretar em uma san\u00e7\u00e3o criminal\u201d, disse.<\/p>\n\n\n\n<figure class=\"wp-block-gallery columns-1 is-cropped wp-block-gallery-1 is-layout-flex wp-block-gallery-is-layout-flex\"><ul class=\"blocks-gallery-grid\"><li class=\"blocks-gallery-item\"><figure><img loading=\"lazy\" decoding=\"async\" width=\"678\" height=\"402\" src=\"https:\/\/aconteceunovale.com.br\/portal\/wp-content\/uploads\/2020\/12\/juiza_viviane-1.jpg\" alt=\"\" data-id=\"171233\" data-full-url=\"https:\/\/aconteceunovale.com.br\/portal\/wp-content\/uploads\/2020\/12\/juiza_viviane-1.jpg\" data-link=\"https:\/\/aconteceunovale.com.br\/portal\/?attachment_id=171233\" class=\"wp-image-171233\" srcset=\"https:\/\/aconteceunovale.com.br\/portal\/wp-content\/uploads\/2020\/12\/juiza_viviane-1.jpg 678w, https:\/\/aconteceunovale.com.br\/portal\/wp-content\/uploads\/2020\/12\/juiza_viviane-1-300x178.jpg 300w\" sizes=\"auto, (max-width: 678px) 100vw, 678px\" \/><figcaption class=\"blocks-gallery-item__caption\"><em>Foto: Reprodu\u00e7\u00e3o Facebook\/Viviane Vieira do Amaral Arronenzi<\/em><\/figcaption><\/figure><\/li><\/ul><\/figure>\n\n\n\n<h2 class=\"wp-block-heading\">Pris\u00e3o<\/h2>\n\n\n\n<p>Paulo Jos\u00e9 foi preso em flagrante por dois guardas municipais que estavam na base do 2\u00ba Sub Grupamento de Opera\u00e7\u00f5es de Praia, pr\u00f3ximo ao local do crime. Eles foram chamados por pessoas que viram as agress\u00f5es para ajudar a v\u00edtima, mas quando encontraram a ju\u00edza ela estava ca\u00edda no ch\u00e3o e desacordada. Por ter um corte na m\u00e3o, o ex-marido foi socorrido no Hospital Municipal Louren\u00e7o Jorge, no mesmo bairro, e, ap\u00f3s receber alta, foi levado por policiais militares para a Delegacia de Homic\u00eddios da Capital, na Barra, que \u00e9 respons\u00e1vel pelas investiga\u00e7\u00f5es.&nbsp;<\/p>\n\n\n\n<p>A delegacia instaurou inqu\u00e9rito para investigar o assassinato da ju\u00edza, e o autor do crime, al\u00e9m de preso foi autuado em flagrante por feminic\u00eddio.&nbsp;<\/p>\n\n\n\n<p>Ap\u00f3s a audi\u00eancia de cust\u00f3dia, na tarde de ontem (25), a ju\u00edza Monique Brand\u00e3o converteu a pris\u00e3o em flagrante de Paulo Jos\u00e9 Arronenzi em preventiva. O acusado do assassinato deu entrada no sistema prisional na Cadeia P\u00fablica Jos\u00e9 Frederico Marques, em Benfica, zona norte do Rio e depois foi transferido para o conjunto de pres\u00eddios de Bangu, na zona oeste.&nbsp;<\/p>\n\n\n\n<p>O presidente da Associa\u00e7\u00e3o dos Magistrados do Estado do Rio de Janeiro disse que as investiga\u00e7\u00f5es indicam que houve uma emboscada para a ju\u00edza. Ela tinha ido ao local, para levar as filhas que iriam passar o Natal com o pai.<\/p>\n\n\n\n<h2 class=\"wp-block-heading\">Outros crimes<\/h2>\n\n\n\n<p>Na tarde de ontem (25), guardas municipais da Unidade de Ordem P\u00fablica de Copacabana prenderam um homem acusado de agredir a mulher na Praia de Copacabana, na altura do Hotel Copacabana Palace, na zona sul do Rio. Os agentes faziam patrulhamento na orla da praia e avistaram um tumulto na areia e ao se aproximarem notaram que o homem estava sendo espancado por um grupo de pessoas, acusado de ter agredido a companheira, que carregava o filho no colo.<\/p>\n\n\n\n<p>Os guardas prenderam o acusado ap\u00f3s interromper a tentativa de linchamento e o levaram, junto com a mulher v\u00edtima de viol\u00eancia, para a 12\u00aa DP (Copacabana), onde o caso foi registrado com base na Lei Maria da Penha.&nbsp;<\/p>\n\n\n\n<p>A v\u00edtima, com um corte na boca em consequ\u00eancia da agress\u00e3o, foi levada pelos guardas para o Instituto M\u00e9dico Legal (IML), para ser submetida ao exame de corpo de delito.<\/p>\n\n\n\n<p>De acordo com a Guarda Municipal, foi a terceira pris\u00e3o efetuada por seus agentes em casos de viol\u00eancia contra a mulher nesta semana. A primeira ocorr\u00eancia foi na quarta-feira (23), no centro, e o acusado foi enquadrado na Lei Maria da Penha; a segunda foi a agress\u00e3o na Praia de Copacabana, e a terceira ocorr\u00eancia foi a pris\u00e3o em flagrante do ex-marido da ju\u00edza Viviane Vieira do Amaral Arronenzi.<\/p>\n\n\n\n<p class=\"has-white-color has-vivid-cyan-blue-background-color has-text-color has-background\">Quer saber as not\u00edcias do <strong>Aconteceu no Vale<\/strong> em primeira m\u00e3o? Siga-nos no Facebook <a rel=\"noreferrer noopener\" href=\"http:\/\/facebook.com\/aconteceunovale\" target=\"_blank\">@aconteceunovale<\/a>, Twitter <a rel=\"noreferrer noopener\" href=\"https:\/\/twitter.com\/noticiadosvales\" target=\"_blank\">@noticiadosvales<\/a> e Instagram <a rel=\"noreferrer noopener\" href=\"https:\/\/www.instagram.com\/aconteceunovale\" target=\"_blank\">@aconteceunovale<\/a>.<\/p>\n","protected":false},"excerpt":{"rendered":"<p>O corpo da ju\u00edza Viviane Vieira do Amaral Arronenzi, de 45 anos, foi cremado na manh\u00e3 de hoje (26) no Cemit\u00e9rio da Penit\u00eancia, no Rio de Janeiro. Antes da cerim\u00f4nia houve um vel\u00f3rio com a participa\u00e7\u00e3o restrita a pessoas da fam\u00edlia e amigos. O assassino, segundo a Pol\u00edcia Civil do Rio de Janeiro, \u00e9 o [&hellip;]<\/p>\n","protected":false},"author":4,"featured_media":171232,"comment_status":"open","ping_status":"closed","sticky":false,"template":"","format":"standard","meta":{"amp_status":"","footnotes":""},"categories":[6],"tags":[83214,233212,233210,233215,1018,233219,233213,233216,233217,233209,30158,233218,233211,73438,233220,190750,133345,1104,134141,233214],"class_list":["post-171231","post","type-post","status-publish","format-standard","has-post-thumbnail","hentry","category-br","tag-amaerj","tag-assassinato-da-juiza-viviane-vieira-do-amaral-arronenzi","tag-caso-da-juiza-viviane-vieira-do-amaral-arronenzi","tag-corpo-da-juiza-viviane-vieira-do-amaral-arronenzi-e-cremado-no-rio","tag-destaque","tag-felipe-goncalves","tag-feminicidio-juiza-viviane-vieira-do-amaral-arronenzi","tag-jose-arronenzi","tag-juiza-morta-na-frente-das-filhas","tag-juiza-viviane-vieira-do-amaral-arronenzi","tag-lei-maria-da-penha","tag-morta-a-facadas-na-frente-das-filhas","tag-morte-da-juiza-viviane-vieira-do-amaral-arronenzi","tag-niteroi","tag-paulo-jose-arronenzi","tag-pcrj","tag-policia-civil-do-rio-de-janeiro","tag-rio-de-janeiro","tag-tjrj","tag-viviane-vieira-do-amaral-arronenzi"],"_links":{"self":[{"href":"https:\/\/aconteceunovale.com.br\/portal\/index.php?rest_route=\/wp\/v2\/posts\/171231","targetHints":{"allow":["GET"]}}],"collection":[{"href":"https:\/\/aconteceunovale.com.br\/portal\/index.php?rest_route=\/wp\/v2\/posts"}],"about":[{"href":"https:\/\/aconteceunovale.com.br\/portal\/index.php?rest_route=\/wp\/v2\/types\/post"}],"author":[{"embeddable":true,"href":"https:\/\/aconteceunovale.com.br\/portal\/index.php?rest_route=\/wp\/v2\/users\/4"}],"replies":[{"embeddable":true,"href":"https:\/\/aconteceunovale.com.br\/portal\/index.php?rest_route=%2Fwp%2Fv2%2Fcomments&post=171231"}],"version-history":[{"count":1,"href":"https:\/\/aconteceunovale.com.br\/portal\/index.php?rest_route=\/wp\/v2\/posts\/171231\/revisions"}],"predecessor-version":[{"id":171234,"href":"https:\/\/aconteceunovale.com.br\/portal\/index.php?rest_route=\/wp\/v2\/posts\/171231\/revisions\/171234"}],"wp:featuredmedia":[{"embeddable":true,"href":"https:\/\/aconteceunovale.com.br\/portal\/index.php?rest_route=\/wp\/v2\/media\/171232"}],"wp:attachment":[{"href":"https:\/\/aconteceunovale.com.br\/portal\/index.php?rest_route=%2Fwp%2Fv2%2Fmedia&parent=171231"}],"wp:term":[{"taxonomy":"category","embeddable":true,"href":"https:\/\/aconteceunovale.com.br\/portal\/index.php?rest_route=%2Fwp%2Fv2%2Fcategories&post=171231"},{"taxonomy":"post_tag","embeddable":true,"href":"https:\/\/aconteceunovale.com.br\/portal\/index.php?rest_route=%2Fwp%2Fv2%2Ftags&post=171231"}],"curies":[{"name":"wp","href":"https:\/\/api.w.org\/{rel}","templated":true}]}}