{"id":171228,"date":"2020-12-26T10:46:34","date_gmt":"2020-12-26T13:46:34","guid":{"rendered":"https:\/\/aconteceunovale.com.br\/portal\/?p=171228"},"modified":"2020-12-26T10:47:11","modified_gmt":"2020-12-26T13:47:11","slug":"edital-para-concurso-da-prf-deve-sair-em-janeiro","status":"publish","type":"post","link":"https:\/\/aconteceunovale.com.br\/portal\/?p=171228","title":{"rendered":"Edital para concurso da PRF deve sair em janeiro"},"content":{"rendered":"\n<p>Pelo menos 1,5 mil novos agentes da&nbsp;Pol\u00edcia Rodovi\u00e1ria Federal (PRF) devem integrar a corpora\u00e7\u00e3o em 2021. Segundo o diretor-geral da PRF, Eduardo Aggio,&nbsp;o&nbsp;concurso&nbsp;ter\u00e1 500 excedentes, al\u00e9m das 1.500 vagas imediatas autorizadas, totalizando 2 mil novos policiais&nbsp;rodovi\u00e1rios.&nbsp;<img decoding=\"async\" src=\"https:\/\/agenciabrasil.ebc.com.br\/ebc.png?id=1397340&amp;o=node\"><img decoding=\"async\" src=\"https:\/\/agenciabrasil.ebc.com.br\/ebc.gif?id=1397340&amp;o=node\"><\/p>\n\n\n\n<p>Embora o&nbsp;prazo para a publica\u00e7\u00e3o do edital de abertura do concurso p\u00fablico seja&nbsp;de seis meses, contados&nbsp;a partir da publica\u00e7\u00e3o da portaria, Aggio&nbsp;adiantou que&nbsp;a banca organizadora do concurso ser\u00e1 definida ainda este m\u00eas para que o edital saia nos primeiros dias&nbsp;de janeiro.<\/p>\n\n\n\n<p>Assim como no \u00faltimo concurso, de 2018, a nova sele\u00e7\u00e3o contar\u00e1 com provas objetivas e dissertativas, an\u00e1lise de t\u00edtulos, testes de aptid\u00e3o f\u00edsica, avalia\u00e7\u00e3o psicol\u00f3gica, avalia\u00e7\u00e3o biopsicossocial, avalia\u00e7\u00e3o de sa\u00fade, investiga\u00e7\u00e3o social e curso de forma\u00e7\u00e3o.\u00a0A autoriza\u00e7\u00e3o para o concurso foi publicada nessa quinta-feira\u00a0(24\/12\/2020) no\u00a0<em><a rel=\"noreferrer noopener\" href=\"https:\/\/www.in.gov.br\/en\/web\/dou\/-\/portaria-sedgg\/me-n-25.412-de-23-de-dezembro-de-2020-29615469\" target=\"_blank\">Di\u00e1rio Oficial da Uni\u00e3o<\/a>.<\/em>\u00a0<\/p>\n\n\n\n<p>No Twitter, a PRF comemorou a publica\u00e7\u00e3o da portaria com a autoriza\u00e7\u00e3o do Minist\u00e9rio da Economia para o concurso.\u00a0<em>\u201cSeja tudo o que voc\u00ea pode ser!!! Assinada h\u00e1 poucos instantes a autoriza\u00e7\u00e3o para concurso p\u00fablico para o provimento de 1.500 cargos de Policial Rodovi\u00e1rio Federal. Investimentos in\u00e9ditos que se traduzem em resultados hist\u00f3ricos.\u201d<\/em><\/p>\n\n\n\n<p class=\"has-white-color has-vivid-cyan-blue-background-color has-text-color has-background\">Quer saber as not\u00edcias do <strong>Aconteceu no Vale<\/strong> em primeira m\u00e3o? Siga-nos no Facebook <a rel=\"noreferrer noopener\" href=\"http:\/\/facebook.com\/aconteceunovale\" target=\"_blank\">@aconteceunovale<\/a>, Twitter <a rel=\"noreferrer noopener\" href=\"https:\/\/twitter.com\/noticiadosvales\" target=\"_blank\">@noticiadosvales<\/a> e Instagram <a rel=\"noreferrer noopener\" href=\"https:\/\/www.instagram.com\/aconteceunovale\" target=\"_blank\">@aconteceunovale<\/a>.<\/p>\n","protected":false},"excerpt":{"rendered":"<p>Pelo menos 1,5 mil novos agentes da&nbsp;Pol\u00edcia Rodovi\u00e1ria Federal (PRF) devem integrar a corpora\u00e7\u00e3o em 2021. Segundo o diretor-geral da PRF, Eduardo Aggio,&nbsp;o&nbsp;concurso&nbsp;ter\u00e1 500 excedentes, al\u00e9m das 1.500 vagas imediatas autorizadas, totalizando 2 mil novos policiais&nbsp;rodovi\u00e1rios.&nbsp; Embora o&nbsp;prazo para a publica\u00e7\u00e3o do edital de abertura do concurso p\u00fablico seja&nbsp;de seis meses, contados&nbsp;a partir da publica\u00e7\u00e3o [&hellip;]<\/p>\n","protected":false},"author":4,"featured_media":171229,"comment_status":"open","ping_status":"closed","sticky":false,"template":"","format":"standard","meta":{"amp_status":"","footnotes":""},"categories":[6,40237,40236],"tags":[233204,233206,233205,233203,233208,233207],"class_list":["post-171228","post","type-post","status-publish","format-standard","has-post-thumbnail","hentry","category-br","category-concursos","category-empregos-2","tag-concurso-da-prf","tag-concurso-publico-da-prf","tag-edital-para-concurso-da-prf","tag-edital-para-concurso-da-prf-deve-sair-em-janeiro","tag-oportunidade-na-prf","tag-trabalho-na-prf"],"_links":{"self":[{"href":"https:\/\/aconteceunovale.com.br\/portal\/index.php?rest_route=\/wp\/v2\/posts\/171228","targetHints":{"allow":["GET"]}}],"collection":[{"href":"https:\/\/aconteceunovale.com.br\/portal\/index.php?rest_route=\/wp\/v2\/posts"}],"about":[{"href":"https:\/\/aconteceunovale.com.br\/portal\/index.php?rest_route=\/wp\/v2\/types\/post"}],"author":[{"embeddable":true,"href":"https:\/\/aconteceunovale.com.br\/portal\/index.php?rest_route=\/wp\/v2\/users\/4"}],"replies":[{"embeddable":true,"href":"https:\/\/aconteceunovale.com.br\/portal\/index.php?rest_route=%2Fwp%2Fv2%2Fcomments&post=171228"}],"version-history":[{"count":1,"href":"https:\/\/aconteceunovale.com.br\/portal\/index.php?rest_route=\/wp\/v2\/posts\/171228\/revisions"}],"predecessor-version":[{"id":171230,"href":"https:\/\/aconteceunovale.com.br\/portal\/index.php?rest_route=\/wp\/v2\/posts\/171228\/revisions\/171230"}],"wp:featuredmedia":[{"embeddable":true,"href":"https:\/\/aconteceunovale.com.br\/portal\/index.php?rest_route=\/wp\/v2\/media\/171229"}],"wp:attachment":[{"href":"https:\/\/aconteceunovale.com.br\/portal\/index.php?rest_route=%2Fwp%2Fv2%2Fmedia&parent=171228"}],"wp:term":[{"taxonomy":"category","embeddable":true,"href":"https:\/\/aconteceunovale.com.br\/portal\/index.php?rest_route=%2Fwp%2Fv2%2Fcategories&post=171228"},{"taxonomy":"post_tag","embeddable":true,"href":"https:\/\/aconteceunovale.com.br\/portal\/index.php?rest_route=%2Fwp%2Fv2%2Ftags&post=171228"}],"curies":[{"name":"wp","href":"https:\/\/api.w.org\/{rel}","templated":true}]}}