{"id":171226,"date":"2020-12-26T10:42:43","date_gmt":"2020-12-26T13:42:43","guid":{"rendered":"https:\/\/aconteceunovale.com.br\/portal\/?p=171226"},"modified":"2020-12-26T10:43:12","modified_gmt":"2020-12-26T13:43:12","slug":"presidente-sanciona-lei-que-regulamenta-repasses-do-novo-fundeb","status":"publish","type":"post","link":"https:\/\/aconteceunovale.com.br\/portal\/?p=171226","title":{"rendered":"Presidente sanciona lei que regulamenta repasses do novo Fundeb"},"content":{"rendered":"\n<p>O presidente Jair Bolsonaro sancionou, sem vetos, o projeto de lei que regulamenta o novo Fundo de Manuten\u00e7\u00e3o e Desenvolvimento da Educa\u00e7\u00e3o B\u00e1sica e de Valoriza\u00e7\u00e3o dos Profissionais da Educa\u00e7\u00e3o (Fundeb). O texto foi publicado em\u00a0<a rel=\"noreferrer noopener\" href=\"https:\/\/www.in.gov.br\/en\/web\/dou\/-\/lei-n-14.113-de-25-de-dezembro-de-2020-296390151\" target=\"_blank\"><strong>edi\u00e7\u00e3o extra\u00a0<\/strong><\/a>do\u00a0<em>Di\u00e1rio Oficial da Uni\u00e3o<\/em>, na noite de sexta-feira (25\/12\/2020), feriado de natal.<\/p>\n\n\n\n<p>Estabelecido pela Emenda Constitucional n\u00ba 108\/20, promulgada em agosto, o Fundeb dependia de uma lei regulamentando a forma do repasse dos recursos. Com as mudan\u00e7as, o fundo se torna permanente a partir de 2021 para financiar a educa\u00e7\u00e3o infantil e os ensinos fundamental e m\u00e9dio nas redes p\u00fablicas.<\/p>\n\n\n\n<p>O Fundeb \u00e9 composto de 20% da receita de oito impostos estaduais e municipais, como ICMS, ITR e IPVA, e de valores transferidos de impostos federais. Em 2019, o fundo custeou R$ 156,3 bilh\u00f5es para a rede p\u00fablica.<\/p>\n\n\n\n<p>Com o novo fundo, o Congresso aumentou a participa\u00e7\u00e3o da Uni\u00e3o no financiamento da educa\u00e7\u00e3o b\u00e1sica. A participa\u00e7\u00e3o federal passa dos atuais 10% para 23%. O aumento \u00e9 escalonado. No ano que vem, o percentual passa para 12%. Em 2022, 15%; em 2023, 17%; em 2024, 19%; em 2025, 21%; e a partir de 2026, 23%.<\/p>\n\n\n\n<p>&#8220;Essa emenda ampliou a complementa\u00e7\u00e3o a ser feita pela Uni\u00e3o ao Fundo, deu prioridade \u00e0 educa\u00e7\u00e3o infantil para aplica\u00e7\u00e3o dos recursos, fortaleceu os conselhos para maior fiscaliza\u00e7\u00e3o e controle, valorizou os profissionais de educa\u00e7\u00e3o ao reservar 70% dos recursos do fundo para pagamento de sua remunera\u00e7\u00e3o, criou mecanismos para melhoria de gest\u00e3o, entre outros aprimoramentos&#8221;, informou Secretaria Geral da Presid\u00eancia da Rep\u00fablica, em nota.<\/p>\n\n\n\n<p>O texto agora sancionado pelo presidente da Rep\u00fablica foi\u00a0aprovado no \u00faltimo dia 17 de dezembro\u00a0pela C\u00e2mara dos Deputados. Os parlamentares chegaram a incluir uma emenda que possibilitava a destina\u00e7\u00e3o de 10% dos recursos do Fundeb para institui\u00e7\u00f5es filantr\u00f3picas comunit\u00e1rias, confessionais e para educa\u00e7\u00e3o profissionalizante, inclusive promovida por entidades do Sistema S (Senai e Senac). O trecho, no entanto, acabou sendo retirado durante a\u00a0tramita\u00e7\u00e3o no Senado, ap\u00f3s press\u00e3o de entidades em defesa da educa\u00e7\u00e3o p\u00fablica e partidos de oposi\u00e7\u00e3o.\u00a0<\/p>\n\n\n\n<p>Os valores alocados pelo governo federal ser\u00e3o distribu\u00eddos para os munic\u00edpios que n\u00e3o alcan\u00e7arem o valor anual m\u00ednimo aplicado por aluno na educa\u00e7\u00e3o. O Fundeb permanente adota refer\u00eancia de valor por aluno no c\u00e1lculo para distribui\u00e7\u00e3o de recursos da complementa\u00e7\u00e3o da Uni\u00e3o.<\/p>\n\n\n\n<p>O texto tamb\u00e9m traz as pondera\u00e7\u00f5es, a rela\u00e7\u00e3o com o n\u00famero de matr\u00edculas e os indicadores a serem verificados para a distribui\u00e7\u00e3o de recursos, al\u00e9m de detalhar como se dar\u00e1 o acompanhamento da avalia\u00e7\u00e3o, monitoramento, controle social, comprova\u00e7\u00e3o e fiscaliza\u00e7\u00e3o dos recursos a serem empregados.<\/p>\n\n\n\n<p class=\"has-white-color has-vivid-cyan-blue-background-color has-text-color has-background\">Quer saber as not\u00edcias do <strong>Aconteceu no Vale<\/strong> em primeira m\u00e3o? Siga-nos no Facebook <a rel=\"noreferrer noopener\" href=\"http:\/\/facebook.com\/aconteceunovale\" target=\"_blank\">@aconteceunovale<\/a>, Twitter <a rel=\"noreferrer noopener\" href=\"https:\/\/twitter.com\/noticiadosvales\" target=\"_blank\">@noticiadosvales<\/a> e Instagram <a rel=\"noreferrer noopener\" href=\"https:\/\/www.instagram.com\/aconteceunovale\" target=\"_blank\">@aconteceunovale<\/a>.<\/p>\n","protected":false},"excerpt":{"rendered":"<p>O presidente Jair Bolsonaro sancionou, sem vetos, o projeto de lei que regulamenta o novo Fundo de Manuten\u00e7\u00e3o e Desenvolvimento da Educa\u00e7\u00e3o B\u00e1sica e de Valoriza\u00e7\u00e3o dos Profissionais da Educa\u00e7\u00e3o (Fundeb). O texto foi publicado em\u00a0edi\u00e7\u00e3o extra\u00a0do\u00a0Di\u00e1rio Oficial da Uni\u00e3o, na noite de sexta-feira (25\/12\/2020), feriado de natal. Estabelecido pela Emenda Constitucional n\u00ba 108\/20, promulgada [&hellip;]<\/p>\n","protected":false},"author":4,"featured_media":114832,"comment_status":"open","ping_status":"closed","sticky":false,"template":"","format":"standard","meta":{"amp_status":"","footnotes":""},"categories":[6,40238],"tags":[100375,1018,29111,26436,233199,174222,233197,233200,233201,233198,233202],"class_list":["post-171226","post","type-post","status-publish","format-standard","has-post-thumbnail","hentry","category-br","category-educacao-2","tag-bolsonaro","tag-destaque","tag-fundeb","tag-jair-bolsonaro","tag-novo-fundeb","tag-presidente-jair-bolsonaro","tag-presidente-sanciona-lei-que-regulamenta-repasses-do-novo-fundeb","tag-recursos-do-fundeb","tag-repasse-de-recursos-do-fundeb","tag-repasses-do-novo-fundeb","tag-verba-do-fundeb"],"_links":{"self":[{"href":"https:\/\/aconteceunovale.com.br\/portal\/index.php?rest_route=\/wp\/v2\/posts\/171226","targetHints":{"allow":["GET"]}}],"collection":[{"href":"https:\/\/aconteceunovale.com.br\/portal\/index.php?rest_route=\/wp\/v2\/posts"}],"about":[{"href":"https:\/\/aconteceunovale.com.br\/portal\/index.php?rest_route=\/wp\/v2\/types\/post"}],"author":[{"embeddable":true,"href":"https:\/\/aconteceunovale.com.br\/portal\/index.php?rest_route=\/wp\/v2\/users\/4"}],"replies":[{"embeddable":true,"href":"https:\/\/aconteceunovale.com.br\/portal\/index.php?rest_route=%2Fwp%2Fv2%2Fcomments&post=171226"}],"version-history":[{"count":1,"href":"https:\/\/aconteceunovale.com.br\/portal\/index.php?rest_route=\/wp\/v2\/posts\/171226\/revisions"}],"predecessor-version":[{"id":171227,"href":"https:\/\/aconteceunovale.com.br\/portal\/index.php?rest_route=\/wp\/v2\/posts\/171226\/revisions\/171227"}],"wp:featuredmedia":[{"embeddable":true,"href":"https:\/\/aconteceunovale.com.br\/portal\/index.php?rest_route=\/wp\/v2\/media\/114832"}],"wp:attachment":[{"href":"https:\/\/aconteceunovale.com.br\/portal\/index.php?rest_route=%2Fwp%2Fv2%2Fmedia&parent=171226"}],"wp:term":[{"taxonomy":"category","embeddable":true,"href":"https:\/\/aconteceunovale.com.br\/portal\/index.php?rest_route=%2Fwp%2Fv2%2Fcategories&post=171226"},{"taxonomy":"post_tag","embeddable":true,"href":"https:\/\/aconteceunovale.com.br\/portal\/index.php?rest_route=%2Fwp%2Fv2%2Ftags&post=171226"}],"curies":[{"name":"wp","href":"https:\/\/api.w.org\/{rel}","templated":true}]}}