{"id":171223,"date":"2020-12-26T10:35:48","date_gmt":"2020-12-26T13:35:48","guid":{"rendered":"https:\/\/aconteceunovale.com.br\/portal\/?p=171223"},"modified":"2020-12-26T10:36:14","modified_gmt":"2020-12-26T13:36:14","slug":"segunda-etapa-de-vacinacao-contra-a-febre-aftosa-alcanca-indice-de-975-em-minas-gerais","status":"publish","type":"post","link":"https:\/\/aconteceunovale.com.br\/portal\/?p=171223","title":{"rendered":"Segunda etapa de vacina\u00e7\u00e3o contra a febre aftosa alcan\u00e7a \u00edndice de 97,5% em Minas Gerais"},"content":{"rendered":"\n<p>Minas Gerais vacinou 97,5% dos animais contra a febre aftosa, superando novamente a meta de cobertura acima de 90% em todo o rebanho. A segunda etapa da campanha envolveu cerca de 300 mil pecuaristas que imunizaram 9,8 milh\u00f5es de bovinos e bubalinos com idade entre zero e 24 meses. A vacina\u00e7\u00e3o foi realizada no m\u00eas passado em todo o estado e o produtor rural p\u00f4de comprov\u00e1-la at\u00e9 10\/12. Preservar a sanidade do rebanho e manter o compromisso com o agroneg\u00f3cio mineiro est\u00e3o entre os objetivos da a\u00e7\u00e3o.<\/p>\n\n\n\n<p>M\u00e9dico veterin\u00e1rio do Instituto Mineiro de Agropecu\u00e1ria (IMA) e coordenador estadual do Programa de Vigil\u00e2ncia da Febre Aftosa, Natanael Lamas Dias, refor\u00e7a que o alto \u00edndice alcan\u00e7ado mostra o cuidado do produtor mineiro com seu rebanho. \u201cA imuniza\u00e7\u00e3o mant\u00e9m a sanidade dos animais e o reconhecimento internacional de zona livre com vacina\u00e7\u00e3o, obtido pelo estado junto \u00e0 Organiza\u00e7\u00e3o Mundial de Sa\u00fade Animal (OIE). O status sanit\u00e1rio favorece o agroneg\u00f3cio e o acesso a mercados internacionais\u201d, lembra.<\/p>\n\n\n\n<p>O pecuarista declarou a vacina\u00e7\u00e3o dos animais usando o formato eletr\u00f4nico disponibilizado em\u00a0<a rel=\"noreferrer noopener\" href=\"http:\/\/www.ima.mg.gov.br\/\" target=\"_blank\">www.ima.mg.gov.br<\/a>\u00a0e no Portal de Servi\u00e7os do Produtor. Uma outra op\u00e7\u00e3o foi o envio da declara\u00e7\u00e3o para o e-mail do escrit\u00f3rio do IMA correspondente. Nos munic\u00edpios em que as unidades estiveram abertas as declara\u00e7\u00f5es puderam ser realizadas de forma presencial.<\/p>\n\n\n\n<figure class=\"wp-block-gallery columns-1 is-cropped wp-block-gallery-1 is-layout-flex wp-block-gallery-is-layout-flex\"><ul class=\"blocks-gallery-grid\"><li class=\"blocks-gallery-item\"><figure><img loading=\"lazy\" decoding=\"async\" width=\"675\" height=\"450\" src=\"https:\/\/aconteceunovale.com.br\/portal\/wp-content\/uploads\/2020\/12\/boi_mg.jpg\" alt=\"\" data-id=\"171224\" data-full-url=\"https:\/\/aconteceunovale.com.br\/portal\/wp-content\/uploads\/2020\/12\/boi_mg.jpg\" data-link=\"https:\/\/aconteceunovale.com.br\/portal\/?attachment_id=171224\" class=\"wp-image-171224\" srcset=\"https:\/\/aconteceunovale.com.br\/portal\/wp-content\/uploads\/2020\/12\/boi_mg.jpg 675w, https:\/\/aconteceunovale.com.br\/portal\/wp-content\/uploads\/2020\/12\/boi_mg-300x200.jpg 300w, https:\/\/aconteceunovale.com.br\/portal\/wp-content\/uploads\/2020\/12\/boi_mg-630x420.jpg 630w\" sizes=\"auto, (max-width: 675px) 100vw, 675px\" \/><figcaption class=\"blocks-gallery-item__caption\"><em>Foto: Divulga\u00e7\u00e3o \/ IMA<\/em><\/figcaption><\/figure><\/li><\/ul><\/figure>\n\n\n\n<p><strong>Vacina\u00e7\u00e3o em 2021<\/strong><\/p>\n\n\n\n<p>Minas Gerais continuar\u00e1 tendo vacina\u00e7\u00e3o contra a febre aftosa em 2021. Em raz\u00e3o da pandemia, a retirada da imuniza\u00e7\u00e3o prevista para o pr\u00f3ximo ano foi revista pela equipe gestora do Plano Estrat\u00e9gico do Programa Nacional de Vigil\u00e2ncia para a Febre Aftosa (PNEFA). Os estados que comp\u00f5em o bloco IV do PNEFA e que buscam o novo status sanit\u00e1rio s\u00e3o, al\u00e9m de Minas Gerais, Bahia, Distrito Federal, Esp\u00edrito Santo, Goi\u00e1s, Mato Grosso, Mato Grosso do Sul, Rio de Janeiro, S\u00e3o Paulo, Sergipe e Tocantins.<\/p>\n\n\n\n<p>\u201cO principal objetivo do plano estrat\u00e9gico \u00e9 criar e manter condi\u00e7\u00f5es sustent\u00e1veis para garantir que o pa\u00eds permane\u00e7a livre da febre aftosa. Com o almejado status sanit\u00e1rio, ampliam-se as zonas livres de febre aftosa sem vacina\u00e7\u00e3o e o acesso a novos mercados. Minas Gerais precisa demonstrar cada vez mais efic\u00e1cia em seu processo de vigil\u00e2ncia da doen\u00e7a e no atendimento aos requisitos sanit\u00e1rios acordados com seus parceiros comerciais\u201d, explica o coordenador da iniciativa.<\/p>\n\n\n\n<p class=\"has-white-color has-vivid-cyan-blue-background-color has-text-color has-background\">Quer saber as not\u00edcias do <strong>Aconteceu no Vale<\/strong> em primeira m\u00e3o? Siga-nos no Facebook <a rel=\"noreferrer noopener\" href=\"http:\/\/facebook.com\/aconteceunovale\" target=\"_blank\">@aconteceunovale<\/a>, Twitter <a rel=\"noreferrer noopener\" href=\"https:\/\/twitter.com\/noticiadosvales\" target=\"_blank\">@noticiadosvales<\/a> e Instagram <a rel=\"noreferrer noopener\" href=\"https:\/\/www.instagram.com\/aconteceunovale\" target=\"_blank\">@aconteceunovale<\/a>.<\/p>\n","protected":false},"excerpt":{"rendered":"<p>Minas Gerais vacinou 97,5% dos animais contra a febre aftosa, superando novamente a meta de cobertura acima de 90% em todo o rebanho. A segunda etapa da campanha envolveu cerca de 300 mil pecuaristas que imunizaram 9,8 milh\u00f5es de bovinos e bubalinos com idade entre zero e 24 meses. A vacina\u00e7\u00e3o foi realizada no m\u00eas [&hellip;]<\/p>\n","protected":false},"author":4,"featured_media":171224,"comment_status":"open","ping_status":"closed","sticky":false,"template":"","format":"standard","meta":{"amp_status":"","footnotes":""},"categories":[123],"tags":[229857,1018,20955,229859,229856,3641,460,229855,229858],"class_list":["post-171223","post","type-post","status-publish","format-standard","has-post-thumbnail","hentry","category-gerais","tag-aftosa-minas-gerais","tag-destaque","tag-ima","tag-imunizacao-do-gado-em-minas-gerais","tag-imunizacao-do-rebanho-contra-aftosa","tag-vacinacao-contra-aftosa","tag-vacinacao-contra-febre-aftosa","tag-vacinacao-contra-febre-aftosa-entra-na-segunda-etapa","tag-vacinacao-do-gado-em-minas-gerais"],"_links":{"self":[{"href":"https:\/\/aconteceunovale.com.br\/portal\/index.php?rest_route=\/wp\/v2\/posts\/171223","targetHints":{"allow":["GET"]}}],"collection":[{"href":"https:\/\/aconteceunovale.com.br\/portal\/index.php?rest_route=\/wp\/v2\/posts"}],"about":[{"href":"https:\/\/aconteceunovale.com.br\/portal\/index.php?rest_route=\/wp\/v2\/types\/post"}],"author":[{"embeddable":true,"href":"https:\/\/aconteceunovale.com.br\/portal\/index.php?rest_route=\/wp\/v2\/users\/4"}],"replies":[{"embeddable":true,"href":"https:\/\/aconteceunovale.com.br\/portal\/index.php?rest_route=%2Fwp%2Fv2%2Fcomments&post=171223"}],"version-history":[{"count":1,"href":"https:\/\/aconteceunovale.com.br\/portal\/index.php?rest_route=\/wp\/v2\/posts\/171223\/revisions"}],"predecessor-version":[{"id":171225,"href":"https:\/\/aconteceunovale.com.br\/portal\/index.php?rest_route=\/wp\/v2\/posts\/171223\/revisions\/171225"}],"wp:featuredmedia":[{"embeddable":true,"href":"https:\/\/aconteceunovale.com.br\/portal\/index.php?rest_route=\/wp\/v2\/media\/171224"}],"wp:attachment":[{"href":"https:\/\/aconteceunovale.com.br\/portal\/index.php?rest_route=%2Fwp%2Fv2%2Fmedia&parent=171223"}],"wp:term":[{"taxonomy":"category","embeddable":true,"href":"https:\/\/aconteceunovale.com.br\/portal\/index.php?rest_route=%2Fwp%2Fv2%2Fcategories&post=171223"},{"taxonomy":"post_tag","embeddable":true,"href":"https:\/\/aconteceunovale.com.br\/portal\/index.php?rest_route=%2Fwp%2Fv2%2Ftags&post=171223"}],"curies":[{"name":"wp","href":"https:\/\/api.w.org\/{rel}","templated":true}]}}