{"id":171209,"date":"2020-12-24T21:28:10","date_gmt":"2020-12-25T00:28:10","guid":{"rendered":"https:\/\/aconteceunovale.com.br\/portal\/?p=171209"},"modified":"2020-12-24T21:28:27","modified_gmt":"2020-12-25T00:28:27","slug":"brasil-registra-quase-60-mil-novos-infectados-por-covid-19-em-24h","status":"publish","type":"post","link":"https:\/\/aconteceunovale.com.br\/portal\/?p=171209","title":{"rendered":"Brasil registra quase 60 mil novos infectados por Covid-19 em 24h"},"content":{"rendered":"\n<p>O balan\u00e7o divulgado nesta quinta-feira (24\/12\/2020) pelo Minist\u00e9rio da Sa\u00fade aponta 58.428 novos casos de Covid-19 confirmados nas \u00faltimas 24 horas. S\u00e3o 7.423.945 infectados&nbsp;desde o in\u00edcio da pandemia. Foram registradas 762 mortes de ontem para hoje, totalizando 189.982 \u00f3bitos.&nbsp;<\/p>\n\n\n\n<p>Segundo a pasta, 6.448.740 pessoas (86,9%) se recuperaram da Covid-19. Outras 785.223 (10,6) est\u00e3o em acompanhamento.<\/p>\n\n\n\n<figure class=\"wp-block-image size-large\"><img loading=\"lazy\" decoding=\"async\" width=\"754\" height=\"422\" src=\"https:\/\/aconteceunovale.com.br\/portal\/wp-content\/uploads\/2020\/12\/covid_br.jpg\" alt=\"\" class=\"wp-image-171210\" srcset=\"https:\/\/aconteceunovale.com.br\/portal\/wp-content\/uploads\/2020\/12\/covid_br.jpg 754w, https:\/\/aconteceunovale.com.br\/portal\/wp-content\/uploads\/2020\/12\/covid_br-300x168.jpg 300w, https:\/\/aconteceunovale.com.br\/portal\/wp-content\/uploads\/2020\/12\/covid_br-696x390.jpg 696w, https:\/\/aconteceunovale.com.br\/portal\/wp-content\/uploads\/2020\/12\/covid_br-750x420.jpg 750w\" sizes=\"auto, (max-width: 754px) 100vw, 754px\" \/><\/figure>\n\n\n\n<p>O balan\u00e7o do minist\u00e9rio \u00e9 feito a partir de registros reunidos pelas secretarias estaduais de Sa\u00fade e enviados \u00e0 pasta para consolida\u00e7\u00e3o.<\/p>\n\n\n\n<h2 class=\"wp-block-heading\">Covid-19 nos estados<\/h2>\n\n\n\n<p>S\u00e3o Paulo se mant\u00e9m com o maior n\u00famero de casos e chegou a 1.418.491 pessoas contaminadas. Os outros estados com maior n\u00famero de casos no pa\u00eds s\u00e3o Minas Gerais (516.188) e Bahia (479.553). J\u00e1 o Acre tem o menor n\u00famero de casos (40.638), seguido de Amap\u00e1 (66.132) e Roraima (68.107).<\/p>\n\n\n\n<p class=\"has-white-color has-vivid-cyan-blue-background-color has-text-color has-background\">Quer saber as not\u00edcias do <strong>Aconteceu no Vale<\/strong> em primeira m\u00e3o? Siga-nos no Facebook <a rel=\"noreferrer noopener\" href=\"http:\/\/facebook.com\/aconteceunovale\" target=\"_blank\">@aconteceunovale<\/a>, Twitter <a rel=\"noreferrer noopener\" href=\"https:\/\/twitter.com\/noticiadosvales\" target=\"_blank\">@noticiadosvales<\/a> e Instagram <a rel=\"noreferrer noopener\" href=\"https:\/\/www.instagram.com\/aconteceunovale\" target=\"_blank\">@aconteceunovale<\/a>.<\/p>\n","protected":false},"excerpt":{"rendered":"<p>O balan\u00e7o divulgado nesta quinta-feira (24\/12\/2020) pelo Minist\u00e9rio da Sa\u00fade aponta 58.428 novos casos de Covid-19 confirmados nas \u00faltimas 24 horas. S\u00e3o 7.423.945 infectados&nbsp;desde o in\u00edcio da pandemia. Foram registradas 762 mortes de ontem para hoje, totalizando 189.982 \u00f3bitos.&nbsp; Segundo a pasta, 6.448.740 pessoas (86,9%) se recuperaram da Covid-19. Outras 785.223 (10,6) est\u00e3o em acompanhamento. [&hellip;]<\/p>\n","protected":false},"author":4,"featured_media":171210,"comment_status":"open","ping_status":"closed","sticky":false,"template":"","format":"standard","meta":{"amp_status":"","footnotes":""},"categories":[6,40242],"tags":[4785,220477,233180,220660,219520,218049,218205,214884,215394,216498,218043,19326,220349,218044,218045,215653,218206,219105,219104,218876,219519,140166,217692,220478,220479,220944,220945],"class_list":["post-171209","post","type-post","status-publish","format-standard","has-post-thumbnail","hentry","category-br","category-saude-2","tag-brasil","tag-brasil-bate-recorde-de-obitos-e-casos-confirmados-em-um-dia","tag-brasil-registra-quase-60-mil-novos-infectados-por-covid-19-em-24h","tag-brasil-ultrapassa-marca-de-4-mil-obitos-por-covid-19","tag-casos-confirmados-e-obitos-no-brasil","tag-casos-de-coronavirus-no-brasil","tag-casos-de-covid-19-no-brasil","tag-coronavirus","tag-coronavirus-no-brasil","tag-covid-19","tag-covid-19-no-brasil","tag-ministerio-da-saude","tag-ministerio-da-saude-atualiza-numeros-do-coronavirus-no-brasil","tag-mortes-por-coronavirus-no-brasil","tag-mortes-por-covid-19-no-brasil","tag-novo-coronavirus","tag-numero-de-casos-de-covid-19-confirmados-no-brasil","tag-numeros-da-covid-19-no-brasil","tag-numeros-do-coronavirus-no-brasil","tag-obitos-por-coronavirus-no-brasil","tag-obitos-por-covid-19-no-brasil","tag-pandemia","tag-pandemia-de-coronavirus","tag-recorde-de-obitos-por-coronavirus-no-brasil","tag-recorde-de-obitos-por-covid-19-no-brasil","tag-virus-vai-atingir-70-da-populacao","tag-virus-vai-atingir-70-da-populacao-diz-jair-bolsonaro"],"_links":{"self":[{"href":"https:\/\/aconteceunovale.com.br\/portal\/index.php?rest_route=\/wp\/v2\/posts\/171209","targetHints":{"allow":["GET"]}}],"collection":[{"href":"https:\/\/aconteceunovale.com.br\/portal\/index.php?rest_route=\/wp\/v2\/posts"}],"about":[{"href":"https:\/\/aconteceunovale.com.br\/portal\/index.php?rest_route=\/wp\/v2\/types\/post"}],"author":[{"embeddable":true,"href":"https:\/\/aconteceunovale.com.br\/portal\/index.php?rest_route=\/wp\/v2\/users\/4"}],"replies":[{"embeddable":true,"href":"https:\/\/aconteceunovale.com.br\/portal\/index.php?rest_route=%2Fwp%2Fv2%2Fcomments&post=171209"}],"version-history":[{"count":1,"href":"https:\/\/aconteceunovale.com.br\/portal\/index.php?rest_route=\/wp\/v2\/posts\/171209\/revisions"}],"predecessor-version":[{"id":171211,"href":"https:\/\/aconteceunovale.com.br\/portal\/index.php?rest_route=\/wp\/v2\/posts\/171209\/revisions\/171211"}],"wp:featuredmedia":[{"embeddable":true,"href":"https:\/\/aconteceunovale.com.br\/portal\/index.php?rest_route=\/wp\/v2\/media\/171210"}],"wp:attachment":[{"href":"https:\/\/aconteceunovale.com.br\/portal\/index.php?rest_route=%2Fwp%2Fv2%2Fmedia&parent=171209"}],"wp:term":[{"taxonomy":"category","embeddable":true,"href":"https:\/\/aconteceunovale.com.br\/portal\/index.php?rest_route=%2Fwp%2Fv2%2Fcategories&post=171209"},{"taxonomy":"post_tag","embeddable":true,"href":"https:\/\/aconteceunovale.com.br\/portal\/index.php?rest_route=%2Fwp%2Fv2%2Ftags&post=171209"}],"curies":[{"name":"wp","href":"https:\/\/api.w.org\/{rel}","templated":true}]}}