{"id":171200,"date":"2020-12-24T10:58:16","date_gmt":"2020-12-24T13:58:16","guid":{"rendered":"https:\/\/aconteceunovale.com.br\/portal\/?p=171200"},"modified":"2020-12-24T10:58:57","modified_gmt":"2020-12-24T13:58:57","slug":"brasil-proibe-voos-do-reino-unido-e-da-irlanda-do-norte","status":"publish","type":"post","link":"https:\/\/aconteceunovale.com.br\/portal\/?p=171200","title":{"rendered":"Brasil pro\u00edbe voos do Reino Unido e da Irlanda do Norte"},"content":{"rendered":"\n<p><a rel=\"noreferrer noopener\" href=\"https:\/\/www.in.gov.br\/en\/web\/dou\/-\/portaria-n-648-de-23-de-dezembro-de-2020-296122366\" target=\"_blank\">Portaria publicada em edi\u00e7\u00e3o extra do\u00a0<em>Di\u00e1rio Oficial da Uni\u00e3o<\/em><\/a>\u00a0na noite de ontem (23\/12\/2020) pro\u00edbe, em car\u00e1ter tempor\u00e1rio, a entrada no pa\u00eds de voos com origem ou passagem pelo Reino Unido e Irlanda do Norte. A portaria restringe, tamb\u00e9m, a entrada de estrangeiros por fronteiras terrestres e aquavi\u00e1rias.<img decoding=\"async\" src=\"https:\/\/agenciabrasil.ebc.com.br\/ebc.png?id=1397259&amp;o=node\"><img decoding=\"async\" src=\"https:\/\/agenciabrasil.ebc.com.br\/ebc.gif?id=1397259&amp;o=node\"><\/p>\n\n\n\n<p>A medida foi adotada ap\u00f3s ter sido identificada nesses pa\u00edses uma variante do novo coronav\u00edrus (covid-19) que, segundo especialistas, teria uma capacidade de transmiss\u00e3o superior \u00e0 das vers\u00f5es at\u00e9 ent\u00e3o conhecidas.<\/p>\n\n\n\n<p>Assinada por tr\u00eas minist\u00e9rios, da Sa\u00fade, Justi\u00e7a e Seguran\u00e7a P\u00fablica e Casa Civil, a portaria suspende a autoriza\u00e7\u00e3o de embarque para o Brasil &#8220;de viajante estrangeiro, procedente ou com passagem&#8221; por esses pa\u00edses nos \u00faltimos 14 dias.<\/p>\n\n\n\n<p>As restri\u00e7\u00f5es n\u00e3o se aplicam a brasileiro nato ou naturalizado; imigrante com resid\u00eancia de car\u00e1ter definitivo no territ\u00f3rio brasileiro; profissional estrangeiro em miss\u00e3o a servi\u00e7o de organismo internacional, desde que identificado; funcion\u00e1rio estrangeiro acreditado junto ao governo brasileiro; estrangeiro que tenha c\u00f4njuge, companheiro, filho, pai ou curador de brasileiro, ou que tenha ingresso autorizado especificamente pelo governo brasileiro ou portador de registro nacional migrat\u00f3rio.<\/p>\n\n\n\n<p>A portaria detalha, ainda, as situa\u00e7\u00f5es em que o transporte de cargas \u00e9 autorizado, bem como as restri\u00e7\u00f5es e exce\u00e7\u00f5es \u00e0s quais estrangeiros vindos via terrestre e aqu\u00e1tica est\u00e3o sujeitos.<\/p>\n\n\n\n<p>\u201cExcepcionalmente, o estrangeiro que estiver em pa\u00eds de fronteira terrestre e precisar atravess\u00e1-la para embarcar em voo de retorno a seu pa\u00eds de resid\u00eancia poder\u00e1 ingressar na Rep\u00fablica Federativa do Brasil com autoriza\u00e7\u00e3o da Pol\u00edcia Federal\u201d, estabelece a portaria. Nesse caso, ainda segundo o texto, o estrangeiro dever\u00e1 dirigir-se diretamente ao aeroporto e ter em m\u00e3os uma demanda oficial da embaixada ou do consulado do pa\u00eds de resid\u00eancia, al\u00e9m de apresentar os bilhetes a\u00e9reos correspondentes.<\/p>\n\n\n\n<p class=\"has-white-color has-vivid-cyan-blue-background-color has-text-color has-background\">Quer saber as not\u00edcias do <strong>Aconteceu no Vale<\/strong> em primeira m\u00e3o? Siga-nos no Facebook <a rel=\"noreferrer noopener\" href=\"http:\/\/facebook.com\/aconteceunovale\" target=\"_blank\">@aconteceunovale<\/a>, Twitter <a rel=\"noreferrer noopener\" href=\"https:\/\/twitter.com\/noticiadosvales\" target=\"_blank\">@noticiadosvales<\/a> e Instagram <a rel=\"noreferrer noopener\" href=\"https:\/\/www.instagram.com\/aconteceunovale\" target=\"_blank\">@aconteceunovale<\/a>.<\/p>\n","protected":false},"excerpt":{"rendered":"<p>Portaria publicada em edi\u00e7\u00e3o extra do\u00a0Di\u00e1rio Oficial da Uni\u00e3o\u00a0na noite de ontem (23\/12\/2020) pro\u00edbe, em car\u00e1ter tempor\u00e1rio, a entrada no pa\u00eds de voos com origem ou passagem pelo Reino Unido e Irlanda do Norte. A portaria restringe, tamb\u00e9m, a entrada de estrangeiros por fronteiras terrestres e aquavi\u00e1rias. A medida foi adotada ap\u00f3s ter sido identificada [&hellip;]<\/p>\n","protected":false},"author":4,"featured_media":171201,"comment_status":"open","ping_status":"closed","sticky":false,"template":"","format":"standard","meta":{"amp_status":"","footnotes":""},"categories":[6,28848],"tags":[10950,233167,233168,23885,50808,15464,214884,216498,232974,99553,233169,175923,232977,232975,232978,23476,232976,140166,218365,78021,18919,37790,219312],"class_list":["post-171200","post","type-post","status-publish","format-standard","has-post-thumbnail","hentry","category-br","category-mundo","tag-argentina","tag-brasil-fecha-fronteiras-aereas-com-o-reino-unido-e-a-irlanda-do-norte","tag-brasil-proibe-voos-do-reino-unido-e-da-irlanda-do-norte","tag-buenos-aires","tag-chile","tag-colombia","tag-coronavirus","tag-covid-19","tag-fronteiras-aereas-com-o-reino-unido","tag-inglaterra","tag-irlanda-do-norte","tag-ivan-duque","tag-nova-cepa-de-coronavirus","tag-nova-variante-do-coronavirus","tag-novo-tipo-de-coronavirus","tag-oms","tag-paises-da-america-latina-fecham-fronteiras-aereas-com-o-reino-unido","tag-pandemia","tag-pandemia-do-coronavirus","tag-peru","tag-portugal","tag-reino-unido","tag-sars-cov-2"],"_links":{"self":[{"href":"https:\/\/aconteceunovale.com.br\/portal\/index.php?rest_route=\/wp\/v2\/posts\/171200","targetHints":{"allow":["GET"]}}],"collection":[{"href":"https:\/\/aconteceunovale.com.br\/portal\/index.php?rest_route=\/wp\/v2\/posts"}],"about":[{"href":"https:\/\/aconteceunovale.com.br\/portal\/index.php?rest_route=\/wp\/v2\/types\/post"}],"author":[{"embeddable":true,"href":"https:\/\/aconteceunovale.com.br\/portal\/index.php?rest_route=\/wp\/v2\/users\/4"}],"replies":[{"embeddable":true,"href":"https:\/\/aconteceunovale.com.br\/portal\/index.php?rest_route=%2Fwp%2Fv2%2Fcomments&post=171200"}],"version-history":[{"count":1,"href":"https:\/\/aconteceunovale.com.br\/portal\/index.php?rest_route=\/wp\/v2\/posts\/171200\/revisions"}],"predecessor-version":[{"id":171202,"href":"https:\/\/aconteceunovale.com.br\/portal\/index.php?rest_route=\/wp\/v2\/posts\/171200\/revisions\/171202"}],"wp:featuredmedia":[{"embeddable":true,"href":"https:\/\/aconteceunovale.com.br\/portal\/index.php?rest_route=\/wp\/v2\/media\/171201"}],"wp:attachment":[{"href":"https:\/\/aconteceunovale.com.br\/portal\/index.php?rest_route=%2Fwp%2Fv2%2Fmedia&parent=171200"}],"wp:term":[{"taxonomy":"category","embeddable":true,"href":"https:\/\/aconteceunovale.com.br\/portal\/index.php?rest_route=%2Fwp%2Fv2%2Fcategories&post=171200"},{"taxonomy":"post_tag","embeddable":true,"href":"https:\/\/aconteceunovale.com.br\/portal\/index.php?rest_route=%2Fwp%2Fv2%2Ftags&post=171200"}],"curies":[{"name":"wp","href":"https:\/\/api.w.org\/{rel}","templated":true}]}}