{"id":171197,"date":"2020-12-24T10:36:59","date_gmt":"2020-12-24T13:36:59","guid":{"rendered":"https:\/\/aconteceunovale.com.br\/portal\/?p=171197"},"modified":"2020-12-24T10:38:41","modified_gmt":"2020-12-24T13:38:41","slug":"der-mg-aplicou-128-mil-multas-de-transporte-rodoviario-de-passageiros","status":"publish","type":"post","link":"https:\/\/aconteceunovale.com.br\/portal\/?p=171197","title":{"rendered":"DER-MG aplicou 12,8 mil multas de transporte rodovi\u00e1rio de passageiros"},"content":{"rendered":"\n<p>O&nbsp;<a href=\"http:\/\/www.deer.mg.gov.br\/\" target=\"_blank\" rel=\"noreferrer noopener\">Departamento de Edifica\u00e7\u00f5es e Estradas de Rodagem de Minas Gerais (DER-MG)<\/a>&nbsp;realizou, entre janeiro e novembro deste ano, 6.350 opera\u00e7\u00f5es, com 12.800 multas de transporte rodovi\u00e1rio de passageiros lavradas e 450 ve\u00edculos apreendidos. Apenas na \u00e1rea de \u00e1rea de transporte coletivo foram cerca de mil opera\u00e7\u00f5es e 31.592 ve\u00edculos monitorados. As a\u00e7\u00f5es foram realizadas em todas as regi\u00f5es mineiras.<\/p>\n\n\n\n<p>A Ger\u00eancia de Controle de Infra\u00e7\u00f5es do DER-MG j\u00e1 tem computado no sistema cerca de 1,2 milh\u00e3o de autos lavrados pelos agentes da Pol\u00edcia Rodovi\u00e1ria Estadual (PRE) e por fiscais do \u00f3rg\u00e3o do Estado. Al\u00e9m disso, foram cadastrados 61.869 processos de identifica\u00e7\u00e3o de condutor infrator, 41.626 documentos de defesa e 15.188 recursos na Junta administrativa de Recursos e Infra\u00e7\u00f5es (Jari), dos quais, 8.593 j\u00e1 foram julgados.<\/p>\n\n\n\n<p>Para o diretor-geral do DER-MG, Fabr\u00edcio Torres Sampaio, o setor de fiscaliza\u00e7\u00e3o tem apresentado resultados surpreendentes, mesmo com as limita\u00e7\u00f5es impostas em 2020. \u201cO DER-MG tem uma equipe que se empenha e se dedica com afinco, sobretudo neste ano de 2020, que tem sido muito desafiador, exigindo muito dos nossos profissionais\u201d, destacou.<\/p>\n\n\n\n<figure class=\"wp-block-gallery columns-1 is-cropped wp-block-gallery-1 is-layout-flex wp-block-gallery-is-layout-flex\"><ul class=\"blocks-gallery-grid\"><li class=\"blocks-gallery-item\"><figure><img loading=\"lazy\" decoding=\"async\" width=\"600\" height=\"450\" src=\"https:\/\/aconteceunovale.com.br\/portal\/wp-content\/uploads\/2020\/12\/multas_transito.jpg\" alt=\"\" data-id=\"171198\" data-full-url=\"https:\/\/aconteceunovale.com.br\/portal\/wp-content\/uploads\/2020\/12\/multas_transito.jpg\" data-link=\"https:\/\/aconteceunovale.com.br\/portal\/?attachment_id=171198\" class=\"wp-image-171198\" srcset=\"https:\/\/aconteceunovale.com.br\/portal\/wp-content\/uploads\/2020\/12\/multas_transito.jpg 600w, https:\/\/aconteceunovale.com.br\/portal\/wp-content\/uploads\/2020\/12\/multas_transito-300x225.jpg 300w, https:\/\/aconteceunovale.com.br\/portal\/wp-content\/uploads\/2020\/12\/multas_transito-80x60.jpg 80w, https:\/\/aconteceunovale.com.br\/portal\/wp-content\/uploads\/2020\/12\/multas_transito-265x198.jpg 265w, https:\/\/aconteceunovale.com.br\/portal\/wp-content\/uploads\/2020\/12\/multas_transito-560x420.jpg 560w\" sizes=\"auto, (max-width: 600px) 100vw, 600px\" \/><figcaption class=\"blocks-gallery-item__caption\"><em>Foto: Divulga\u00e7\u00e3o \/ DER-MG<\/em><\/figcaption><\/figure><\/li><\/ul><\/figure>\n\n\n\n<p><strong>Educa\u00e7\u00e3o<\/strong><\/p>\n\n\n\n<p>A equipe de Educa\u00e7\u00e3o para o Tr\u00e2nsito tamb\u00e9m apresentou o seu balan\u00e7o. O tema \u201cEduca\u00e7\u00e3o para o Tr\u00e2nsito\u201d foi inclu\u00eddo nos cadernos do Plano de Estudo Tutorado (PET), da rede de ensino estadual, cujo conte\u00fado contemplou 631.709 alunos do ensino m\u00e9dio. Al\u00e9m disso, o programa \u201cSe Liga na Educa\u00e7\u00e3o\u201d, da&nbsp;<a href=\"http:\/\/ww2.redeminas.tv\/\" target=\"_blank\" rel=\"noreferrer noopener\">Rede Minas<\/a>, tamb\u00e9m tratou do assunto e tirou d\u00favidas dos estudantes.<\/p>\n\n\n\n<p><strong>Avan\u00e7os<\/strong><\/p>\n\n\n\n<p>Diretor de Opera\u00e7\u00e3o Vi\u00e1ria, Anderson Tavares Abras adiantou que, no pr\u00f3ximo ano, o n\u00famero de radares ser\u00e1 ampliado, inclusive com equipamentos mais modernos que permitir\u00e3o a leitura de placas. Al\u00e9m disso, est\u00e1 prevista a volta das balan\u00e7as e a utiliza\u00e7\u00e3o de talon\u00e1rios eletr\u00f4nicos. \u201cA tend\u00eancia \u00e9 usar cada vez mais a tecnologia a nosso favor para dar mais agilidade em nossas a\u00e7\u00f5es e nos processos\u201d, afirmou.<\/p>\n\n\n\n<p class=\"has-white-color has-vivid-cyan-blue-background-color has-text-color has-background\">Quer saber as not\u00edcias do <strong>Aconteceu no Vale<\/strong> em primeira m\u00e3o? Siga-nos no Facebook <a rel=\"noreferrer noopener\" href=\"http:\/\/facebook.com\/aconteceunovale\" target=\"_blank\">@aconteceunovale<\/a>, Twitter <a rel=\"noreferrer noopener\" href=\"https:\/\/twitter.com\/noticiadosvales\" target=\"_blank\">@noticiadosvales<\/a> e Instagram <a rel=\"noreferrer noopener\" href=\"https:\/\/www.instagram.com\/aconteceunovale\" target=\"_blank\">@aconteceunovale<\/a>.<\/p>\n","protected":false},"excerpt":{"rendered":"<p>O&nbsp;Departamento de Edifica\u00e7\u00f5es e Estradas de Rodagem de Minas Gerais (DER-MG)&nbsp;realizou, entre janeiro e novembro deste ano, 6.350 opera\u00e7\u00f5es, com 12.800 multas de transporte rodovi\u00e1rio de passageiros lavradas e 450 ve\u00edculos apreendidos. Apenas na \u00e1rea de \u00e1rea de transporte coletivo foram cerca de mil opera\u00e7\u00f5es e 31.592 ve\u00edculos monitorados. As a\u00e7\u00f5es foram realizadas em todas [&hellip;]<\/p>\n","protected":false},"author":4,"featured_media":171198,"comment_status":"open","ping_status":"closed","sticky":false,"template":"","format":"standard","meta":{"amp_status":"","footnotes":""},"categories":[123],"tags":[233166,215389,221372,233161,233162,233163,233165,233164],"class_list":["post-171197","post","type-post","status-publish","format-standard","has-post-thumbnail","hentry","category-gerais","tag-anderson-tavares-abras","tag-der-mg-2","tag-fabricio-torres-sampaio","tag-multas-de-transito-em-minas-gerais","tag-multas-no-transito-em-minas-gerais","tag-multas-transporte-rodoviario-de-passageiros-em-minas-gerais","tag-operacao-viaria","tag-transporte-rodoviario-de-passageiros-em-minas-gerais"],"_links":{"self":[{"href":"https:\/\/aconteceunovale.com.br\/portal\/index.php?rest_route=\/wp\/v2\/posts\/171197","targetHints":{"allow":["GET"]}}],"collection":[{"href":"https:\/\/aconteceunovale.com.br\/portal\/index.php?rest_route=\/wp\/v2\/posts"}],"about":[{"href":"https:\/\/aconteceunovale.com.br\/portal\/index.php?rest_route=\/wp\/v2\/types\/post"}],"author":[{"embeddable":true,"href":"https:\/\/aconteceunovale.com.br\/portal\/index.php?rest_route=\/wp\/v2\/users\/4"}],"replies":[{"embeddable":true,"href":"https:\/\/aconteceunovale.com.br\/portal\/index.php?rest_route=%2Fwp%2Fv2%2Fcomments&post=171197"}],"version-history":[{"count":1,"href":"https:\/\/aconteceunovale.com.br\/portal\/index.php?rest_route=\/wp\/v2\/posts\/171197\/revisions"}],"predecessor-version":[{"id":171199,"href":"https:\/\/aconteceunovale.com.br\/portal\/index.php?rest_route=\/wp\/v2\/posts\/171197\/revisions\/171199"}],"wp:featuredmedia":[{"embeddable":true,"href":"https:\/\/aconteceunovale.com.br\/portal\/index.php?rest_route=\/wp\/v2\/media\/171198"}],"wp:attachment":[{"href":"https:\/\/aconteceunovale.com.br\/portal\/index.php?rest_route=%2Fwp%2Fv2%2Fmedia&parent=171197"}],"wp:term":[{"taxonomy":"category","embeddable":true,"href":"https:\/\/aconteceunovale.com.br\/portal\/index.php?rest_route=%2Fwp%2Fv2%2Fcategories&post=171197"},{"taxonomy":"post_tag","embeddable":true,"href":"https:\/\/aconteceunovale.com.br\/portal\/index.php?rest_route=%2Fwp%2Fv2%2Ftags&post=171197"}],"curies":[{"name":"wp","href":"https:\/\/api.w.org\/{rel}","templated":true}]}}