{"id":171144,"date":"2020-12-22T23:20:35","date_gmt":"2020-12-23T02:20:35","guid":{"rendered":"https:\/\/aconteceunovale.com.br\/portal\/?p=171144"},"modified":"2020-12-22T23:21:09","modified_gmt":"2020-12-23T02:21:09","slug":"primeiras-doses-da-vacina-desenvolvida-pela-universidade-de-oxford-estarao-disponiveis-em-fevereiro","status":"publish","type":"post","link":"https:\/\/aconteceunovale.com.br\/portal\/?p=171144","title":{"rendered":"Primeiras doses da vacina desenvolvida pela Universidade de Oxford estar\u00e3o dispon\u00edveis em fevereiro"},"content":{"rendered":"\n<p>As primeiras doses da vacina desenvolvida pela Universidade de Oxford, em parceria com a farmac\u00eautica AstraZeneca, finalizadas no Brasil, estar\u00e3o dispon\u00edveis na semana do dia 8 de fevereiro. Em audi\u00eancia p\u00fablica na Comiss\u00e3o Externa de Enfrentamento \u00e0 Covid-19, da C\u00e2mara dos Deputados, nesta ter\u00e7a-feira (22), a presidente da Funda\u00e7\u00e3o Oswaldo Cruz (Fiocruz), N\u00edsia Trindade, disse que,&nbsp;pelo calend\u00e1rio programado, nas semanas de 8 a 12 de fevereiro e de 15 a 19 de fevereiro, ser\u00e3o entregues 1 milh\u00e3o de doses. A&nbsp;partir da terceira semana, de 22 a 26 de fevereiro, ser\u00e3o 700 mil doses di\u00e1rias da vacina, totalizando 3,5 milh\u00f5es de doses por semana.<img decoding=\"async\" src=\"https:\/\/agenciabrasil.ebc.com.br\/ebc.png?id=1397099&amp;o=node\"><img decoding=\"async\" src=\"https:\/\/agenciabrasil.ebc.com.br\/ebc.gif?id=1397099&amp;o=node\"><\/p>\n\n\n\n<p>A programa\u00e7\u00e3o, no entanto, depender\u00e1 do registro dos imunizantes pela Ag\u00eancia Nacional de Vigil\u00e2ncia Sanit\u00e1ria (Anvisa).&nbsp;<\/p>\n\n\n\n<p>Na mesma audi\u00eancia, o secret\u00e1rio de Vigil\u00e2ncia em Sa\u00fade do Minist\u00e9rio da Sa\u00fade, Arnaldo Medeiros, disse que, al\u00e9m da vacina produzida pela Fiocruz, as negocia\u00e7\u00f5es do Brasil com a Pfizer est\u00e3o avan\u00e7adas e o contrato j\u00e1 em processo de finaliza\u00e7\u00e3o. Em parceria com o laborat\u00f3rio alem\u00e3o BioNtech, a&nbsp; Pfizer produziu a primeira vacina aprovada internacionalmente contra a covid-19. \u201cA expectativa \u00e9 de 8 milh\u00f5es de doses no primeiro semestre de 2021 e de outras 62 milh\u00f5es de doses no segundo semestre do ano que vem, totalizando 70 milh\u00f5es de doses da vacina da Pfizer em 2021.&#8221;<\/p>\n\n\n\n<p>Outro contrato tamb\u00e9m adiantado, segundo o Minist\u00e9rio da Sa\u00fade, \u00e9 com o Instituto Butantan para 46 milh\u00f5es de doses da CoronaVac. A partir de janeiro, depois de aprovado por ag\u00eancia regulat\u00f3ria, ser\u00e3o adquiridas 9 milh\u00f5es de doses em janeiro, 15 milh\u00f5es em fevereiro e 22 milh\u00f5es em mar\u00e7o, de acordo com cronograma de entrega proposto pelo Butantan. \u201cOntem tivemos reuni\u00e3o [com o Butantan] para expandir essa compra para 100 milh\u00f5es no primeiro semestre\u201d, disse o secret\u00e1rio.<\/p>\n\n\n\n<p>Ainda sobre a aquisi\u00e7\u00e3o de vacinas, Medeiros tamb\u00e9m adiantou aos deputados que o cons\u00f3rcio Covax Facility, iniciativa global capitaneada pela Organiza\u00e7\u00e3o Mundial da Sa\u00fade (OMS), \u201cmuito em breve\u201d disponibilizar\u00e1 doses da vacina para o Brasil. O que n\u00e3o se sabe ainda \u00e9 a qual das vacinas via cons\u00f3rcio o Brasil ter\u00e1 acesso primeiro.<\/p>\n\n\n\n<figure class=\"wp-block-gallery columns-1 is-cropped wp-block-gallery-1 is-layout-flex wp-block-gallery-is-layout-flex\"><ul class=\"blocks-gallery-grid\"><li class=\"blocks-gallery-item\"><figure><img loading=\"lazy\" decoding=\"async\" width=\"678\" height=\"406\" src=\"https:\/\/aconteceunovale.com.br\/portal\/wp-content\/uploads\/2020\/12\/presidente_fiocruz.jpg\" alt=\"\" data-id=\"171145\" data-full-url=\"https:\/\/aconteceunovale.com.br\/portal\/wp-content\/uploads\/2020\/12\/presidente_fiocruz.jpg\" data-link=\"https:\/\/aconteceunovale.com.br\/portal\/?attachment_id=171145\" class=\"wp-image-171145\" srcset=\"https:\/\/aconteceunovale.com.br\/portal\/wp-content\/uploads\/2020\/12\/presidente_fiocruz.jpg 678w, https:\/\/aconteceunovale.com.br\/portal\/wp-content\/uploads\/2020\/12\/presidente_fiocruz-300x180.jpg 300w\" sizes=\"auto, (max-width: 678px) 100vw, 678px\" \/><figcaption class=\"blocks-gallery-item__caption\"><em>N\u00edsia Trindade &#8211; Foto: Peter Ilicciev\/Fiocruz<\/em><\/figcaption><\/figure><\/li><\/ul><\/figure>\n\n\n\n<h2 class=\"wp-block-heading\">Emerg\u00eancia<\/h2>\n\n\n\n<p>A presidente da Fiocruz destacou que o Brasil tamb\u00e9m est\u00e1 em esfor\u00e7o grande para conseguir doses prontas para uso em car\u00e1ter emergencial. Nesse caso, desde que haja registro por algum \u00f3rg\u00e3o internacional equivalente \u00e0 Anvisa, a ag\u00eancia brasileira poder\u00e1 liberar a vacina\u00e7\u00e3o emergencial em at\u00e9 dez dias.&nbsp;<\/p>\n\n\n\n<p>\u201cEstamos em um esfor\u00e7o junto com o ministro da Sa\u00fade [Eduardo Pazuello] para uma vez a vacina tendo registro, e est\u00e1 previsto o registro possivelmente no Reino Unido e na Comunidade Europeia, nas ag\u00eancias de vigil\u00e2ncia que t\u00eam equival\u00eancia com a Anvisa, para, se poss\u00edvel, termos vacinas prontas enquanto estamos processando essa produ\u00e7\u00e3o. Esse \u00e9 um esfor\u00e7o adicional, mas \u00e9 dif\u00edcil porque em todo mundo foram feitas v\u00e1rias contratualiza\u00e7\u00f5es da vacina. Estamos tentando os dois caminhos\u201d, ressaltou N\u00edsia Trindade.&nbsp;<\/p>\n\n\n\n<p>Segundo N\u00edsia, na semana que vem est\u00e1 prevista uma reuni\u00e3o de t\u00e9cnicos brasileiros com a dire\u00e7\u00e3o da AstraZeneca para tratar do assunto.<\/p>\n\n\n\n<h2 class=\"wp-block-heading\">Seringas<\/h2>\n\n\n\n<p>A aquisi\u00e7\u00e3o de seringas para a imuniza\u00e7\u00e3o tamb\u00e9m foi questionada pelos deputados. Segundo Arnaldo Medeiros, o preg\u00e3o est\u00e1 aberto para a compra de 330 milh\u00f5es de seringas. \u201cA expectativa \u00e9 de que o fechamento do contrato seja 10 de janeiro, est\u00e1 tudo encaminhado\u201d, garantiu. Paralelamente, ele disse que est\u00e1 sendo montado um curso para preparar os profissionais que v\u00e3o atuar na vacina\u00e7\u00e3o.<\/p>\n\n\n\n<p class=\"has-white-color has-vivid-cyan-blue-background-color has-text-color has-background\">Quer saber as not\u00edcias do <strong>Aconteceu no Vale<\/strong> em primeira m\u00e3o? Siga-nos no Facebook <a rel=\"noreferrer noopener\" href=\"http:\/\/facebook.com\/aconteceunovale\" target=\"_blank\">@aconteceunovale<\/a>, Twitter <a rel=\"noreferrer noopener\" href=\"https:\/\/twitter.com\/noticiadosvales\" target=\"_blank\">@noticiadosvales<\/a> e Instagram <a rel=\"noreferrer noopener\" href=\"https:\/\/www.instagram.com\/aconteceunovale\" target=\"_blank\">@aconteceunovale<\/a>.<\/p>\n","protected":false},"excerpt":{"rendered":"<p>As primeiras doses da vacina desenvolvida pela Universidade de Oxford, em parceria com a farmac\u00eautica AstraZeneca, finalizadas no Brasil, estar\u00e3o dispon\u00edveis na semana do dia 8 de fevereiro. Em audi\u00eancia p\u00fablica na Comiss\u00e3o Externa de Enfrentamento \u00e0 Covid-19, da C\u00e2mara dos Deputados, nesta ter\u00e7a-feira (22), a presidente da Funda\u00e7\u00e3o Oswaldo Cruz (Fiocruz), N\u00edsia Trindade, disse [&hellip;]<\/p>\n","protected":false},"author":4,"featured_media":171145,"comment_status":"open","ping_status":"closed","sticky":false,"template":"","format":"standard","meta":{"amp_status":"","footnotes":""},"categories":[6,40242],"tags":[2278,224214,224638,224211,214884,216498,1018,224636,81258,105724,224479,43376,224213,224635,19326,224483,215653,140166,219687,224485,218365,219103,224484,224482,224481,224480,224637,224212,224215,78002,80737,224210,219773,160110],"class_list":["post-171144","post","type-post","status-publish","format-standard","has-post-thumbnail","hentry","category-br","category-saude-2","tag-anvisa","tag-astrazeneca","tag-astrazeneca-brazil","tag-chadox1-ncov-19","tag-coronavirus","tag-covid-19","tag-destaque","tag-diretora-do-grupo-astrazeneca","tag-fundacao-lemann","tag-governo-brasileiro","tag-governo-brasileiro-anuncia-parceria-para-producao-de-vacina-contra-covid-19","tag-instituto-butantan","tag-jorge-paulo-lemann","tag-maria-augusta-bernardini","tag-ministerio-da-saude","tag-ministerio-da-saude-brasileiro-anuncia-parceria-para-producao-de-vacina-contra-covid-19","tag-novo-coronavirus","tag-pandemia","tag-pandemia-da-covid-19","tag-pandemia-da-covid-19-no-brasil","tag-pandemia-do-coronavirus","tag-pandemia-do-coronavirus-no-brasil","tag-pandemia-no-brasil","tag-parceria-para-producao-de-vacina-contra-covid-19","tag-parceria-para-vacina-contra-covid-19","tag-producao-de-vacina-contra-covid-19","tag-reino-unido-no-brasil","tag-teste-da-vacina-chadox1-ncov-19","tag-testes-com-vacina-contra-covid-19-comecam-em-sao-paulo","tag-unifesp","tag-universidade-de-oxford","tag-vacina-chadox1-ncov-19","tag-vacina-contra-covid-19","tag-vijay-rangarajan"],"_links":{"self":[{"href":"https:\/\/aconteceunovale.com.br\/portal\/index.php?rest_route=\/wp\/v2\/posts\/171144","targetHints":{"allow":["GET"]}}],"collection":[{"href":"https:\/\/aconteceunovale.com.br\/portal\/index.php?rest_route=\/wp\/v2\/posts"}],"about":[{"href":"https:\/\/aconteceunovale.com.br\/portal\/index.php?rest_route=\/wp\/v2\/types\/post"}],"author":[{"embeddable":true,"href":"https:\/\/aconteceunovale.com.br\/portal\/index.php?rest_route=\/wp\/v2\/users\/4"}],"replies":[{"embeddable":true,"href":"https:\/\/aconteceunovale.com.br\/portal\/index.php?rest_route=%2Fwp%2Fv2%2Fcomments&post=171144"}],"version-history":[{"count":1,"href":"https:\/\/aconteceunovale.com.br\/portal\/index.php?rest_route=\/wp\/v2\/posts\/171144\/revisions"}],"predecessor-version":[{"id":171146,"href":"https:\/\/aconteceunovale.com.br\/portal\/index.php?rest_route=\/wp\/v2\/posts\/171144\/revisions\/171146"}],"wp:featuredmedia":[{"embeddable":true,"href":"https:\/\/aconteceunovale.com.br\/portal\/index.php?rest_route=\/wp\/v2\/media\/171145"}],"wp:attachment":[{"href":"https:\/\/aconteceunovale.com.br\/portal\/index.php?rest_route=%2Fwp%2Fv2%2Fmedia&parent=171144"}],"wp:term":[{"taxonomy":"category","embeddable":true,"href":"https:\/\/aconteceunovale.com.br\/portal\/index.php?rest_route=%2Fwp%2Fv2%2Fcategories&post=171144"},{"taxonomy":"post_tag","embeddable":true,"href":"https:\/\/aconteceunovale.com.br\/portal\/index.php?rest_route=%2Fwp%2Fv2%2Ftags&post=171144"}],"curies":[{"name":"wp","href":"https:\/\/api.w.org\/{rel}","templated":true}]}}