{"id":171141,"date":"2020-12-22T23:17:00","date_gmt":"2020-12-23T02:17:00","guid":{"rendered":"https:\/\/aconteceunovale.com.br\/portal\/?p=171141"},"modified":"2020-12-22T23:17:21","modified_gmt":"2020-12-23T02:17:21","slug":"presidente-do-superior-tribunal-de-justica-concede-prisao-domiciliar-a-marcelo-crivella","status":"publish","type":"post","link":"https:\/\/aconteceunovale.com.br\/portal\/?p=171141","title":{"rendered":"Presidente do Superior Tribunal de Justi\u00e7a concede pris\u00e3o domiciliar a Marcelo Crivella"},"content":{"rendered":"\n<p>O presidente do Superior Tribunal de Justi\u00e7a (STJ), ministro Humberto Martins, concedeu\u00a0hoje\u00a0(22\/12\/2020) pris\u00e3o domiciliar ao prefeito afastado do Rio\u00a0de Janeiro, Marcelo Crivella. Pela decis\u00e3o, Crivella ser\u00e1 monitorado por tornozeleira eletr\u00f4nica e est\u00e1 proibido de manter contato com terceiros e de falar ao telefone. Ele tamb\u00e9m dever\u00e1 entregar aparelhos telef\u00f4nicos, computadores e\u00a0<em>tablets<\/em>\u00a0\u00e0s autoridades.<img decoding=\"async\" src=\"https:\/\/agenciabrasil.ebc.com.br\/ebc.png?id=1397145&amp;o=node\"><img decoding=\"async\" src=\"https:\/\/agenciabrasil.ebc.com.br\/ebc.gif?id=1397145&amp;o=node\"><\/p>\n\n\n\n<p>Na manh\u00e3 de\u00a0hoje,\u00a0Crivella\u00a0foi preso\u00a0por determina\u00e7\u00e3o da desembargadora Rosa Helena Penna Macedo Guita, da 2\u00aa C\u00e2mara Criminal do Tribunal de Justi\u00e7a do Rio\u00a0de Janeiro.\u00a0A pris\u00e3o do prefeito e de outros investigados foi realizada em a\u00e7\u00e3o do Minist\u00e9rio P\u00fablico do Estado do Rio\u00a0de Janeiro\u00a0(MPRJ) e da Pol\u00edcia Civil, como\u00a0desdobramento da Opera\u00e7\u00e3o Hades, que apura corrup\u00e7\u00e3o na prefeitura da cidade e tem como base a dela\u00e7\u00e3o do doleiro Sergio Mizrahy.<\/p>\n\n\n\n<p>Na decis\u00e3o, o presidente do STJ entendeu que Crivella pode cumprir medidas cautelares diversas da pris\u00e3o. \u201cN\u00e3o obstante o ju\u00edzo tenha apontado elementos que, em tese, justifiquem a pris\u00e3o preventiva, entendo que n\u00e3o ficou caracterizada a impossibilidade de ado\u00e7\u00e3o de medida cautelar substitutiva menos gravosa\u201d, afirmou o presidente da corte.<\/p>\n\n\n\n<p>No\u00a0<em>habeas corpus<\/em>, a\u00a0defesa de Crivella\u00a0afirmou que a pris\u00e3o \u00e9 ilegal e uma demonstra\u00e7\u00e3o de criminaliza\u00e7\u00e3o da pol\u00edtica. \u201cA pris\u00e3o foi decretada com base em presun\u00e7\u00f5es gen\u00e9ricas e abstratas, desamparadas de qualquer base legal, sendo certo que o prefeito\u00a0ter\u00e1 sua inoc\u00eancia demonstrada no curso do processo.\u201d, declararam os advogados.<\/p>\n\n\n\n<p>Ao chegar \u00e0 Cidade da Pol\u00edcia ap\u00f3s ser preso, o prefeito atribuiu a sua pris\u00e3o a uma persegui\u00e7\u00e3o pol\u00edtica. \u201cPersegui\u00e7\u00e3o pol\u00edtica. Lutei contra o ped\u00e1gio ilegal e injusto, tirei recursos do carnaval, negociei com o VLT. Foi o governo que mais atuou contra a corrup\u00e7\u00e3o no Rio\u00a0de Janeiro\u201d, afirmou.<\/p>\n\n\n\n<figure class=\"wp-block-gallery columns-1 is-cropped wp-block-gallery-1 is-layout-flex wp-block-gallery-is-layout-flex\"><ul class=\"blocks-gallery-grid\"><li class=\"blocks-gallery-item\"><figure><img loading=\"lazy\" decoding=\"async\" width=\"678\" height=\"406\" src=\"https:\/\/aconteceunovale.com.br\/portal\/wp-content\/uploads\/2020\/12\/crivella_civil.jpg\" alt=\"\" data-id=\"171142\" data-full-url=\"https:\/\/aconteceunovale.com.br\/portal\/wp-content\/uploads\/2020\/12\/crivella_civil.jpg\" data-link=\"https:\/\/aconteceunovale.com.br\/portal\/?attachment_id=171142\" class=\"wp-image-171142\" srcset=\"https:\/\/aconteceunovale.com.br\/portal\/wp-content\/uploads\/2020\/12\/crivella_civil.jpg 678w, https:\/\/aconteceunovale.com.br\/portal\/wp-content\/uploads\/2020\/12\/crivella_civil-300x180.jpg 300w\" sizes=\"auto, (max-width: 678px) 100vw, 678px\" \/><figcaption class=\"blocks-gallery-item__caption\"><em>Foto: T\u00e2nia R\u00eago\/Ag\u00eancia Brasil<\/em><\/figcaption><\/figure><\/li><\/ul><\/figure>\n\n\n\n<p class=\"has-white-color has-vivid-cyan-blue-background-color has-text-color has-background\">Quer saber as not\u00edcias do <strong>Aconteceu no Vale<\/strong> em primeira m\u00e3o? Siga-nos no Facebook <a rel=\"noreferrer noopener\" href=\"http:\/\/facebook.com\/aconteceunovale\" target=\"_blank\">@aconteceunovale<\/a>, Twitter <a rel=\"noreferrer noopener\" href=\"https:\/\/twitter.com\/noticiadosvales\" target=\"_blank\">@noticiadosvales<\/a> e Instagram <a rel=\"noreferrer noopener\" href=\"https:\/\/www.instagram.com\/aconteceunovale\" target=\"_blank\">@aconteceunovale<\/a>.<\/p>\n","protected":false},"excerpt":{"rendered":"<p>O presidente do Superior Tribunal de Justi\u00e7a (STJ), ministro Humberto Martins, concedeu\u00a0hoje\u00a0(22\/12\/2020) pris\u00e3o domiciliar ao prefeito afastado do Rio\u00a0de Janeiro, Marcelo Crivella. Pela decis\u00e3o, Crivella ser\u00e1 monitorado por tornozeleira eletr\u00f4nica e est\u00e1 proibido de manter contato com terceiros e de falar ao telefone. Ele tamb\u00e9m dever\u00e1 entregar aparelhos telef\u00f4nicos, computadores e\u00a0tablets\u00a0\u00e0s autoridades. Na manh\u00e3 de\u00a0hoje,\u00a0Crivella\u00a0foi [&hellip;]<\/p>\n","protected":false},"author":4,"featured_media":171142,"comment_status":"open","ping_status":"closed","sticky":false,"template":"","format":"standard","meta":{"amp_status":"","footnotes":""},"categories":[6,40240],"tags":[1018,233094,27847,233088,233087,233091,194368,233086,233089,231833,233092,233082,117160,233081,233079,233083,233090,200048,233085,233084,233080,133438,233093],"class_list":["post-171141","post","type-post","status-publish","format-standard","has-post-thumbnail","hentry","category-br","category-politica-2","tag-destaque","tag-doleiro-sergio-mizrahy","tag-eduardo-lopes","tag-fernando-mac-dowell","tag-jorge-felippe","tag-justica-afasta-prefeito-do-rio","tag-marcelo-crivella","tag-marcelo-crivella-e-preso","tag-novo-prefeito-do-rio","tag-novo-prefeito-do-rio-de-janeiro","tag-operacao-hades","tag-operacao-policial-contra-prefeito-do-rio-de-janeiro","tag-prefeito-do-rio","tag-prefeito-do-rio-de-janeiro-e-preso","tag-prefeito-do-rio-de-janeiro-e-preso-pela-policia-civil","tag-prefeito-do-rio-e-preso","tag-prefeitura-do-rio","tag-prefeitura-do-rio-de-janeiro","tag-prisao-de-marcelo-crivella","tag-prisao-do-prefeito-do-rio","tag-prisao-do-prefeito-do-rio-de-janeiro","tag-riotur","tag-sergio-mizrahy"],"_links":{"self":[{"href":"https:\/\/aconteceunovale.com.br\/portal\/index.php?rest_route=\/wp\/v2\/posts\/171141","targetHints":{"allow":["GET"]}}],"collection":[{"href":"https:\/\/aconteceunovale.com.br\/portal\/index.php?rest_route=\/wp\/v2\/posts"}],"about":[{"href":"https:\/\/aconteceunovale.com.br\/portal\/index.php?rest_route=\/wp\/v2\/types\/post"}],"author":[{"embeddable":true,"href":"https:\/\/aconteceunovale.com.br\/portal\/index.php?rest_route=\/wp\/v2\/users\/4"}],"replies":[{"embeddable":true,"href":"https:\/\/aconteceunovale.com.br\/portal\/index.php?rest_route=%2Fwp%2Fv2%2Fcomments&post=171141"}],"version-history":[{"count":1,"href":"https:\/\/aconteceunovale.com.br\/portal\/index.php?rest_route=\/wp\/v2\/posts\/171141\/revisions"}],"predecessor-version":[{"id":171143,"href":"https:\/\/aconteceunovale.com.br\/portal\/index.php?rest_route=\/wp\/v2\/posts\/171141\/revisions\/171143"}],"wp:featuredmedia":[{"embeddable":true,"href":"https:\/\/aconteceunovale.com.br\/portal\/index.php?rest_route=\/wp\/v2\/media\/171142"}],"wp:attachment":[{"href":"https:\/\/aconteceunovale.com.br\/portal\/index.php?rest_route=%2Fwp%2Fv2%2Fmedia&parent=171141"}],"wp:term":[{"taxonomy":"category","embeddable":true,"href":"https:\/\/aconteceunovale.com.br\/portal\/index.php?rest_route=%2Fwp%2Fv2%2Fcategories&post=171141"},{"taxonomy":"post_tag","embeddable":true,"href":"https:\/\/aconteceunovale.com.br\/portal\/index.php?rest_route=%2Fwp%2Fv2%2Ftags&post=171141"}],"curies":[{"name":"wp","href":"https:\/\/api.w.org\/{rel}","templated":true}]}}