{"id":171139,"date":"2020-12-22T18:37:01","date_gmt":"2020-12-22T21:37:01","guid":{"rendered":"https:\/\/aconteceunovale.com.br\/portal\/?p=171139"},"modified":"2020-12-22T23:17:59","modified_gmt":"2020-12-23T02:17:59","slug":"ano-letivo-na-rede-publica-estadual-de-minas-gerais-em-2021-tera-inicio-em-4-de-marco","status":"publish","type":"post","link":"https:\/\/aconteceunovale.com.br\/portal\/?p=171139","title":{"rendered":"Ano letivo na rede p\u00fablica estadual de Minas Gerais em 2021 ter\u00e1 in\u00edcio em 4 de mar\u00e7o"},"content":{"rendered":"\n<p>Em 2021, o ano letivo nas escolas da rede p\u00fablica estadual de ensino ter\u00e1 in\u00edcio no dia 4 de mar\u00e7o. A informa\u00e7\u00e3o consta na Resolu\u00e7\u00e3o 4.469, publicada nesta ter\u00e7a-feira (22\/12), no&nbsp;<a href=\"https:\/\/www.jornalminasgerais.mg.gov.br\/\" target=\"_blank\" rel=\"noreferrer noopener\">Di\u00e1rio Oficial de Minas Gerais<\/a>. Al\u00e9m da data de in\u00edcio das aulas, o documento tamb\u00e9m define os procedimentos de ensino, as diretrizes administrativas e pedag\u00f3gicas para as escolas estaduais no pr\u00f3ximo ano.<\/p>\n\n\n\n<p>A partir da publica\u00e7\u00e3o, as escolas devem organizar suas atividades administrativas e pedag\u00f3gicas fundamentais para o bom funcionamento do ano letivo de 2021. O calend\u00e1rio escolar deve ser organizado de forma a garantir o m\u00ednimo de 200 dias letivos e a carga hor\u00e1ria anual prevista para os diferentes n\u00edveis e modalidades de ensino.<\/p>\n\n\n\n<p>De acordo com o calend\u00e1rio escolar, de 1 de fevereiro a 2 de mar\u00e7o ser\u00e1 o per\u00edodo de f\u00e9rias escolares. No dia 3 de mar\u00e7o tem in\u00edcio o ano escolar, ou seja, os profissionais da escola iniciam o trabalho de planejamento, reuni\u00f5es e forma\u00e7\u00e3o continuada. O 1\u00ba semestre letivo come\u00e7a no dia 4 de mar\u00e7o e o 2\u00ba semestre letivo no dia 3 de agosto. O t\u00e9rmino do ano letivo est\u00e1 previsto para 17 de dezembro.<\/p>\n\n\n\n<p><strong>Avalia\u00e7\u00e3o diagn\u00f3stica<\/strong><\/p>\n\n\n\n<p>O calend\u00e1rio escolar prev\u00ea que, logo no in\u00edcio das atividades escolares, os estudantes da rede estadual fa\u00e7am a Avalia\u00e7\u00e3o Diagn\u00f3stica da Aprendizagem. A aplica\u00e7\u00e3o da prova est\u00e1 prevista para o per\u00edodo de 15 a 26 de mar\u00e7o. J\u00e1 a primeira Avalia\u00e7\u00e3o Formativa da Aprendizagem ser\u00e1 aplicada de 24 de maio a 3 de junho.<\/p>\n\n\n\n<p>Datas tradicionalmente j\u00e1 previstas no calend\u00e1rio escolar tamb\u00e9m est\u00e3o contempladas no documento. O per\u00edodo de 19 de junho a 26 de junho, por exemplo, ser\u00e1 dedicado \u00e0s atividades da &#8220;Semana Estadual de Preven\u00e7\u00e3o \u00e0s Drogas\u201d, conforme a Lei n\u00ba 16.514 de 2006. De 12 a 18 de agosto ser\u00e1 realizada a &#8220;Semana Estadual das Juventudes&#8221;, institu\u00edda pela Lei n\u00ba 22.413 de 2016. A \u201cSemana de Educa\u00e7\u00e3o para a Vida\u201d, institu\u00edda pela Lei Federal n\u00ba 11.988 de 2009, ser\u00e1 entre os dias 16 e 20 de novembro.<\/p>\n\n\n\n<p>A resolu\u00e7\u00e3o estabelece, ainda, os prazos para registro e encerramento dos bimestres no Di\u00e1rio Escolar Digital, ap\u00f3s lan\u00e7amento pelo professor da frequ\u00eancia di\u00e1ria dos estudantes, dos conte\u00fados lecionados nas aulas, os procedimentos de avalia\u00e7\u00e3o, as oportunidades de aprendizagem e o aproveitamento alcan\u00e7ado pelos estudantes. Al\u00e9m disso, o diretor da escola dever\u00e1 oficializar \u00e0 Superintend\u00eancia Regional de Ensino (SRE) as datas das reuni\u00f5es dos conselhos de classe, em at\u00e9 cinco dias \u00fateis da data prevista para a sua realiza\u00e7\u00e3o.<\/p>\n\n\n\n<p>As reuni\u00f5es com pais e\/ou respons\u00e1veis tamb\u00e9m devem estar previstas no calend\u00e1rio das institui\u00e7\u00f5es e devem acontecer bimestralmente. A dire\u00e7\u00e3o da escola deve buscar estrat\u00e9gias para estimular a participa\u00e7\u00e3o da comunidade escolar e fomentar o di\u00e1logo com as fam\u00edlias sobre o processo de aprendizagem dos estudantes.<\/p>\n\n\n\n<p>As escolas do Campo, Ind\u00edgenas e Quilombolas poder\u00e3o elaborar proposta de calend\u00e1rio diferenciado, considerando as especificidades das comunidades locais.<\/p>\n\n\n\n<p class=\"has-white-color has-vivid-cyan-blue-background-color has-text-color has-background\">Quer saber as not\u00edcias do <strong>Aconteceu no Vale<\/strong> em primeira m\u00e3o? Siga-nos no Facebook <a rel=\"noreferrer noopener\" href=\"http:\/\/facebook.com\/aconteceunovale\" target=\"_blank\">@aconteceunovale<\/a>, Twitter <a rel=\"noreferrer noopener\" href=\"https:\/\/twitter.com\/noticiadosvales\" target=\"_blank\">@noticiadosvales<\/a> e Instagram <a rel=\"noreferrer noopener\" href=\"https:\/\/www.instagram.com\/aconteceunovale\" target=\"_blank\">@aconteceunovale<\/a>.<\/p>\n","protected":false},"excerpt":{"rendered":"<p>Em 2021, o ano letivo nas escolas da rede p\u00fablica estadual de ensino ter\u00e1 in\u00edcio no dia 4 de mar\u00e7o. A informa\u00e7\u00e3o consta na Resolu\u00e7\u00e3o 4.469, publicada nesta ter\u00e7a-feira (22\/12), no&nbsp;Di\u00e1rio Oficial de Minas Gerais. Al\u00e9m da data de in\u00edcio das aulas, o documento tamb\u00e9m define os procedimentos de ensino, as diretrizes administrativas e pedag\u00f3gicas [&hellip;]<\/p>\n","protected":false},"author":4,"featured_media":58647,"comment_status":"open","ping_status":"closed","sticky":false,"template":"","format":"standard","meta":{"amp_status":"","footnotes":""},"categories":[40238,123],"tags":[233106,233107,233109,1018,233108,233110,52113],"class_list":["post-171139","post","type-post","status-publish","format-standard","has-post-thumbnail","hentry","category-educacao-2","category-gerais","tag-ano-letivo","tag-ano-letivo-2021","tag-ano-letivo-na-rede-publica-estadual-de-minas-gerais","tag-destaque","tag-inicio-do-ano-letivo-2021","tag-inicio-do-ano-letivo-na-rede-publica-estadual-de-minas-gerais","tag-ses-mg"],"_links":{"self":[{"href":"https:\/\/aconteceunovale.com.br\/portal\/index.php?rest_route=\/wp\/v2\/posts\/171139","targetHints":{"allow":["GET"]}}],"collection":[{"href":"https:\/\/aconteceunovale.com.br\/portal\/index.php?rest_route=\/wp\/v2\/posts"}],"about":[{"href":"https:\/\/aconteceunovale.com.br\/portal\/index.php?rest_route=\/wp\/v2\/types\/post"}],"author":[{"embeddable":true,"href":"https:\/\/aconteceunovale.com.br\/portal\/index.php?rest_route=\/wp\/v2\/users\/4"}],"replies":[{"embeddable":true,"href":"https:\/\/aconteceunovale.com.br\/portal\/index.php?rest_route=%2Fwp%2Fv2%2Fcomments&post=171139"}],"version-history":[{"count":1,"href":"https:\/\/aconteceunovale.com.br\/portal\/index.php?rest_route=\/wp\/v2\/posts\/171139\/revisions"}],"predecessor-version":[{"id":171140,"href":"https:\/\/aconteceunovale.com.br\/portal\/index.php?rest_route=\/wp\/v2\/posts\/171139\/revisions\/171140"}],"wp:featuredmedia":[{"embeddable":true,"href":"https:\/\/aconteceunovale.com.br\/portal\/index.php?rest_route=\/wp\/v2\/media\/58647"}],"wp:attachment":[{"href":"https:\/\/aconteceunovale.com.br\/portal\/index.php?rest_route=%2Fwp%2Fv2%2Fmedia&parent=171139"}],"wp:term":[{"taxonomy":"category","embeddable":true,"href":"https:\/\/aconteceunovale.com.br\/portal\/index.php?rest_route=%2Fwp%2Fv2%2Fcategories&post=171139"},{"taxonomy":"post_tag","embeddable":true,"href":"https:\/\/aconteceunovale.com.br\/portal\/index.php?rest_route=%2Fwp%2Fv2%2Ftags&post=171139"}],"curies":[{"name":"wp","href":"https:\/\/api.w.org\/{rel}","templated":true}]}}