{"id":171136,"date":"2020-12-22T17:18:12","date_gmt":"2020-12-22T20:18:12","guid":{"rendered":"https:\/\/aconteceunovale.com.br\/portal\/?p=171136"},"modified":"2020-12-22T23:18:06","modified_gmt":"2020-12-23T02:18:06","slug":"nao-e-hora-de-aglomeracao-alerta-secretario-de-saude-de-minas-gerais","status":"publish","type":"post","link":"https:\/\/aconteceunovale.com.br\/portal\/?p=171136","title":{"rendered":"&#8220;N\u00e3o \u00e9 hora de aglomera\u00e7\u00e3o&#8221;, alerta secret\u00e1rio de Sa\u00fade de Minas Gerais"},"content":{"rendered":"\n<p>O secret\u00e1rio de Estado de&nbsp;<a href=\"http:\/\/saude.mg.gov.br\/\" target=\"_blank\" rel=\"noreferrer noopener\">Sa\u00fade<\/a>, Carlos Eduardo Amaral, e o comandante-geral da&nbsp;<a href=\"http:\/\/policiamilitar.mg.gov.br\/\" target=\"_blank\" rel=\"noreferrer noopener\">Pol\u00edcia Militar de Minas Gerais<\/a>, coronel Rodrigo Rodrigues, pediram, nesta ter\u00e7a-feira (22\/12), em coletiva de imprensa realizada na Cidade Administrativa, que a popula\u00e7\u00e3o redobre os cuidados de distanciamento e higieniza\u00e7\u00e3o neste fim de ano.<\/p>\n\n\n\n<p>O apelo foi feito ap\u00f3s apresenta\u00e7\u00e3o do cen\u00e1rio atual da pandemia de covid-19 no estado, que apontou crescimento no n\u00famero de casos e \u00f3bitos pela doen\u00e7a nas \u00faltimas semanas.<\/p>\n\n\n\n<p><strong>Colabora\u00e7\u00e3o de todos<\/strong><\/p>\n\n\n\n<p>O secret\u00e1rio de Sa\u00fade, Carlos Eduardo Amaral, afirmou que todo esfor\u00e7o feito pelo poder p\u00fablico at\u00e9 o momento, como a amplia\u00e7\u00e3o de 2 mil para 4 mil leitos de UTI, foi no sentido de evitar mortes por desassist\u00eancia em Minas Gerais. Mas a manuten\u00e7\u00e3o da capacidade assistencial depende diretamente da colabora\u00e7\u00e3o de todos os mineiros.<\/p>\n\n\n\n<p>\u201c\u00c9 importante que toda a popula\u00e7\u00e3o entenda que n\u00e3o \u00e9 hora de aglomera\u00e7\u00e3o. \u00c9 hora de muito cuidado, de manter o distanciamento, o uso de m\u00e1scaras e ter uma higiene adequada. Se houver algum encontro familiar, que mantenha as regras de distanciamento e seja no menor tempo poss\u00edvel. \u00c9 fundamental que passemos por esse Natal para que tenhamos um pr\u00f3ximo Natal no outro ano\u201d, alertou.<\/p>\n\n\n\n<p>Em rela\u00e7\u00e3o \u00e0 positividade dos exames dos laborat\u00f3rios p\u00fablicos \u2013 que aponta para a chance de uma pessoa com uma s\u00edndrome gripal ter a covid-19 \u2013 o secret\u00e1rio afirmou que est\u00e1 em 30% atualmente, \u00edndice maior do que o que vinha sendo registrado nas \u00faltimas semanas.<\/p>\n\n\n\n<p>\u201cEssa taxa vem crescendo progressivamente e mostra que o v\u00edrus efetivamente est\u00e1 circulando mais na sociedade. Em rela\u00e7\u00e3o aos \u00f3bitos por semana epidemiol\u00f3gica, tivemos um pico em julho, com uma tend\u00eancia de queda progressiva. Mas, nas \u00faltimas semanas, estamos notando aumento novamente\u201d, explicou.<\/p>\n\n\n\n<figure class=\"wp-block-gallery columns-1 is-cropped wp-block-gallery-1 is-layout-flex wp-block-gallery-is-layout-flex\"><ul class=\"blocks-gallery-grid\"><li class=\"blocks-gallery-item\"><figure><img loading=\"lazy\" decoding=\"async\" width=\"663\" height=\"450\" src=\"https:\/\/aconteceunovale.com.br\/portal\/wp-content\/uploads\/2020\/12\/coletiva_saude_mg.png\" alt=\"\" data-id=\"171137\" data-full-url=\"https:\/\/aconteceunovale.com.br\/portal\/wp-content\/uploads\/2020\/12\/coletiva_saude_mg.png\" data-link=\"https:\/\/aconteceunovale.com.br\/portal\/?attachment_id=171137\" class=\"wp-image-171137\" srcset=\"https:\/\/aconteceunovale.com.br\/portal\/wp-content\/uploads\/2020\/12\/coletiva_saude_mg.png 663w, https:\/\/aconteceunovale.com.br\/portal\/wp-content\/uploads\/2020\/12\/coletiva_saude_mg-300x204.png 300w, https:\/\/aconteceunovale.com.br\/portal\/wp-content\/uploads\/2020\/12\/coletiva_saude_mg-619x420.png 619w\" sizes=\"auto, (max-width: 663px) 100vw, 663px\" \/><figcaption class=\"blocks-gallery-item__caption\"><em>Foto: F\u00e1bio Marchetto \/ Ag\u00eancia Minas<\/em><\/figcaption><\/figure><\/li><\/ul><\/figure>\n\n\n\n<p><strong>Atua\u00e7\u00e3o preventiva<\/strong><\/p>\n\n\n\n<p>A conscientiza\u00e7\u00e3o sobre a doen\u00e7a no estado contar\u00e1 com o apoio da Pol\u00edcia Militar. O comandante-geral da PM, coronel Rodrigo Rodrigues, afirmou que os militares intensificar\u00e3o a atua\u00e7\u00e3o preventiva nos 853 munic\u00edpios, conscientizando a popula\u00e7\u00e3o e evitando aglomera\u00e7\u00f5es, al\u00e9m de apoiar a fiscaliza\u00e7\u00e3o municipal em casos de descumprimento das normas vigentes.<\/p>\n\n\n\n<p>\u201cA PM, usando a sua capacidade, refor\u00e7ar\u00e1 a import\u00e2ncia do distanciamento, da utiliza\u00e7\u00e3o de m\u00e1scara e de todas as medidas sanit\u00e1rias. Vamos atuar com orienta\u00e7\u00e3o, de forma preventiva, e tamb\u00e9m acompanhando a postura de fiscaliza\u00e7\u00e3o dos pr\u00f3prios munic\u00edpios. Vamos apoiar os fiscalizadores e, quando solicitado, fazer valer o poder de Pol\u00edcia dessas fiscaliza\u00e7\u00f5es\u201d, afirmou.<\/p>\n\n\n\n<p>Tamb\u00e9m participaram da coletiva de imprensa o secret\u00e1rio de Estado adjunto de Sa\u00fade, Marcelo Cabral, e o chefe do Estado Maior da PMMG, coronel Eduardo Felisberto Alves.<\/p>\n\n\n\n<p class=\"has-white-color has-vivid-cyan-blue-background-color has-text-color has-background\">Quer saber as not\u00edcias do <strong>Aconteceu no Vale<\/strong> em primeira m\u00e3o? Siga-nos no Facebook <a rel=\"noreferrer noopener\" href=\"http:\/\/facebook.com\/aconteceunovale\" target=\"_blank\">@aconteceunovale<\/a>, Twitter <a rel=\"noreferrer noopener\" href=\"https:\/\/twitter.com\/noticiadosvales\" target=\"_blank\">@noticiadosvales<\/a> e Instagram <a rel=\"noreferrer noopener\" href=\"https:\/\/www.instagram.com\/aconteceunovale\" target=\"_blank\">@aconteceunovale<\/a>.<\/p>\n","protected":false},"excerpt":{"rendered":"<p>O secret\u00e1rio de Estado de&nbsp;Sa\u00fade, Carlos Eduardo Amaral, e o comandante-geral da&nbsp;Pol\u00edcia Militar de Minas Gerais, coronel Rodrigo Rodrigues, pediram, nesta ter\u00e7a-feira (22\/12), em coletiva de imprensa realizada na Cidade Administrativa, que a popula\u00e7\u00e3o redobre os cuidados de distanciamento e higieniza\u00e7\u00e3o neste fim de ano. O apelo foi feito ap\u00f3s apresenta\u00e7\u00e3o do cen\u00e1rio atual da [&hellip;]<\/p>\n","protected":false},"author":4,"featured_media":171137,"comment_status":"open","ping_status":"closed","sticky":false,"template":"","format":"standard","meta":{"amp_status":"","footnotes":""},"categories":[123,40242],"tags":[217799,219851,219853,214884,216498,221718,1018,219855,215653,221717,219854,219852,217692,221719,220285,220287,220286],"class_list":["post-171136","post","type-post","status-publish","format-standard","has-post-thumbnail","hentry","category-gerais","category-saude-2","tag-casos-de-coronavirus-em-minas-gerais","tag-casos-de-covid-19-em-minas-gerais","tag-cidades-com-casos-de-coronavirus-em-minas-gerais","tag-coronavirus","tag-covid-19","tag-curados-do-coronavirus-em-minas-gerais","tag-destaque","tag-mortes-por-coronavirus-em-minas-gerais","tag-novo-coronavirus","tag-numero-de-curados-do-coronavirus-em-minas-gerais","tag-numeros-do-coronavirus-em-minas-gerais","tag-obitos-por-coronavirus-em-minas-gerias","tag-pandemia-de-coronavirus","tag-recuperados-do-coronavirus-em-minas-gerais","tag-secretaria-de-saude-atualiza-numeros-do-coronavirus-em-minas-gerais","tag-secretaria-de-saude-de-minas-gerais-atualiza-numeros-do-coronavirus","tag-ses-mg-atualiza-numeros-do-coronavirus"],"_links":{"self":[{"href":"https:\/\/aconteceunovale.com.br\/portal\/index.php?rest_route=\/wp\/v2\/posts\/171136","targetHints":{"allow":["GET"]}}],"collection":[{"href":"https:\/\/aconteceunovale.com.br\/portal\/index.php?rest_route=\/wp\/v2\/posts"}],"about":[{"href":"https:\/\/aconteceunovale.com.br\/portal\/index.php?rest_route=\/wp\/v2\/types\/post"}],"author":[{"embeddable":true,"href":"https:\/\/aconteceunovale.com.br\/portal\/index.php?rest_route=\/wp\/v2\/users\/4"}],"replies":[{"embeddable":true,"href":"https:\/\/aconteceunovale.com.br\/portal\/index.php?rest_route=%2Fwp%2Fv2%2Fcomments&post=171136"}],"version-history":[{"count":1,"href":"https:\/\/aconteceunovale.com.br\/portal\/index.php?rest_route=\/wp\/v2\/posts\/171136\/revisions"}],"predecessor-version":[{"id":171138,"href":"https:\/\/aconteceunovale.com.br\/portal\/index.php?rest_route=\/wp\/v2\/posts\/171136\/revisions\/171138"}],"wp:featuredmedia":[{"embeddable":true,"href":"https:\/\/aconteceunovale.com.br\/portal\/index.php?rest_route=\/wp\/v2\/media\/171137"}],"wp:attachment":[{"href":"https:\/\/aconteceunovale.com.br\/portal\/index.php?rest_route=%2Fwp%2Fv2%2Fmedia&parent=171136"}],"wp:term":[{"taxonomy":"category","embeddable":true,"href":"https:\/\/aconteceunovale.com.br\/portal\/index.php?rest_route=%2Fwp%2Fv2%2Fcategories&post=171136"},{"taxonomy":"post_tag","embeddable":true,"href":"https:\/\/aconteceunovale.com.br\/portal\/index.php?rest_route=%2Fwp%2Fv2%2Ftags&post=171136"}],"curies":[{"name":"wp","href":"https:\/\/api.w.org\/{rel}","templated":true}]}}