{"id":171123,"date":"2020-12-22T10:36:00","date_gmt":"2020-12-22T13:36:00","guid":{"rendered":"https:\/\/aconteceunovale.com.br\/portal\/?p=171123"},"modified":"2020-12-22T14:39:44","modified_gmt":"2020-12-22T17:39:44","slug":"prefeito-do-rio-de-janeiro-e-preso-pela-policia-civil","status":"publish","type":"post","link":"https:\/\/aconteceunovale.com.br\/portal\/?p=171123","title":{"rendered":"Prefeito do Rio de Janeiro \u00e9 preso pela Pol\u00edcia Civil"},"content":{"rendered":"\n<p>O prefeito do Rio de Janeiro, Marcelo Crivella, foi preso hoje (22\/12\/2020), em sua casa, na Barra da Tijuca, e levado para a Delegacia Fazend\u00e1ria, na Cidade da Pol\u00edcia, aonde chegou por volta das 6h35. Tamb\u00e9m foram presos na mesma opera\u00e7\u00e3o mais cinco denunciados. O ex-senador Eduardo Lopes n\u00e3o foi encontrado.\u00a0<\/p>\n\n\n\n<p>Ao chegar \u00e0 Cidade da Pol\u00edcia, o prefeito atribuiu a sua pris\u00e3o a uma persegui\u00e7\u00e3o pol\u00edtica. \u201cPersegui\u00e7\u00e3o pol\u00edtica. Lutei contra o ped\u00e1gio ilegal e injusto, tirei recursos do carnaval, negociei com o VLT. Foi o governo que mais atuou contra a corrup\u00e7\u00e3o no Rio de Janeiro\u201d, disse, acrescentando que a sua expectativa agora \u00e9 por justi\u00e7a.&nbsp;<\/p>\n\n\n\n<p>O advogado de Crivella, Alberto Sampaio, disse que o prefeito ficou surpreso com a pris\u00e3o.<\/p>\n\n\n\n<p>As pris\u00f5es foram realizadas em a\u00e7\u00e3o do Minist\u00e9rio P\u00fablico do Estado do Rio de Janeiro (MPRJ) e da Pol\u00edcia Civil, e ocorreram no\u00a0desdobramento da Opera\u00e7\u00e3o Hades, que apura corrup\u00e7\u00e3o na prefeitura da cidade e tem como base a dela\u00e7\u00e3o do doleiro Sergio Mizrahy.<\/p>\n\n\n\n<p>Os mandados de pris\u00e3o foram assinados pela desembargadora Rosa Helena Penna Macedo Guita, da 2\u00aa C\u00e2mara Criminal do Tribunal de Justi\u00e7a do Rio de Janeiro.<\/p>\n\n\n\n<p>Todos os presos v\u00e3o ser levados \u00e0 tarde ao Tribunal de Justi\u00e7a do Rio de Janeiro, para uma audi\u00eancia de cust\u00f3dia, marcada para as 15h.<\/p>\n\n\n\n<figure class=\"wp-block-gallery columns-1 is-cropped wp-block-gallery-1 is-layout-flex wp-block-gallery-is-layout-flex\"><ul class=\"blocks-gallery-grid\"><li class=\"blocks-gallery-item\"><figure><img loading=\"lazy\" decoding=\"async\" width=\"678\" height=\"406\" src=\"https:\/\/aconteceunovale.com.br\/portal\/wp-content\/uploads\/2020\/12\/crivella_preso.jpg\" alt=\"\" data-id=\"171124\" data-full-url=\"https:\/\/aconteceunovale.com.br\/portal\/wp-content\/uploads\/2020\/12\/crivella_preso.jpg\" data-link=\"https:\/\/aconteceunovale.com.br\/portal\/?attachment_id=171124\" class=\"wp-image-171124\" srcset=\"https:\/\/aconteceunovale.com.br\/portal\/wp-content\/uploads\/2020\/12\/crivella_preso.jpg 678w, https:\/\/aconteceunovale.com.br\/portal\/wp-content\/uploads\/2020\/12\/crivella_preso-300x180.jpg 300w\" sizes=\"auto, (max-width: 678px) 100vw, 678px\" \/><figcaption class=\"blocks-gallery-item__caption\"><em>Marcelo Crivella &#8211; Foto: T\u00e2nia R\u00eago\/Ag\u00eancia Brasil<\/em><\/figcaption><\/figure><\/li><\/ul><\/figure>\n\n\n\n<h2 class=\"wp-block-heading\">Novo prefeito<\/h2>\n\n\n\n<p>O presidente da C\u00e2mara Municipal do Rio de Janeiro, Jorge Felippe (DEM), vai assumir a prefeitura, uma vez que o vice de Crivella, Fernando Mac Dowell, morreu em 2018.&nbsp;<\/p>\n\n\n\n<p>Em nota, Jorge Felipe disse que a cidade do Rio de Janeiro n\u00e3o ficar\u00e1 sem comando nestes \u00faltimos dias da atual gest\u00e3o, que termina no dia 31 deste m\u00eas. O parlamentar informou que j\u00e1 estava indo para a prefeitura de onde vai tomar as r\u00e9deas da situa\u00e7\u00e3o, cumprindo o que determina a Constitui\u00e7\u00e3o estadual.<\/p>\n\n\n\n<p>\u201cComo prefeito em exerc\u00edcio, vou orientar a todos os secret\u00e1rios municipais e dirigentes de empresas e \u00f3rg\u00e3os para que mantenham a m\u00e1quina p\u00fablica a pleno vapor. Vamos trabalhar com afinco e dedica\u00e7\u00e3o at\u00e9 o \u00faltimo dia. J\u00e1 conversei tamb\u00e9m com o prefeito eleito Eduardo Paes. A transi\u00e7\u00e3o vai continuar e vamos fornecer todas as informa\u00e7\u00f5es necess\u00e1rias para a nova equipe. Vamos garantir o pleno funcionamento dos servi\u00e7os municipais at\u00e9 o dia 1\u00ba de janeiro. O Rio de Janeiro tem prefeito\u201d, afirmou.<\/p>\n\n\n\n<p class=\"has-white-color has-vivid-cyan-blue-background-color has-text-color has-background\">Quer saber as not\u00edcias do <strong>Aconteceu no Vale<\/strong> em primeira m\u00e3o? Siga-nos no Facebook <a rel=\"noreferrer noopener\" href=\"http:\/\/facebook.com\/aconteceunovale\" target=\"_blank\">@aconteceunovale<\/a>, Twitter <a rel=\"noreferrer noopener\" href=\"https:\/\/twitter.com\/noticiadosvales\" target=\"_blank\">@noticiadosvales<\/a> e Instagram <a rel=\"noreferrer noopener\" href=\"https:\/\/www.instagram.com\/aconteceunovale\" target=\"_blank\">@aconteceunovale<\/a>.<\/p>\n","protected":false},"excerpt":{"rendered":"<p>O prefeito do Rio de Janeiro, Marcelo Crivella, foi preso hoje (22\/12\/2020), em sua casa, na Barra da Tijuca, e levado para a Delegacia Fazend\u00e1ria, na Cidade da Pol\u00edcia, aonde chegou por volta das 6h35. Tamb\u00e9m foram presos na mesma opera\u00e7\u00e3o mais cinco denunciados. O ex-senador Eduardo Lopes n\u00e3o foi encontrado.\u00a0 Ao chegar \u00e0 Cidade [&hellip;]<\/p>\n","protected":false},"author":4,"featured_media":171124,"comment_status":"open","ping_status":"closed","sticky":false,"template":"","format":"standard","meta":{"amp_status":"","footnotes":""},"categories":[6,40240],"tags":[233088,233087,194368,233086,233089,231833,233082,117160,233081,233079,233083,233090,200048,233085,233084,233080],"class_list":["post-171123","post","type-post","status-publish","format-standard","has-post-thumbnail","hentry","category-br","category-politica-2","tag-fernando-mac-dowell","tag-jorge-felippe","tag-marcelo-crivella","tag-marcelo-crivella-e-preso","tag-novo-prefeito-do-rio","tag-novo-prefeito-do-rio-de-janeiro","tag-operacao-policial-contra-prefeito-do-rio-de-janeiro","tag-prefeito-do-rio","tag-prefeito-do-rio-de-janeiro-e-preso","tag-prefeito-do-rio-de-janeiro-e-preso-pela-policia-civil","tag-prefeito-do-rio-e-preso","tag-prefeitura-do-rio","tag-prefeitura-do-rio-de-janeiro","tag-prisao-de-marcelo-crivella","tag-prisao-do-prefeito-do-rio","tag-prisao-do-prefeito-do-rio-de-janeiro"],"_links":{"self":[{"href":"https:\/\/aconteceunovale.com.br\/portal\/index.php?rest_route=\/wp\/v2\/posts\/171123","targetHints":{"allow":["GET"]}}],"collection":[{"href":"https:\/\/aconteceunovale.com.br\/portal\/index.php?rest_route=\/wp\/v2\/posts"}],"about":[{"href":"https:\/\/aconteceunovale.com.br\/portal\/index.php?rest_route=\/wp\/v2\/types\/post"}],"author":[{"embeddable":true,"href":"https:\/\/aconteceunovale.com.br\/portal\/index.php?rest_route=\/wp\/v2\/users\/4"}],"replies":[{"embeddable":true,"href":"https:\/\/aconteceunovale.com.br\/portal\/index.php?rest_route=%2Fwp%2Fv2%2Fcomments&post=171123"}],"version-history":[{"count":1,"href":"https:\/\/aconteceunovale.com.br\/portal\/index.php?rest_route=\/wp\/v2\/posts\/171123\/revisions"}],"predecessor-version":[{"id":171125,"href":"https:\/\/aconteceunovale.com.br\/portal\/index.php?rest_route=\/wp\/v2\/posts\/171123\/revisions\/171125"}],"wp:featuredmedia":[{"embeddable":true,"href":"https:\/\/aconteceunovale.com.br\/portal\/index.php?rest_route=\/wp\/v2\/media\/171124"}],"wp:attachment":[{"href":"https:\/\/aconteceunovale.com.br\/portal\/index.php?rest_route=%2Fwp%2Fv2%2Fmedia&parent=171123"}],"wp:term":[{"taxonomy":"category","embeddable":true,"href":"https:\/\/aconteceunovale.com.br\/portal\/index.php?rest_route=%2Fwp%2Fv2%2Fcategories&post=171123"},{"taxonomy":"post_tag","embeddable":true,"href":"https:\/\/aconteceunovale.com.br\/portal\/index.php?rest_route=%2Fwp%2Fv2%2Ftags&post=171123"}],"curies":[{"name":"wp","href":"https:\/\/api.w.org\/{rel}","templated":true}]}}