{"id":171120,"date":"2020-12-22T14:20:35","date_gmt":"2020-12-22T17:20:35","guid":{"rendered":"https:\/\/aconteceunovale.com.br\/portal\/?p=171120"},"modified":"2020-12-22T14:23:28","modified_gmt":"2020-12-22T17:23:28","slug":"satelite-amazonia-1-e-embarcado-para-a-india","status":"publish","type":"post","link":"https:\/\/aconteceunovale.com.br\/portal\/?p=171120","title":{"rendered":"Sat\u00e9lite Amazonia 1 \u00e9 embarcado para a \u00cdndia"},"content":{"rendered":"\n<p>O sat\u00e9lite Amazonia 1 j\u00e1 est\u00e1 a caminho da \u00cdndia. O embarque aconteceu em um avi\u00e3o B777 da Emirates, no Aeroporto de S\u00e3o Jos\u00e9 dos Campos (SP). A previs\u00e3o de lan\u00e7amento ao espa\u00e7o \u00e9 em fevereiro de 2021.&nbsp;<\/p>\n\n\n\n<p>\u201cPara termos o sat\u00e9lite preparado para envio para a base de lan\u00e7amento contamos com o empenho de centenas de pessoas com o trabalho incans\u00e1vel de anos de prepara\u00e7\u00e3o. Os desafios foram muitos. Como resultado, estamos a poucas etapas de concluir o ciclo completo de um sat\u00e9lite totalmente desenvolvido, integrado, testado no Brasil e pelo Brasil\u201d, disse o diretor do Instituto Nacional de Pesquisas Espaciais (INPE\/MCTI), Clezio de Nardin, em coletiva de imprensa realizada nesta manh\u00e3 (22) nas depend\u00eancias do Aeroporto de S\u00e3o Jos\u00e9 dos Campo e transmitida ao vivo pelo canal do Minist\u00e9rio da Ci\u00eancia e Tecnologia (MCTI) no Youtube.&nbsp;<\/p>\n\n\n\n<p>Para o presidente da Ag\u00eancia Espacial Brasileira (AEB), Carlos Moura, \u00e9 um privil\u00e9gio para o Brasil ver o seu programa espacial consolidando mais essa conquista. \u201cIsso se deve muito \u00e0 capacidade tecnol\u00f3gica das pessoas, ao desenvolvimento cient\u00edfico, mas tamb\u00e9m ao esfor\u00e7o log\u00edstico que prossegue at\u00e9 chegar na \u00cdndia, e tamb\u00e9m ao esfor\u00e7o administrativo, que \u00e9 uma vit\u00f3ria de todas as institui\u00e7\u00f5es\u201d, disse.\u00a0\u00a0<\/p>\n\n\n\n<figure class=\"wp-block-gallery columns-1 is-cropped wp-block-gallery-1 is-layout-flex wp-block-gallery-is-layout-flex\"><ul class=\"blocks-gallery-grid\"><li class=\"blocks-gallery-item\"><figure><img loading=\"lazy\" decoding=\"async\" width=\"678\" height=\"406\" src=\"https:\/\/aconteceunovale.com.br\/portal\/wp-content\/uploads\/2020\/12\/amazonia_1.jpg\" alt=\"\" data-id=\"171121\" data-full-url=\"https:\/\/aconteceunovale.com.br\/portal\/wp-content\/uploads\/2020\/12\/amazonia_1.jpg\" data-link=\"https:\/\/aconteceunovale.com.br\/portal\/?attachment_id=171121\" class=\"wp-image-171121\" srcset=\"https:\/\/aconteceunovale.com.br\/portal\/wp-content\/uploads\/2020\/12\/amazonia_1.jpg 678w, https:\/\/aconteceunovale.com.br\/portal\/wp-content\/uploads\/2020\/12\/amazonia_1-300x180.jpg 300w\" sizes=\"auto, (max-width: 678px) 100vw, 678px\" \/><figcaption class=\"blocks-gallery-item__caption\"><em>Foto: Divulga\u00e7\u00e3o\/Inpe<\/em><\/figcaption><\/figure><\/li><\/ul><\/figure>\n\n\n\n<h2 class=\"wp-block-heading\">O sat\u00e9lite<\/h2>\n\n\n\n<p>O sat\u00e9lite ter\u00e1 a miss\u00e3o de fornecer dados (imagens) de sensoriamento remoto para observar e monitorar o desmatamento, especialmente na Regi\u00e3o Amaz\u00f4nica. Com seis quil\u00f4metros de fios e 14 mil conex\u00f5es el\u00e9tricas, o Amazonia 1 ser\u00e1 o terceiro sat\u00e9lite brasileiro de sensoriamento remoto em opera\u00e7\u00e3o, junto ao CBERS-4 e ao CBERS-4A.<\/p>\n\n\n\n<p>O Amazonia 1 \u00e9 o primeiro sat\u00e9lite de observa\u00e7\u00e3o da Terra completamente projetado, integrado, testado e operado pelo Brasil. Com lan\u00e7amento previsto para fevereiro de 2021, o Amazonia 1 \u00e9 um sat\u00e9lite de \u00f3rbita Sol s\u00edncrona (polar), que ir\u00e1 gerar imagens do planeta a cada 5 dias. Para isso, possui um imageador \u00f3ptico de visada larga (c\u00e2mera com tr\u00eas bandas de frequ\u00eancias no espectro vis\u00edvel VIS e uma banda pr\u00f3xima do infravermelho&nbsp;<em>Near Infrared<\/em>&nbsp;ou NIR) capaz de observar uma faixa de aproximadamente 850 km com 64 metros de resolu\u00e7\u00e3o.<\/p>\n\n\n\n<p>\u201cOs dados do sat\u00e9lite poder\u00e3o ser usados para uma infinidade de aplica\u00e7\u00f5es, como monitoramento ambiental, agricultura &#8211; esse \u00e9 um grande avan\u00e7o &#8211; e monitoramento das zonas costeiras e outras aplica\u00e7\u00f5es correlatos. Al\u00e9m dos dados, o Amazonia 1 \u00e9 fundamental do ponto de vista tecnol\u00f3gico, ele v\u00e1lida em voo a nossa plataforma multimiss\u00e3o, um desenvolvimento liderado pelo MCTI, mas com a presen\u00e7a forte da AEB e do Inpe em benef\u00edcio do nosso parque industrial\u201d, salientou Nardin.&nbsp;&nbsp;<\/p>\n\n\n\n<p>Sua \u00f3rbita foi projetada para proporcionar uma alta taxa de revisita (5 dias), tendo, com isso, capacidade de disponibilizar uma significativa quantidade de dados de um mesmo ponto do planeta. Sob demanda, o Amazonia 1 poder\u00e1 fornecer dados de um ponto espec\u00edfico em 2 dias. Essa caracter\u00edstica \u00e9 extremamente valiosa em aplica\u00e7\u00f5es como alerta de desmatamento na Amaz\u00f4nia, pois aumenta a probabilidade de captura de imagens \u00fateis diante da cobertura de nuvens na regi\u00e3o.<\/p>\n\n\n\n<p>Os sat\u00e9lites da s\u00e9rie Amazonia ser\u00e3o formados por dois m\u00f3dulos independentes: um M\u00f3dulo de Servi\u00e7o, que \u00e9 a Plataforma Multimiss\u00e3o (PMM); e um M\u00f3dulo de Carga \u00datil, que abriga c\u00e2meras imageadoras e equipamentos de grava\u00e7\u00e3o e transmiss\u00e3o de dados de imagens.<\/p>\n\n\n\n<p class=\"has-white-color has-vivid-cyan-blue-background-color has-text-color has-background\">Quer saber as not\u00edcias do <strong>Aconteceu no Vale<\/strong> em primeira m\u00e3o? Siga-nos no Facebook <a rel=\"noreferrer noopener\" href=\"http:\/\/facebook.com\/aconteceunovale\" target=\"_blank\">@aconteceunovale<\/a>, Twitter <a rel=\"noreferrer noopener\" href=\"https:\/\/twitter.com\/noticiadosvales\" target=\"_blank\">@noticiadosvales<\/a> e Instagram <a rel=\"noreferrer noopener\" href=\"https:\/\/www.instagram.com\/aconteceunovale\" target=\"_blank\">@aconteceunovale<\/a>.<\/p>\n","protected":false},"excerpt":{"rendered":"<p>O sat\u00e9lite Amazonia 1 j\u00e1 est\u00e1 a caminho da \u00cdndia. O embarque aconteceu em um avi\u00e3o B777 da Emirates, no Aeroporto de S\u00e3o Jos\u00e9 dos Campos (SP). A previs\u00e3o de lan\u00e7amento ao espa\u00e7o \u00e9 em fevereiro de 2021.&nbsp; \u201cPara termos o sat\u00e9lite preparado para envio para a base de lan\u00e7amento contamos com o empenho de [&hellip;]<\/p>\n","protected":false},"author":4,"featured_media":171121,"comment_status":"open","ping_status":"closed","sticky":false,"template":"","format":"standard","meta":{"amp_status":"","footnotes":""},"categories":[6,28848],"tags":[142678,233075,233073,233074,4785,233077,233076,143844,48760,27111,233078,58608,233072],"class_list":["post-171120","post","type-post","status-publish","format-standard","has-post-thumbnail","hentry","category-br","category-mundo","tag-aeb","tag-aeroporto-de-sao-jose-dos-campos","tag-amazonia-1","tag-b777-da-emirates","tag-brasil","tag-carlos-moura","tag-clezio-de-nardin","tag-emirates","tag-india","tag-inpe","tag-lancamento-do-satelite-amazonia-1","tag-mcti","tag-satelite-amazonia-1"],"_links":{"self":[{"href":"https:\/\/aconteceunovale.com.br\/portal\/index.php?rest_route=\/wp\/v2\/posts\/171120","targetHints":{"allow":["GET"]}}],"collection":[{"href":"https:\/\/aconteceunovale.com.br\/portal\/index.php?rest_route=\/wp\/v2\/posts"}],"about":[{"href":"https:\/\/aconteceunovale.com.br\/portal\/index.php?rest_route=\/wp\/v2\/types\/post"}],"author":[{"embeddable":true,"href":"https:\/\/aconteceunovale.com.br\/portal\/index.php?rest_route=\/wp\/v2\/users\/4"}],"replies":[{"embeddable":true,"href":"https:\/\/aconteceunovale.com.br\/portal\/index.php?rest_route=%2Fwp%2Fv2%2Fcomments&post=171120"}],"version-history":[{"count":1,"href":"https:\/\/aconteceunovale.com.br\/portal\/index.php?rest_route=\/wp\/v2\/posts\/171120\/revisions"}],"predecessor-version":[{"id":171122,"href":"https:\/\/aconteceunovale.com.br\/portal\/index.php?rest_route=\/wp\/v2\/posts\/171120\/revisions\/171122"}],"wp:featuredmedia":[{"embeddable":true,"href":"https:\/\/aconteceunovale.com.br\/portal\/index.php?rest_route=\/wp\/v2\/media\/171121"}],"wp:attachment":[{"href":"https:\/\/aconteceunovale.com.br\/portal\/index.php?rest_route=%2Fwp%2Fv2%2Fmedia&parent=171120"}],"wp:term":[{"taxonomy":"category","embeddable":true,"href":"https:\/\/aconteceunovale.com.br\/portal\/index.php?rest_route=%2Fwp%2Fv2%2Fcategories&post=171120"},{"taxonomy":"post_tag","embeddable":true,"href":"https:\/\/aconteceunovale.com.br\/portal\/index.php?rest_route=%2Fwp%2Fv2%2Ftags&post=171120"}],"curies":[{"name":"wp","href":"https:\/\/api.w.org\/{rel}","templated":true}]}}