{"id":171117,"date":"2020-12-22T14:08:35","date_gmt":"2020-12-22T17:08:35","guid":{"rendered":"https:\/\/aconteceunovale.com.br\/portal\/?p=171117"},"modified":"2020-12-22T14:09:32","modified_gmt":"2020-12-22T17:09:32","slug":"supermercados-deverao-ter-carrinhos-de-compras-adaptaveis","status":"publish","type":"post","link":"https:\/\/aconteceunovale.com.br\/portal\/?p=171117","title":{"rendered":"Supermercados dever\u00e3o ter carrinhos de compras adapt\u00e1veis"},"content":{"rendered":"\n<p>A C\u00e2mara dos Deputados aprovou, na noite dessa\u00a0segunda-feira (21\/12\/2020), o projeto de lei (PL 485\/2019)\u00a0que trata da obrigatoriedade da disponibiliza\u00e7\u00e3o de carrinhos de compra adapt\u00e1veis em supermercados para pessoas com defici\u00eancia ou com mobilidade reduzida. A proposta determina que os supermercados e hipermercados tamb\u00e9m tenham, pelo menos, um funcion\u00e1rio capacitado para atender a essas pessoas.\u00a0O projeto segue agora para o Senado.<\/p>\n\n\n\n<p>Pelo texto, de 2% a 5% dos carrinhos dever\u00e3o ser adaptados.&nbsp;O autor da proposta, deputado Capit\u00e3o Wagner (PROS-CE), ressalta que pais e respons\u00e1veis de crian\u00e7as com defici\u00eancia, ao fazer compras em supermercados, muitas vezes \u201cdeparam-se com o dilema de empurrar o carrinho de compras e, ao mesmo tempo, conduzir a cadeira de rodas ou outra tecnologia utilizada para a mobilidade de seus filhos\u201d.<\/p>\n\n\n\n<p>Ainda segundo a proposta, competir\u00e1 exclusivamente aos munic\u00edpios e ao Distrito Federal regulamentar e fiscalizar a medida. A regulamenta\u00e7\u00e3o dever\u00e1 dispor, por exemplo, sobre a categoriza\u00e7\u00e3o dos supermercados como de m\u00e9dio ou grande porte e sobre a tecnologia&nbsp;necess\u00e1ria \u00e0 adapta\u00e7\u00e3o dos carrinhos.<\/p>\n\n\n\n<p>O texto acrescenta a medida \u00e0 Lei de Acessibilidade (10.098\/00), que j\u00e1 prev\u00ea a obrigatoriedade de centros comerciais oferecerem carros e cadeiras de rodas, motorizados ou n\u00e3o, para o atendimento da pessoa com defici\u00eancia ou com mobilidade reduzida.<\/p>\n\n\n\n<p class=\"has-white-color has-vivid-cyan-blue-background-color has-text-color has-background\">Quer saber as not\u00edcias do <strong>Aconteceu no Vale<\/strong> em primeira m\u00e3o? Siga-nos no Facebook <a rel=\"noreferrer noopener\" href=\"http:\/\/facebook.com\/aconteceunovale\" target=\"_blank\">@aconteceunovale<\/a>, Twitter <a rel=\"noreferrer noopener\" href=\"https:\/\/twitter.com\/noticiadosvales\" target=\"_blank\">@noticiadosvales<\/a> e Instagram <a rel=\"noreferrer noopener\" href=\"https:\/\/www.instagram.com\/aconteceunovale\" target=\"_blank\">@aconteceunovale<\/a>.<\/p>\n","protected":false},"excerpt":{"rendered":"<p>A C\u00e2mara dos Deputados aprovou, na noite dessa\u00a0segunda-feira (21\/12\/2020), o projeto de lei (PL 485\/2019)\u00a0que trata da obrigatoriedade da disponibiliza\u00e7\u00e3o de carrinhos de compra adapt\u00e1veis em supermercados para pessoas com defici\u00eancia ou com mobilidade reduzida. A proposta determina que os supermercados e hipermercados tamb\u00e9m tenham, pelo menos, um funcion\u00e1rio capacitado para atender a essas pessoas.\u00a0O [&hellip;]<\/p>\n","protected":false},"author":4,"featured_media":171118,"comment_status":"open","ping_status":"closed","sticky":false,"template":"","format":"standard","meta":{"amp_status":"","footnotes":""},"categories":[6],"tags":[20922,233071,233069,233070,233068,21938,233067],"class_list":["post-171117","post","type-post","status-publish","format-standard","has-post-thumbnail","hentry","category-br","tag-camara-dos-deputados","tag-capitao-wagner","tag-carrinhos-adaptaveis-em-supermercado","tag-carrinhos-de-supermercado-para-pessoas-com-deficiencia","tag-carrinhos-de-supermercados-adaptaveis","tag-senado","tag-supermercados-deverao-ter-carrinhos-de-compras-adaptaveis"],"_links":{"self":[{"href":"https:\/\/aconteceunovale.com.br\/portal\/index.php?rest_route=\/wp\/v2\/posts\/171117","targetHints":{"allow":["GET"]}}],"collection":[{"href":"https:\/\/aconteceunovale.com.br\/portal\/index.php?rest_route=\/wp\/v2\/posts"}],"about":[{"href":"https:\/\/aconteceunovale.com.br\/portal\/index.php?rest_route=\/wp\/v2\/types\/post"}],"author":[{"embeddable":true,"href":"https:\/\/aconteceunovale.com.br\/portal\/index.php?rest_route=\/wp\/v2\/users\/4"}],"replies":[{"embeddable":true,"href":"https:\/\/aconteceunovale.com.br\/portal\/index.php?rest_route=%2Fwp%2Fv2%2Fcomments&post=171117"}],"version-history":[{"count":1,"href":"https:\/\/aconteceunovale.com.br\/portal\/index.php?rest_route=\/wp\/v2\/posts\/171117\/revisions"}],"predecessor-version":[{"id":171119,"href":"https:\/\/aconteceunovale.com.br\/portal\/index.php?rest_route=\/wp\/v2\/posts\/171117\/revisions\/171119"}],"wp:featuredmedia":[{"embeddable":true,"href":"https:\/\/aconteceunovale.com.br\/portal\/index.php?rest_route=\/wp\/v2\/media\/171118"}],"wp:attachment":[{"href":"https:\/\/aconteceunovale.com.br\/portal\/index.php?rest_route=%2Fwp%2Fv2%2Fmedia&parent=171117"}],"wp:term":[{"taxonomy":"category","embeddable":true,"href":"https:\/\/aconteceunovale.com.br\/portal\/index.php?rest_route=%2Fwp%2Fv2%2Fcategories&post=171117"},{"taxonomy":"post_tag","embeddable":true,"href":"https:\/\/aconteceunovale.com.br\/portal\/index.php?rest_route=%2Fwp%2Fv2%2Ftags&post=171117"}],"curies":[{"name":"wp","href":"https:\/\/api.w.org\/{rel}","templated":true}]}}