{"id":17111,"date":"2013-12-28T15:25:43","date_gmt":"2013-12-28T17:25:43","guid":{"rendered":"http:\/\/aconteceunovale.com.br\/portal\/?p=17111"},"modified":"2013-12-28T15:26:47","modified_gmt":"2013-12-28T17:26:47","slug":"ses-convoca-voluntarios-para-atuar-em-municipios-atingidos-pelas-chuvas","status":"publish","type":"post","link":"https:\/\/aconteceunovale.com.br\/portal\/?p=17111","title":{"rendered":"SES convoca volunt\u00e1rios para atuar em munic\u00edpios atingidos pelas chuvas"},"content":{"rendered":"<p>A Secretaria de Estado de Sa\u00fade de Minas Gerais (SES) convoca m\u00e9dicos, enfermeiros, psic\u00f3logos e assistentes sociais volunt\u00e1rios para atuar pela For\u00e7a Estadual de Sa\u00fade nos munic\u00edpios atingidos pelas chuvas. Para participar da For\u00e7a Estadual basta realizar cadastro atrav\u00e9s do link: <a href=\"https:\/\/docs.google.com\/forms\/d\/1wK58nU9aot2bXfw85-uemDdB196zfmkXqu6OQSrwcbE\/viewform\" target=\"_blank\">https:\/\/docs.google.com\/forms\/d\/1wK58nU9aot2bXfw85-uemDdB196zfmkXqu6OQSrwcbE\/viewform<\/a><\/p>\n<p>Os volunt\u00e1rios cadastrados poder\u00e3o ser convocados a qualquer momento, sempre que a SES detectar situa\u00e7\u00f5es nas quais a a\u00e7\u00e3o da For\u00e7a poder\u00e1 amenizar os danos. A convoca\u00e7\u00e3o ser\u00e1 realizada via e-mail ou pelo n\u00famero de telefone informado, de acordo com a necessidade.<\/p>\n<p>A t\u00edtulo de ajuda de custo a SES\/ repassa di\u00e1rias destinadas \u00e0s despesas com alimenta\u00e7\u00e3o e hospedagem e seguir\u00e1 as normas do Decreto n\u00ba 45.618, de 09 de junho de 2011, que disp\u00f5e sobre viagem a servi\u00e7o e concess\u00e3o de di\u00e1ria ao servidor dos \u00f3rg\u00e3os da Administra\u00e7\u00e3o P\u00fablica Direta, aut\u00e1rquica e fundacional do Poder Executivo, e da outras provid\u00eancias e outras normas.<\/p>\n<p>A For\u00e7a Estadual de Sa\u00fade foi criada em 2012 com o objetivo de dar apoio \u00e0s v\u00edtimas das chuvas.<\/p>\n<p>D\u00favidas e ou outras informa\u00e7\u00f5es pelos telefones: (31) 3915-9873 ou (31) 3915-9882 e pelo e-mail <a href=\"mailto:urgencia@saude.mg.gov.br\" target=\"_blank\">urgencia@saude.mg.gov.br<\/a>.<\/p>\n<p><img decoding=\"async\" src=\"http:\/\/aconteceunovale.com.br\/portal\/wp-content\/uploads\/2013\/12\/2medico_voluntario_mg.jpg\" alt=\"\" \/><br \/>\n<em>Foto ilustrativa<\/em><\/p>\n","protected":false},"excerpt":{"rendered":"<p>A Secretaria de Estado de Sa\u00fade de Minas Gerais (SES) convoca m\u00e9dicos, enfermeiros, psic\u00f3logos e assistentes sociais volunt\u00e1rios para atuar pela For\u00e7a Estadual de Sa\u00fade nos munic\u00edpios atingidos pelas chuvas. Para participar da For\u00e7a Estadual basta realizar cadastro atrav\u00e9s do link: https:\/\/docs.google.com\/forms\/d\/1wK58nU9aot2bXfw85-uemDdB196zfmkXqu6OQSrwcbE\/viewform Os volunt\u00e1rios cadastrados poder\u00e3o ser convocados a qualquer momento, sempre que a SES [&hellip;]<\/p>\n","protected":false},"author":1,"featured_media":0,"comment_status":"open","ping_status":"closed","sticky":false,"template":"","format":"standard","meta":{"amp_status":"","footnotes":""},"categories":[123],"tags":[2223,2221,2222],"class_list":["post-17111","post","type-post","status-publish","format-standard","hentry","category-gerais","tag-secretaria-estadual-de-saude-convoca-voluntarios-para-atuacao-nas-areas-atingidas-pela-chuva","tag-ses-convoca-voluntarios-para-atuar-em-municipios-atingidos-pelas-chuvas","tag-voluntarios-para-areas-atingidas-pela-chuva-em-minas-gerais"],"_links":{"self":[{"href":"https:\/\/aconteceunovale.com.br\/portal\/index.php?rest_route=\/wp\/v2\/posts\/17111","targetHints":{"allow":["GET"]}}],"collection":[{"href":"https:\/\/aconteceunovale.com.br\/portal\/index.php?rest_route=\/wp\/v2\/posts"}],"about":[{"href":"https:\/\/aconteceunovale.com.br\/portal\/index.php?rest_route=\/wp\/v2\/types\/post"}],"author":[{"embeddable":true,"href":"https:\/\/aconteceunovale.com.br\/portal\/index.php?rest_route=\/wp\/v2\/users\/1"}],"replies":[{"embeddable":true,"href":"https:\/\/aconteceunovale.com.br\/portal\/index.php?rest_route=%2Fwp%2Fv2%2Fcomments&post=17111"}],"version-history":[{"count":0,"href":"https:\/\/aconteceunovale.com.br\/portal\/index.php?rest_route=\/wp\/v2\/posts\/17111\/revisions"}],"wp:attachment":[{"href":"https:\/\/aconteceunovale.com.br\/portal\/index.php?rest_route=%2Fwp%2Fv2%2Fmedia&parent=17111"}],"wp:term":[{"taxonomy":"category","embeddable":true,"href":"https:\/\/aconteceunovale.com.br\/portal\/index.php?rest_route=%2Fwp%2Fv2%2Fcategories&post=17111"},{"taxonomy":"post_tag","embeddable":true,"href":"https:\/\/aconteceunovale.com.br\/portal\/index.php?rest_route=%2Fwp%2Fv2%2Ftags&post=17111"}],"curies":[{"name":"wp","href":"https:\/\/api.w.org\/{rel}","templated":true}]}}