{"id":171098,"date":"2020-12-21T21:20:41","date_gmt":"2020-12-22T00:20:41","guid":{"rendered":"https:\/\/aconteceunovale.com.br\/portal\/?p=171098"},"modified":"2020-12-21T21:25:43","modified_gmt":"2020-12-22T00:25:43","slug":"prefeito-de-santa-maria-do-suacui-morre-vitima-da-covid-19","status":"publish","type":"post","link":"https:\/\/aconteceunovale.com.br\/portal\/?p=171098","title":{"rendered":"Prefeito de Santa Maria do Sua\u00e7u\u00ed morre ap\u00f3s contrair Covid-19"},"content":{"rendered":"\n<p>O prefeito de Santa Maria do Sua\u00e7u\u00ed (MG), Arist\u00f3teles Temponi Catarina, mais conhecido como Palit\u00f3, morreu nesta segunda-feira (21\/12\/2020) v\u00edtima da Covid-19 (doen\u00e7a causada pelo novo coronav\u00edrus). Ele estava internado em um hospital de Belo Horizonte h\u00e1 v\u00e1rios dias. A informa\u00e7\u00e3o foi confirmada pela assessoria de comunica\u00e7\u00e3o do munic\u00edpio.<\/p>\n\n\n\n<p>Palit\u00f3 tinha 66 anos e havia assumido a prefeitura em 2019, ap\u00f3s elei\u00e7\u00e3o indireta, e havia ganhado as elei\u00e7\u00f5es deste ano com 51,84% dos votos. Ele era casado e tinha ensino fundamental incompleto.<\/p>\n\n\n\n<p>O prefeito em exerc\u00edcio, Aristeu Rocha, declarou luto de tr\u00eas dias no munic\u00edpio. <em>\u201c\u00c9 com grande pesar que a Prefeitura Municipal de Santa Maria do Sua\u00e7u\u00ed informa o falecimento do prefeito Arist\u00f3teles Temponi Catarina &#8211; Palit\u00f3. O Prefeito em exerc\u00edcio, Aristeu Rocha, declara luto de 3 dias no munic\u00edpio\u201d.<\/em><\/p>\n\n\n\n<figure class=\"wp-block-image size-large\"><img loading=\"lazy\" decoding=\"async\" width=\"495\" height=\"450\" src=\"https:\/\/aconteceunovale.com.br\/portal\/wp-content\/uploads\/2020\/12\/palito_obito.jpg\" alt=\"\" class=\"wp-image-171099\" srcset=\"https:\/\/aconteceunovale.com.br\/portal\/wp-content\/uploads\/2020\/12\/palito_obito.jpg 495w, https:\/\/aconteceunovale.com.br\/portal\/wp-content\/uploads\/2020\/12\/palito_obito-300x273.jpg 300w, https:\/\/aconteceunovale.com.br\/portal\/wp-content\/uploads\/2020\/12\/palito_obito-462x420.jpg 462w\" sizes=\"auto, (max-width: 495px) 100vw, 495px\" \/><figcaption><em>Foto: Divulga\u00e7\u00e3o<\/em><\/figcaption><\/figure>\n\n\n\n<p class=\"has-white-color has-vivid-cyan-blue-background-color has-text-color has-background\">Quer saber as not\u00edcias do <strong>Aconteceu no Vale<\/strong> em primeira m\u00e3o? Siga-nos no Facebook <a rel=\"noreferrer noopener\" href=\"http:\/\/facebook.com\/aconteceunovale\" target=\"_blank\">@aconteceunovale<\/a>, Twitter <a rel=\"noreferrer noopener\" href=\"https:\/\/twitter.com\/noticiadosvales\" target=\"_blank\">@noticiadosvales<\/a> e Instagram <a rel=\"noreferrer noopener\" href=\"https:\/\/www.instagram.com\/aconteceunovale\" target=\"_blank\">@aconteceunovale<\/a>.<\/p>\n","protected":false},"excerpt":{"rendered":"<p>O prefeito de Santa Maria do Sua\u00e7u\u00ed (MG), Arist\u00f3teles Temponi Catarina, mais conhecido como Palit\u00f3, morreu nesta segunda-feira (21\/12\/2020) v\u00edtima da Covid-19 (doen\u00e7a causada pelo novo coronav\u00edrus). Ele estava internado em um hospital de Belo Horizonte h\u00e1 v\u00e1rios dias. A informa\u00e7\u00e3o foi confirmada pela assessoria de comunica\u00e7\u00e3o do munic\u00edpio. Palit\u00f3 tinha 66 anos e havia [&hellip;]<\/p>\n","protected":false},"author":4,"featured_media":171100,"comment_status":"open","ping_status":"closed","sticky":false,"template":"","format":"standard","meta":{"amp_status":"","footnotes":""},"categories":[121,40240],"tags":[233034,194825,214884,216498,1018,139158,139157,233031,233032,233033,140166,139156,233035,233030,240],"class_list":["post-171098","post","type-post","status-publish","format-standard","has-post-thumbnail","hentry","category-leste","category-politica-2","tag-aristeu-rocha","tag-aristoteles-temponi-catarina","tag-coronavirus","tag-covid-19","tag-destaque","tag-morre-o-prefeito-de-santa-maria-do-suacui","tag-morte-do-prefeito-de-santa-maria-do-suacui","tag-obito-do-prefeito-de-santa-maria-do-suacui","tag-palito","tag-palito-prefeito-de-santa-maria-do-suacui","tag-pandemia","tag-prefeito-de-santa-maria-do-suacui","tag-prefeito-de-santa-maria-do-suacui-morre-apos-contrair-covid-19","tag-prefeito-de-santa-maria-do-suacui-morre-vitima-da-covid-19","tag-santa-maria-do-suacui"],"_links":{"self":[{"href":"https:\/\/aconteceunovale.com.br\/portal\/index.php?rest_route=\/wp\/v2\/posts\/171098","targetHints":{"allow":["GET"]}}],"collection":[{"href":"https:\/\/aconteceunovale.com.br\/portal\/index.php?rest_route=\/wp\/v2\/posts"}],"about":[{"href":"https:\/\/aconteceunovale.com.br\/portal\/index.php?rest_route=\/wp\/v2\/types\/post"}],"author":[{"embeddable":true,"href":"https:\/\/aconteceunovale.com.br\/portal\/index.php?rest_route=\/wp\/v2\/users\/4"}],"replies":[{"embeddable":true,"href":"https:\/\/aconteceunovale.com.br\/portal\/index.php?rest_route=%2Fwp%2Fv2%2Fcomments&post=171098"}],"version-history":[{"count":2,"href":"https:\/\/aconteceunovale.com.br\/portal\/index.php?rest_route=\/wp\/v2\/posts\/171098\/revisions"}],"predecessor-version":[{"id":171102,"href":"https:\/\/aconteceunovale.com.br\/portal\/index.php?rest_route=\/wp\/v2\/posts\/171098\/revisions\/171102"}],"wp:featuredmedia":[{"embeddable":true,"href":"https:\/\/aconteceunovale.com.br\/portal\/index.php?rest_route=\/wp\/v2\/media\/171100"}],"wp:attachment":[{"href":"https:\/\/aconteceunovale.com.br\/portal\/index.php?rest_route=%2Fwp%2Fv2%2Fmedia&parent=171098"}],"wp:term":[{"taxonomy":"category","embeddable":true,"href":"https:\/\/aconteceunovale.com.br\/portal\/index.php?rest_route=%2Fwp%2Fv2%2Fcategories&post=171098"},{"taxonomy":"post_tag","embeddable":true,"href":"https:\/\/aconteceunovale.com.br\/portal\/index.php?rest_route=%2Fwp%2Fv2%2Ftags&post=171098"}],"curies":[{"name":"wp","href":"https:\/\/api.w.org\/{rel}","templated":true}]}}