{"id":171095,"date":"2020-12-21T18:56:44","date_gmt":"2020-12-21T21:56:44","guid":{"rendered":"https:\/\/aconteceunovale.com.br\/portal\/?p=171095"},"modified":"2020-12-21T18:57:21","modified_gmt":"2020-12-21T21:57:21","slug":"justica-suspende-leilao-de-tela-do-ex-presidente-juscelino-kubitschek","status":"publish","type":"post","link":"https:\/\/aconteceunovale.com.br\/portal\/?p=171095","title":{"rendered":"Justi\u00e7a suspende leil\u00e3o de tela do ex-presidente Juscelino Kubitschek"},"content":{"rendered":"\n<p>A Justi\u00e7a suspendeu nesta segunda-feira (21\/12\/2020), em car\u00e1ter liminar, o\u00a0leil\u00e3o do quadro do ex-presidente\u00a0da Rep\u00fablica, Juscelino Kubitschek (1902-1976), pintado em 1957 por Di Cavalcanti (1897-1976) e integrante do acervo da Casa Juscelino, no Centro Hist\u00f3rico de Diamantina. A decis\u00e3o \u00e9 do juiz de plant\u00e3o J\u00falio Alexandre Fialho Moreira, da Comarca de Turmalina, no Vale do Jequitinhonha. O descumprimento da ordem judicial implicar\u00e1 multa de R$ 3 milh\u00f5es.\u00a0<\/p>\n\n\n\n<p>A venda da tela, no valor estimado de\u00a0R$ 1 milh\u00e3o, seria em S\u00e3o Paulo, de acordo com o diretor-presidente do equipamento cultural, Serafim Jardim, de 85 anos. Segundo o advogado Ricardo Costa, que representa Serafim Jardim e a Casa Juscelino,\u00a0ser\u00e3o tomadas todas as medidas cab\u00edveis, recorrendo da decis\u00e3o junto ao Tribunal de Justi\u00e7a de Minas Gerais (TJMG).<\/p>\n\n\n\n<p>O dinheiro arrecadado com o leil\u00e3o seria usado para pagar d\u00edvidas de R$ 500 mil da institui\u00e7\u00e3o.<\/p>\n\n\n\n<figure class=\"wp-block-image size-large is-resized\"><img loading=\"lazy\" decoding=\"async\" src=\"https:\/\/aconteceunovale.com.br\/portal\/wp-content\/uploads\/2020\/12\/tela_jk.png\" alt=\"\" class=\"wp-image-171096\" width=\"580\" height=\"424\" srcset=\"https:\/\/aconteceunovale.com.br\/portal\/wp-content\/uploads\/2020\/12\/tela_jk.png 615w, https:\/\/aconteceunovale.com.br\/portal\/wp-content\/uploads\/2020\/12\/tela_jk-300x220.png 300w, https:\/\/aconteceunovale.com.br\/portal\/wp-content\/uploads\/2020\/12\/tela_jk-574x420.png 574w\" sizes=\"auto, (max-width: 580px) 100vw, 580px\" \/><figcaption><em>Retrato de JK foi pintado por Di Cavalcanti &#8211; Foto: Reprodu\u00e7\u00e3o<\/em><\/figcaption><\/figure>\n\n\n\n<h2 class=\"wp-block-heading\"><strong>Vit\u00f3ria<\/strong><\/h2>\n\n\n\n<p>Conforme a Procuradoria-Geral do Munic\u00edpio de Diamantina, que considerou a decis\u00e3o &#8220;uma vit\u00f3ria&#8221;, o pedido de suspens\u00e3o do leil\u00e3o levou em considera\u00e7\u00e3o as caracter\u00edsticas hist\u00f3ricas, art\u00edsticas e culturais do quadro retratando o diamantinense Juscelino Kubitschek de Oliveira, presidente do Brasil de 1956 a 1961, governador de Minas de 1951 a 1955 e prefeito de Belo Horizonte 1940 a 1945. Destaques na a\u00e7\u00e3o tamb\u00e9m v\u00e3o para a\u00a0assinatura de JK, como Juscelino era conhecido, no verso da tela, e o autor ser o c\u00e9lebre Di Cavalcanti, expoente da pintura modernista no s\u00e9culo 20.<\/p>\n\n\n\n<p>Na A\u00e7\u00e3o Cautelar Preparat\u00f3ria e Antecedente, foram citados ainda problemas relacionados \u00e0 gest\u00e3o da Casa Juscelino e o fato de o diretor-presidente querer vender o quadro para resolver\u00a0quest\u00f5es financeiras\u00a0referentes ao equipamento cultural. Na manh\u00e3 de ontem, a Secretaria Municipal de Cultura promoveu uma reuni\u00e3o dos integrantes do Conselheiro Municipal do Patrim\u00f4nio Hist\u00f3rico de Diamantina para dar in\u00edcio ao processo de\u00a0tombamento do quadro, ainda prote\u00e7\u00e3o individual nos \u00e2mbitos federal, estadual e municipal. O prefeito reeleito de Diamantina, Juscelino Brasiliano Roque (Democratas), explicou que tem a\u00a0inten\u00e7\u00e3o de municipalizar a Casa Juscelino, com gest\u00e3o da Secretaria de Cultura, convidando Serafim Jardim para continuar como diretor-presidente.<\/p>\n\n\n\n<h2 class=\"wp-block-heading\"><strong>Pend\u00eancias<\/strong><\/h2>\n\n\n\n<p>Em nota, a Secretaria de Estado de Cultura e Turismo informa que tem dialogado internamente e com os respons\u00e1veis pela Casa JK para tentar regularizar a situa\u00e7\u00e3o do espa\u00e7o. &#8220;No entanto, a Casa JK est\u00e1 com presta\u00e7\u00f5es de contas de repasses p\u00fablicos em aberto, as pend\u00eancias v\u00eam desde 2013 e se acumulam a cada ano, como ser\u00e3o explicitadas abaixo com detalhes t\u00e9cnicos e jur\u00eddicos para o devido esclarecimento. Isso dificulta qualquer novo aporte&#8221;.<\/p>\n\n\n\n<h2 class=\"wp-block-heading\"><strong>Hist\u00f3ria de JK<\/strong><\/h2>\n\n\n\n<p>A Casa Juscelino fica na Rua S\u00e3o Francisco, n\u00ba 241, no Centro Hist\u00f3rico de Diamantina. Pintada de branco com janelas e portas azuis, o equipamento est\u00e1 bem conservado, embora fechado devido \u00e0 pandemia do novo coronav\u00edrus (que causa a Covid-19). O im\u00f3vel abriga museu, biblioteca, espa\u00e7o de conv\u00edvio ao ar livre e guarda parte da hist\u00f3ria de JK, que morou no local dos 3 aos 19 anos de idade.<\/p>\n\n\n\n<p class=\"has-white-color has-vivid-cyan-blue-background-color has-text-color has-background\">Quer saber as not\u00edcias do <strong>Aconteceu no Vale<\/strong> em primeira m\u00e3o? Siga-nos no Facebook <a rel=\"noreferrer noopener\" href=\"http:\/\/facebook.com\/aconteceunovale\" target=\"_blank\">@aconteceunovale<\/a>, Twitter <a rel=\"noreferrer noopener\" href=\"https:\/\/twitter.com\/noticiadosvales\" target=\"_blank\">@noticiadosvales<\/a> e Instagram <a rel=\"noreferrer noopener\" href=\"https:\/\/www.instagram.com\/aconteceunovale\" target=\"_blank\">@aconteceunovale<\/a>.<\/p>\n","protected":false},"excerpt":{"rendered":"<p>A Justi\u00e7a suspendeu nesta segunda-feira (21\/12\/2020), em car\u00e1ter liminar, o\u00a0leil\u00e3o do quadro do ex-presidente\u00a0da Rep\u00fablica, Juscelino Kubitschek (1902-1976), pintado em 1957 por Di Cavalcanti (1897-1976) e integrante do acervo da Casa Juscelino, no Centro Hist\u00f3rico de Diamantina. A decis\u00e3o \u00e9 do juiz de plant\u00e3o J\u00falio Alexandre Fialho Moreira, da Comarca de Turmalina, no Vale do [&hellip;]<\/p>\n","protected":false},"author":4,"featured_media":171096,"comment_status":"open","ping_status":"closed","sticky":false,"template":"","format":"standard","meta":{"amp_status":"","footnotes":""},"categories":[120],"tags":[52651,233027,1018,198,233022,106783,15493,233021,233018,233026,233023,31299,233020,233029,233019,233025,233028,233024,178],"class_list":["post-171095","post","type-post","status-publish","format-standard","has-post-thumbnail","hentry","category-jequi","tag-casa-de-juscelino","tag-casa-juscelino","tag-destaque","tag-diamantina","tag-ex-presidente-juscelino-kubitschek","tag-jk","tag-juscelino-kubitschek","tag-leilao-de-quadro-de-jk","tag-leilao-de-quadro-do-ex-presidente-juscelino-kubitschek","tag-leilao-de-tela-de-jk","tag-leilao-de-tela-do-ex-presidente-juscelino-kubitschek","tag-prefeitura-de-diamantina","tag-quadro-de-jk","tag-quadro-de-jk-pintado-por-di-cavalcanti","tag-quadro-do-ex-presidente-juscelino-kubitschek","tag-tela-de-jk","tag-tela-de-jk-pintada-por-di-cavalcanti","tag-tela-do-ex-presidente-juscelino-kubitschek","tag-turmalina"],"_links":{"self":[{"href":"https:\/\/aconteceunovale.com.br\/portal\/index.php?rest_route=\/wp\/v2\/posts\/171095","targetHints":{"allow":["GET"]}}],"collection":[{"href":"https:\/\/aconteceunovale.com.br\/portal\/index.php?rest_route=\/wp\/v2\/posts"}],"about":[{"href":"https:\/\/aconteceunovale.com.br\/portal\/index.php?rest_route=\/wp\/v2\/types\/post"}],"author":[{"embeddable":true,"href":"https:\/\/aconteceunovale.com.br\/portal\/index.php?rest_route=\/wp\/v2\/users\/4"}],"replies":[{"embeddable":true,"href":"https:\/\/aconteceunovale.com.br\/portal\/index.php?rest_route=%2Fwp%2Fv2%2Fcomments&post=171095"}],"version-history":[{"count":1,"href":"https:\/\/aconteceunovale.com.br\/portal\/index.php?rest_route=\/wp\/v2\/posts\/171095\/revisions"}],"predecessor-version":[{"id":171097,"href":"https:\/\/aconteceunovale.com.br\/portal\/index.php?rest_route=\/wp\/v2\/posts\/171095\/revisions\/171097"}],"wp:featuredmedia":[{"embeddable":true,"href":"https:\/\/aconteceunovale.com.br\/portal\/index.php?rest_route=\/wp\/v2\/media\/171096"}],"wp:attachment":[{"href":"https:\/\/aconteceunovale.com.br\/portal\/index.php?rest_route=%2Fwp%2Fv2%2Fmedia&parent=171095"}],"wp:term":[{"taxonomy":"category","embeddable":true,"href":"https:\/\/aconteceunovale.com.br\/portal\/index.php?rest_route=%2Fwp%2Fv2%2Fcategories&post=171095"},{"taxonomy":"post_tag","embeddable":true,"href":"https:\/\/aconteceunovale.com.br\/portal\/index.php?rest_route=%2Fwp%2Fv2%2Ftags&post=171095"}],"curies":[{"name":"wp","href":"https:\/\/api.w.org\/{rel}","templated":true}]}}