{"id":171088,"date":"2020-12-21T17:02:09","date_gmt":"2020-12-21T20:02:09","guid":{"rendered":"https:\/\/aconteceunovale.com.br\/portal\/?p=171088"},"modified":"2020-12-21T17:03:00","modified_gmt":"2020-12-21T20:03:00","slug":"policia-civil-indicia-11-suspeitos-de-integrar-organizacao-criminosa-em-aracuai","status":"publish","type":"post","link":"https:\/\/aconteceunovale.com.br\/portal\/?p=171088","title":{"rendered":"Pol\u00edcia Civil indicia 11 suspeitos de integrar organiza\u00e7\u00e3o criminosa em Ara\u00e7ua\u00ed"},"content":{"rendered":"\n<p>Ap\u00f3s mais de oito meses de investiga\u00e7\u00e3o, a Pol\u00edcia Civil de Minas Gerais (PCMG) concluiu, este m\u00eas, o inqu\u00e9rito instaurado para apurar a a\u00e7\u00e3o de uma organiza\u00e7\u00e3o criminosa que agia na cidade de Ara\u00e7ua\u00ed. No curso dos trabalhos, 11 pessoas foram indiciadas por integrar organiza\u00e7\u00e3o criminosa, tr\u00e1fico de drogas e com\u00e9rcio ilegal de armas de fogo. Ainda durante os trabalhos investigativos foram apreendidas grandes quantidades de drogas, armas de fogo, dinheiro, ve\u00edculos e outros objetos.<\/p>\n\n\n\n<p>Durante todo o ano, foram programadas a\u00e7\u00f5es policiais com o objetivo de atingir o n\u00facleo operacional dos criminosos, resultando no desmantelamento de grande parte do grupo. A equipe policial identificou que os suspeitos agiam de forma organizada e estruturada na distribui\u00e7\u00e3o de drogas na cidade, como tamb\u00e9m na pr\u00e1tica de outros crimes. Levantamentos apontam que os suspeitos possuem vasto hist\u00f3rico criminal, incluindo passagens por homic\u00eddios, tr\u00e1fico de drogas, roubos, entre outros.<\/p>\n\n\n\n<p>Para o delegado Geovane Klipel, o acompanhamento dos integrantes do grupo criminoso somado \u00e0s opera\u00e7\u00f5es de combate sistem\u00e1tica, provocaram a paralisa\u00e7\u00e3o da organiza\u00e7\u00e3o e o decl\u00ednio das atividades dela. Al\u00e9m disso, em decorr\u00eancia das a\u00e7\u00f5es policiais, houve uma queda significativa nos \u00edndices de criminalidade violenta em Ara\u00e7ua\u00ed, principalmente em rela\u00e7\u00e3o aos crimes de homic\u00eddios. Ainda segundo Klipel, essa foi a maior opera\u00e7\u00e3o realizada na hist\u00f3ria de Ara\u00e7ua\u00ed de combate ao crime organizado.<\/p>\n\n\n\n<figure class=\"wp-block-gallery columns-1 is-cropped wp-block-gallery-1 is-layout-flex wp-block-gallery-is-layout-flex\"><ul class=\"blocks-gallery-grid\"><li class=\"blocks-gallery-item\"><figure><img loading=\"lazy\" decoding=\"async\" width=\"678\" height=\"335\" src=\"https:\/\/aconteceunovale.com.br\/portal\/wp-content\/uploads\/2020\/12\/trafico_aracuai_1.png\" alt=\"\" data-id=\"171091\" data-full-url=\"https:\/\/aconteceunovale.com.br\/portal\/wp-content\/uploads\/2020\/12\/trafico_aracuai_1.png\" data-link=\"https:\/\/aconteceunovale.com.br\/portal\/?attachment_id=171091\" class=\"wp-image-171091\" srcset=\"https:\/\/aconteceunovale.com.br\/portal\/wp-content\/uploads\/2020\/12\/trafico_aracuai_1.png 678w, https:\/\/aconteceunovale.com.br\/portal\/wp-content\/uploads\/2020\/12\/trafico_aracuai_1-300x148.png 300w, https:\/\/aconteceunovale.com.br\/portal\/wp-content\/uploads\/2020\/12\/trafico_aracuai_1-324x160.png 324w\" sizes=\"auto, (max-width: 678px) 100vw, 678px\" \/><figcaption class=\"blocks-gallery-item__caption\"><em>Foto: Divulga\u00e7\u00e3o \/ PCMG<\/em><\/figcaption><\/figure><\/li><li class=\"blocks-gallery-item\"><figure><img loading=\"lazy\" decoding=\"async\" width=\"678\" height=\"336\" src=\"https:\/\/aconteceunovale.com.br\/portal\/wp-content\/uploads\/2020\/12\/trafico_aracuai_2.png\" alt=\"\" data-id=\"171090\" data-full-url=\"https:\/\/aconteceunovale.com.br\/portal\/wp-content\/uploads\/2020\/12\/trafico_aracuai_2.png\" data-link=\"https:\/\/aconteceunovale.com.br\/portal\/?attachment_id=171090\" class=\"wp-image-171090\" srcset=\"https:\/\/aconteceunovale.com.br\/portal\/wp-content\/uploads\/2020\/12\/trafico_aracuai_2.png 678w, https:\/\/aconteceunovale.com.br\/portal\/wp-content\/uploads\/2020\/12\/trafico_aracuai_2-300x149.png 300w, https:\/\/aconteceunovale.com.br\/portal\/wp-content\/uploads\/2020\/12\/trafico_aracuai_2-324x160.png 324w\" sizes=\"auto, (max-width: 678px) 100vw, 678px\" \/><figcaption class=\"blocks-gallery-item__caption\"><em>Foto: Divulga\u00e7\u00e3o \/ PCMG<\/em><\/figcaption><\/figure><\/li><\/ul><\/figure>\n\n\n\n<h2 class=\"wp-block-heading\"><strong>Outras informa\u00e7\u00f5es<\/strong><\/h2>\n\n\n\n<figure class=\"wp-block-embed is-type-rich is-provider-incorporar-manipulador wp-block-embed-incorporar-manipulador wp-embed-aspect-16-9 wp-has-aspect-ratio\"><div class=\"wp-block-embed__wrapper\">\n<iframe loading=\"lazy\" title=\"PCMG indicia 11 pessoas suspeitas de integrar organiza\u00e7\u00e3o criminosa em Ara\u00e7ua\u00ed\" width=\"696\" height=\"392\" src=\"https:\/\/www.youtube.com\/embed\/ZWSpBKBF_FE?feature=oembed\" frameborder=\"0\" allow=\"accelerometer; autoplay; clipboard-write; encrypted-media; gyroscope; picture-in-picture\" allowfullscreen><\/iframe>\n<\/div><\/figure>\n\n\n\n<p class=\"has-white-color has-vivid-cyan-blue-background-color has-text-color has-background\">Quer saber as not\u00edcias do <strong>Aconteceu no Vale<\/strong> em primeira m\u00e3o? Siga-nos no Facebook <a rel=\"noreferrer noopener\" href=\"http:\/\/facebook.com\/aconteceunovale\" target=\"_blank\">@aconteceunovale<\/a>, Twitter <a rel=\"noreferrer noopener\" href=\"https:\/\/twitter.com\/noticiadosvales\" target=\"_blank\">@noticiadosvales<\/a> e Instagram <a rel=\"noreferrer noopener\" href=\"https:\/\/www.instagram.com\/aconteceunovale\" target=\"_blank\">@aconteceunovale<\/a>.<\/p>\n","protected":false},"excerpt":{"rendered":"<p>Ap\u00f3s mais de oito meses de investiga\u00e7\u00e3o, a Pol\u00edcia Civil de Minas Gerais (PCMG) concluiu, este m\u00eas, o inqu\u00e9rito instaurado para apurar a a\u00e7\u00e3o de uma organiza\u00e7\u00e3o criminosa que agia na cidade de Ara\u00e7ua\u00ed. No curso dos trabalhos, 11 pessoas foram indiciadas por integrar organiza\u00e7\u00e3o criminosa, tr\u00e1fico de drogas e com\u00e9rcio ilegal de armas de [&hellip;]<\/p>\n","protected":false},"author":4,"featured_media":171090,"comment_status":"open","ping_status":"closed","sticky":false,"template":"","format":"standard","meta":{"amp_status":"","footnotes":""},"categories":[120],"tags":[125244,53547,186,233015,210731,102651,212307,604,233014,47131,210729,47987,162425],"class_list":["post-171088","post","type-post","status-publish","format-standard","has-post-thumbnail","hentry","category-jequi","tag-apreensao-de-armas-em-aracuai","tag-apreensao-de-drogas-em-aracuai","tag-aracuai","tag-armas-aracuai","tag-delegado-geovane-klipel","tag-drogas-aracuai","tag-geovane-klipel","tag-pcmg","tag-policia-civil-indicia-11-suspeitos-de-integrar-organizacao-criminosa-em-aracuai","tag-presos-em-aracuai","tag-traficantes-presos-em-aracuai","tag-trafico-de-drogas-em-aracuai","tag-trafico-em-aracuai"],"_links":{"self":[{"href":"https:\/\/aconteceunovale.com.br\/portal\/index.php?rest_route=\/wp\/v2\/posts\/171088","targetHints":{"allow":["GET"]}}],"collection":[{"href":"https:\/\/aconteceunovale.com.br\/portal\/index.php?rest_route=\/wp\/v2\/posts"}],"about":[{"href":"https:\/\/aconteceunovale.com.br\/portal\/index.php?rest_route=\/wp\/v2\/types\/post"}],"author":[{"embeddable":true,"href":"https:\/\/aconteceunovale.com.br\/portal\/index.php?rest_route=\/wp\/v2\/users\/4"}],"replies":[{"embeddable":true,"href":"https:\/\/aconteceunovale.com.br\/portal\/index.php?rest_route=%2Fwp%2Fv2%2Fcomments&post=171088"}],"version-history":[{"count":1,"href":"https:\/\/aconteceunovale.com.br\/portal\/index.php?rest_route=\/wp\/v2\/posts\/171088\/revisions"}],"predecessor-version":[{"id":171092,"href":"https:\/\/aconteceunovale.com.br\/portal\/index.php?rest_route=\/wp\/v2\/posts\/171088\/revisions\/171092"}],"wp:featuredmedia":[{"embeddable":true,"href":"https:\/\/aconteceunovale.com.br\/portal\/index.php?rest_route=\/wp\/v2\/media\/171090"}],"wp:attachment":[{"href":"https:\/\/aconteceunovale.com.br\/portal\/index.php?rest_route=%2Fwp%2Fv2%2Fmedia&parent=171088"}],"wp:term":[{"taxonomy":"category","embeddable":true,"href":"https:\/\/aconteceunovale.com.br\/portal\/index.php?rest_route=%2Fwp%2Fv2%2Fcategories&post=171088"},{"taxonomy":"post_tag","embeddable":true,"href":"https:\/\/aconteceunovale.com.br\/portal\/index.php?rest_route=%2Fwp%2Fv2%2Ftags&post=171088"}],"curies":[{"name":"wp","href":"https:\/\/api.w.org\/{rel}","templated":true}]}}