{"id":171085,"date":"2020-12-21T16:44:18","date_gmt":"2020-12-21T19:44:18","guid":{"rendered":"https:\/\/aconteceunovale.com.br\/portal\/?p=171085"},"modified":"2020-12-21T16:44:49","modified_gmt":"2020-12-21T19:44:49","slug":"entenda-o-apice-do-alinhamento-de-jupiter-e-saturno-video","status":"publish","type":"post","link":"https:\/\/aconteceunovale.com.br\/portal\/?p=171085","title":{"rendered":"Entenda o \u00e1pice do alinhamento de J\u00fapiter e Saturno; v\u00eddeo"},"content":{"rendered":"\n<p>\u00c9 chegado o grande dia! Esta noite (21\/12\/2020), J\u00fapiter e Saturno estar\u00e3o alinhados no c\u00e9u de uma forma que n\u00e3o era vista aqui da Terra h\u00e1 s\u00e9culos.<\/p>\n\n\n\n<p>\u00c9 o \u00e1pice da chamada conjun\u00e7\u00e3o de planetas. Um evento astron\u00f4mico raro \u2013 que ocorre a cada 20 anos. Mas neste ano, a &#8221;aparente&#8221; aproxima\u00e7\u00e3o dos gasosos \u00e9 ainda maior. S\u00f3 tinha sido vista assim em 1623.<\/p>\n\n\n\n<p>Como o pr\u00f3ximo evento desta magnitude s\u00f3 acontecer\u00e1 em 2080, o ideal \u00e9 aproveitar o espet\u00e1culo desta noite.<\/p>\n\n\n\n<p>Dependendo das condi\u00e7\u00f5es clim\u00e1ticas, a observa\u00e7\u00e3o do c\u00e9u a oeste pode ser feita a olho nu.<\/p>\n\n\n\n<p>Nas redes sociais, perfis e entidades de astronomia promovem transmiss\u00f5es ao vivo sobre o fen\u00f4meno.<\/p>\n\n\n\n<p>Quem explica o passo a passo da grande conjun\u00e7\u00e3o \u00e9 o professor do Observat\u00f3rio de Astronomia da Unesp, Rodoldo Langui. <\/p>\n\n\n\n<p><strong>Confira:<\/strong><\/p>\n\n\n\n<figure class=\"wp-block-embed is-type-rich is-provider-incorporar-manipulador wp-block-embed-incorporar-manipulador wp-embed-aspect-16-9 wp-has-aspect-ratio\"><div class=\"wp-block-embed__wrapper\">\n<iframe loading=\"lazy\" title=\"Professor explica sobre o alinhamento de J\u00fapiter e Saturno\" width=\"696\" height=\"392\" src=\"https:\/\/www.youtube.com\/embed\/X_dQ8FROkco?feature=oembed\" frameborder=\"0\" allow=\"accelerometer; autoplay; clipboard-write; encrypted-media; gyroscope; picture-in-picture\" allowfullscreen><\/iframe>\n<\/div><\/figure>\n\n\n\n<p class=\"has-white-color has-vivid-cyan-blue-background-color has-text-color has-background\">Quer saber as not\u00edcias do <strong>Aconteceu no Vale<\/strong> em primeira m\u00e3o? Siga-nos no Facebook <a rel=\"noreferrer noopener\" href=\"http:\/\/facebook.com\/aconteceunovale\" target=\"_blank\">@aconteceunovale<\/a>, Twitter <a rel=\"noreferrer noopener\" href=\"https:\/\/twitter.com\/noticiadosvales\" target=\"_blank\">@noticiadosvales<\/a> e Instagram <a rel=\"noreferrer noopener\" href=\"https:\/\/www.instagram.com\/aconteceunovale\" target=\"_blank\">@aconteceunovale<\/a>.<\/p>\n","protected":false},"excerpt":{"rendered":"<p>\u00c9 chegado o grande dia! Esta noite (21\/12\/2020), J\u00fapiter e Saturno estar\u00e3o alinhados no c\u00e9u de uma forma que n\u00e3o era vista aqui da Terra h\u00e1 s\u00e9culos. \u00c9 o \u00e1pice da chamada conjun\u00e7\u00e3o de planetas. Um evento astron\u00f4mico raro \u2013 que ocorre a cada 20 anos. Mas neste ano, a &#8221;aparente&#8221; aproxima\u00e7\u00e3o dos gasosos \u00e9 [&hellip;]<\/p>\n","protected":false},"author":4,"featured_media":170310,"comment_status":"open","ping_status":"closed","sticky":false,"template":"","format":"standard","meta":{"amp_status":"","footnotes":""},"categories":[6,125],"tags":[231917,1018,231911,109955,231912,231913,231916,232965,102975,231915,231914,232962,72697,70619,232963,232964,232966,26731,231918],"class_list":["post-171085","post","type-post","status-publish","format-standard","has-post-thumbnail","hentry","category-br","category-noticias","tag-aproximacao-entre-jupiter-e-saturno","tag-destaque","tag-dezembro-de-2020-tera-fenomeno-astronomico-que-nao-ocorre-desde-a-idade-media","tag-fenomeno-astronomico","tag-fenomeno-astronomico-dezembro-2020","tag-fenomeno-astronomico-que-nao-acontece-desde-a-idade-media","tag-grande-conjuncao-de-jupiter-e-saturno","tag-inicio-do-solsticio-de-verao","tag-jupiter","tag-patrick-hartigan","tag-rice-university","tag-saiba-o-que-e-solsticio-de-verao","tag-saturno","tag-solsticio-de-verao","tag-solsticio-de-verao-no-hemisferio-sul","tag-thiago-signorini","tag-thiago-signorini-goncalves","tag-verao","tag-volta-a-dezembro-de-1226"],"_links":{"self":[{"href":"https:\/\/aconteceunovale.com.br\/portal\/index.php?rest_route=\/wp\/v2\/posts\/171085","targetHints":{"allow":["GET"]}}],"collection":[{"href":"https:\/\/aconteceunovale.com.br\/portal\/index.php?rest_route=\/wp\/v2\/posts"}],"about":[{"href":"https:\/\/aconteceunovale.com.br\/portal\/index.php?rest_route=\/wp\/v2\/types\/post"}],"author":[{"embeddable":true,"href":"https:\/\/aconteceunovale.com.br\/portal\/index.php?rest_route=\/wp\/v2\/users\/4"}],"replies":[{"embeddable":true,"href":"https:\/\/aconteceunovale.com.br\/portal\/index.php?rest_route=%2Fwp%2Fv2%2Fcomments&post=171085"}],"version-history":[{"count":1,"href":"https:\/\/aconteceunovale.com.br\/portal\/index.php?rest_route=\/wp\/v2\/posts\/171085\/revisions"}],"predecessor-version":[{"id":171087,"href":"https:\/\/aconteceunovale.com.br\/portal\/index.php?rest_route=\/wp\/v2\/posts\/171085\/revisions\/171087"}],"wp:featuredmedia":[{"embeddable":true,"href":"https:\/\/aconteceunovale.com.br\/portal\/index.php?rest_route=\/wp\/v2\/media\/170310"}],"wp:attachment":[{"href":"https:\/\/aconteceunovale.com.br\/portal\/index.php?rest_route=%2Fwp%2Fv2%2Fmedia&parent=171085"}],"wp:term":[{"taxonomy":"category","embeddable":true,"href":"https:\/\/aconteceunovale.com.br\/portal\/index.php?rest_route=%2Fwp%2Fv2%2Fcategories&post=171085"},{"taxonomy":"post_tag","embeddable":true,"href":"https:\/\/aconteceunovale.com.br\/portal\/index.php?rest_route=%2Fwp%2Fv2%2Ftags&post=171085"}],"curies":[{"name":"wp","href":"https:\/\/api.w.org\/{rel}","templated":true}]}}