{"id":171077,"date":"2020-12-21T14:00:45","date_gmt":"2020-12-21T17:00:45","guid":{"rendered":"https:\/\/aconteceunovale.com.br\/portal\/?p=171077"},"modified":"2020-12-21T14:01:06","modified_gmt":"2020-12-21T17:01:06","slug":"presidente-sanciona-lei-que-altera-definicao-de-crime-de-denunciacao-caluniosa","status":"publish","type":"post","link":"https:\/\/aconteceunovale.com.br\/portal\/?p=171077","title":{"rendered":"Presidente sanciona lei que altera defini\u00e7\u00e3o de crime de denuncia\u00e7\u00e3o caluniosa"},"content":{"rendered":"\n<p>O presidente Jair Bolsonaro sancionou\u00a0nesta\u00a0segunda-feira (21\/12\/2020) a lei que altera a descri\u00e7\u00e3o no\u00a0C\u00f3digo Penal, do crime cometido por quem faz den\u00fancias falsas contra pessoas sabidamente inocentes, a chamada denuncia\u00e7\u00e3o caluniosa.\u00a0A lei est\u00e1 publicada no\u00a0<a rel=\"noreferrer noopener\" href=\"http:\/\/www.planalto.gov.br\/ccivil_03\/_Ato2019-2022\/2020\/Lei\/L14110.htm\" target=\"_blank\"><em>Di\u00e1rio Oficial da Uni\u00e3o<\/em><\/a>\u00a0de hoje.\u00a0<img decoding=\"async\" src=\"https:\/\/agenciabrasil.ebc.com.br\/ebc.png?id=1396998&amp;o=node\"><img decoding=\"async\" src=\"https:\/\/agenciabrasil.ebc.com.br\/ebc.gif?id=1396998&amp;o=node\"><\/p>\n\n\n\n<p>O texto prev\u00ea pena de reclus\u00e3o de dois a oito anos e multa, para quem provocar a instaura\u00e7\u00e3o de inqu\u00e9rito policial, de procedimento investigat\u00f3rio criminal, de processo judicial, de processo administrativo disciplinar, de inqu\u00e9rito civil ou de a\u00e7\u00e3o de improbidade administrativa contra pessoa inocente, imputando-lhe crime, infra\u00e7\u00e3o \u00e9tico-disciplinar ou ato \u00edmprobo.<\/p>\n\n\n\n<p>A nova lei retira do C\u00f3digo Penal a puni\u00e7\u00e3o por den\u00fancias que levem \u00e0 mera \u201cinvestiga\u00e7\u00e3o administrativa\u201d. Na pr\u00e1tica, para que haja puni\u00e7\u00e3o pelo crime de denuncia\u00e7\u00e3o caluniosa, ser\u00e1 necess\u00e1ria a instaura\u00e7\u00e3o efetiva de inqu\u00e9rito, processo ou a\u00e7\u00e3o contra quem foi injustamente denunciado.&nbsp;No Senado, a mat\u00e9ria foi relatada pelo senador Angelo Coronel (PSD-BA), que defendeu a aprova\u00e7\u00e3o da norma para compatibilizar o C\u00f3digo Penal com a Lei de Abuso de Autoridade. A nova lei passou a estabelecer que den\u00fancias falsas de infra\u00e7\u00f5es \u00e9ticas e disciplinares tamb\u00e9m possam ser consideradas crime de denuncia\u00e7\u00e3o caluniosa se resultarem em processos.<\/p>\n\n\n\n<p>\u201cN\u00e3o \u00e9 mais todo e qualquer expediente administrativo, como uma not\u00edcia de fato ou sindic\u00e2ncia, que pode ser enquadrado como \u2018investiga\u00e7\u00e3o\u2019 para fins de caracteriza\u00e7\u00e3o da denuncia\u00e7\u00e3o caluniosa. Agora ser\u00e1 necess\u00e1rio que o procedimento, o processo, a a\u00e7\u00e3o instaurada em decorr\u00eancia da den\u00fancia falsa tenha car\u00e1ter\u00a0sancionador e acusat\u00f3rio, e n\u00e3o meramente investigativo\u201d, esclareceu o senador \u00e0 \u00e9poca da apresenta\u00e7\u00e3o do seu relat\u00f3rio.<\/p>\n\n\n\n<p class=\"has-white-color has-vivid-cyan-blue-background-color has-text-color has-background\">Quer saber as not\u00edcias do <strong>Aconteceu no Vale<\/strong> em primeira m\u00e3o? Siga-nos no Facebook <a rel=\"noreferrer noopener\" href=\"http:\/\/facebook.com\/aconteceunovale\" target=\"_blank\">@aconteceunovale<\/a>, Twitter <a rel=\"noreferrer noopener\" href=\"https:\/\/twitter.com\/noticiadosvales\" target=\"_blank\">@noticiadosvales<\/a> e Instagram <a rel=\"noreferrer noopener\" href=\"https:\/\/www.instagram.com\/aconteceunovale\" target=\"_blank\">@aconteceunovale<\/a>.<\/p>\n","protected":false},"excerpt":{"rendered":"<p>O presidente Jair Bolsonaro sancionou\u00a0nesta\u00a0segunda-feira (21\/12\/2020) a lei que altera a descri\u00e7\u00e3o no\u00a0C\u00f3digo Penal, do crime cometido por quem faz den\u00fancias falsas contra pessoas sabidamente inocentes, a chamada denuncia\u00e7\u00e3o caluniosa.\u00a0A lei est\u00e1 publicada no\u00a0Di\u00e1rio Oficial da Uni\u00e3o\u00a0de hoje.\u00a0 O texto prev\u00ea pena de reclus\u00e3o de dois a oito anos e multa, para quem provocar a [&hellip;]<\/p>\n","protected":false},"author":4,"featured_media":171078,"comment_status":"open","ping_status":"closed","sticky":false,"template":"","format":"standard","meta":{"amp_status":"","footnotes":""},"categories":[6,40240],"tags":[100375,233005,233004,233006,26436,174222,233003],"class_list":["post-171077","post","type-post","status-publish","format-standard","has-post-thumbnail","hentry","category-br","category-politica-2","tag-bolsonaro","tag-crime-de-denunciacao-caluniosa","tag-definicao-de-crime-de-denunciacao-caluniosa","tag-denunciacao-caluniosa","tag-jair-bolsonaro","tag-presidente-jair-bolsonaro","tag-presidente-sanciona-lei-que-altera-definicao-de-crime-de-denunciacao-caluniosa"],"_links":{"self":[{"href":"https:\/\/aconteceunovale.com.br\/portal\/index.php?rest_route=\/wp\/v2\/posts\/171077","targetHints":{"allow":["GET"]}}],"collection":[{"href":"https:\/\/aconteceunovale.com.br\/portal\/index.php?rest_route=\/wp\/v2\/posts"}],"about":[{"href":"https:\/\/aconteceunovale.com.br\/portal\/index.php?rest_route=\/wp\/v2\/types\/post"}],"author":[{"embeddable":true,"href":"https:\/\/aconteceunovale.com.br\/portal\/index.php?rest_route=\/wp\/v2\/users\/4"}],"replies":[{"embeddable":true,"href":"https:\/\/aconteceunovale.com.br\/portal\/index.php?rest_route=%2Fwp%2Fv2%2Fcomments&post=171077"}],"version-history":[{"count":1,"href":"https:\/\/aconteceunovale.com.br\/portal\/index.php?rest_route=\/wp\/v2\/posts\/171077\/revisions"}],"predecessor-version":[{"id":171079,"href":"https:\/\/aconteceunovale.com.br\/portal\/index.php?rest_route=\/wp\/v2\/posts\/171077\/revisions\/171079"}],"wp:featuredmedia":[{"embeddable":true,"href":"https:\/\/aconteceunovale.com.br\/portal\/index.php?rest_route=\/wp\/v2\/media\/171078"}],"wp:attachment":[{"href":"https:\/\/aconteceunovale.com.br\/portal\/index.php?rest_route=%2Fwp%2Fv2%2Fmedia&parent=171077"}],"wp:term":[{"taxonomy":"category","embeddable":true,"href":"https:\/\/aconteceunovale.com.br\/portal\/index.php?rest_route=%2Fwp%2Fv2%2Fcategories&post=171077"},{"taxonomy":"post_tag","embeddable":true,"href":"https:\/\/aconteceunovale.com.br\/portal\/index.php?rest_route=%2Fwp%2Fv2%2Ftags&post=171077"}],"curies":[{"name":"wp","href":"https:\/\/api.w.org\/{rel}","templated":true}]}}