{"id":171075,"date":"2020-12-21T13:25:13","date_gmt":"2020-12-21T16:25:13","guid":{"rendered":"https:\/\/aconteceunovale.com.br\/portal\/?p=171075"},"modified":"2020-12-21T21:37:00","modified_gmt":"2020-12-22T00:37:00","slug":"homem-e-assassinado-em-minas-novas","status":"publish","type":"post","link":"https:\/\/aconteceunovale.com.br\/portal\/?p=171075","title":{"rendered":"Homem \u00e9 assassinado em Minas Novas"},"content":{"rendered":"\n<p>Um homem de 35 anos foi morto a facadas em Minas Novas, no Vale do Jequitinhonha, na tarde de domingo (20\/12\/2020). Um sobrinho da v\u00edtima, de 17 anos, \u00e9 o principal suspeito do crime.<\/p>\n\n\n\n<p>Segundo informa\u00e7\u00f5es da Pol\u00edcia Militar (PM), o homem estava na casa do adolescente, na rua Bet\u00e2nia, quando teria ocorrido um desentendimento entre eles. Durante a discuss\u00e3o, conforme a ocorr\u00eancia, a v\u00edtima foi golpeada com uma faca.<\/p>\n\n\n\n<p>O SAMU (Servi\u00e7o de Atendimento M\u00f3vel de Urg\u00eancia) esteve no local e socorreu o homem ao hospital de Minas Novas. Devido a gravidade dos ferimentos, ele foi transferido para Turmalina, mas n\u00e3o resistiu e veio a \u00f3bito.<\/p>\n\n\n\n<p>O adolescente n\u00e3o foi localizado no local do crime. O caso ser\u00e1 investigado pela Pol\u00edcia Civil.<\/p>\n\n\n\n<p class=\"has-white-color has-vivid-cyan-blue-background-color has-text-color has-background\">Quer saber as not\u00edcias do <strong>Aconteceu no Vale<\/strong> em primeira m\u00e3o? Siga-nos no Facebook <a rel=\"noreferrer noopener\" href=\"http:\/\/facebook.com\/aconteceunovale\" target=\"_blank\">@aconteceunovale<\/a>, Twitter <a rel=\"noreferrer noopener\" href=\"https:\/\/twitter.com\/noticiadosvales\" target=\"_blank\">@noticiadosvales<\/a> e Instagram <a rel=\"noreferrer noopener\" href=\"https:\/\/www.instagram.com\/aconteceunovale\" target=\"_blank\">@aconteceunovale<\/a>.<\/p>\n","protected":false},"excerpt":{"rendered":"<p>Um homem de 35 anos foi morto a facadas em Minas Novas, no Vale do Jequitinhonha, na tarde de domingo (20\/12\/2020). Um sobrinho da v\u00edtima, de 17 anos, \u00e9 o principal suspeito do crime. Segundo informa\u00e7\u00f5es da Pol\u00edcia Militar (PM), o homem estava na casa do adolescente, na rua Bet\u00e2nia, quando teria ocorrido um desentendimento [&hellip;]<\/p>\n","protected":false},"author":4,"featured_media":151866,"comment_status":"open","ping_status":"closed","sticky":false,"template":"","format":"standard","meta":{"amp_status":"","footnotes":""},"categories":[120],"tags":[233002,53398,1018,232999,29072,137,233000,233001,178],"class_list":["post-171075","post","type-post","status-publish","format-standard","has-post-thumbnail","hentry","category-jequi","tag-alberto-alves-ferreira","tag-assassinado-em-minas-novas","tag-destaque","tag-homem-e-assassinado-em-minas-novas","tag-homicidio-em-minas-novas","tag-minas-novas","tag-morto-pelo-sobrinho-em-minas-novas","tag-tio-morto-pelo-sobrinho-em-minas-novas","tag-turmalina"],"_links":{"self":[{"href":"https:\/\/aconteceunovale.com.br\/portal\/index.php?rest_route=\/wp\/v2\/posts\/171075","targetHints":{"allow":["GET"]}}],"collection":[{"href":"https:\/\/aconteceunovale.com.br\/portal\/index.php?rest_route=\/wp\/v2\/posts"}],"about":[{"href":"https:\/\/aconteceunovale.com.br\/portal\/index.php?rest_route=\/wp\/v2\/types\/post"}],"author":[{"embeddable":true,"href":"https:\/\/aconteceunovale.com.br\/portal\/index.php?rest_route=\/wp\/v2\/users\/4"}],"replies":[{"embeddable":true,"href":"https:\/\/aconteceunovale.com.br\/portal\/index.php?rest_route=%2Fwp%2Fv2%2Fcomments&post=171075"}],"version-history":[{"count":2,"href":"https:\/\/aconteceunovale.com.br\/portal\/index.php?rest_route=\/wp\/v2\/posts\/171075\/revisions"}],"predecessor-version":[{"id":171103,"href":"https:\/\/aconteceunovale.com.br\/portal\/index.php?rest_route=\/wp\/v2\/posts\/171075\/revisions\/171103"}],"wp:featuredmedia":[{"embeddable":true,"href":"https:\/\/aconteceunovale.com.br\/portal\/index.php?rest_route=\/wp\/v2\/media\/151866"}],"wp:attachment":[{"href":"https:\/\/aconteceunovale.com.br\/portal\/index.php?rest_route=%2Fwp%2Fv2%2Fmedia&parent=171075"}],"wp:term":[{"taxonomy":"category","embeddable":true,"href":"https:\/\/aconteceunovale.com.br\/portal\/index.php?rest_route=%2Fwp%2Fv2%2Fcategories&post=171075"},{"taxonomy":"post_tag","embeddable":true,"href":"https:\/\/aconteceunovale.com.br\/portal\/index.php?rest_route=%2Fwp%2Fv2%2Ftags&post=171075"}],"curies":[{"name":"wp","href":"https:\/\/api.w.org\/{rel}","templated":true}]}}