{"id":171066,"date":"2020-12-21T11:46:51","date_gmt":"2020-12-21T14:46:51","guid":{"rendered":"https:\/\/aconteceunovale.com.br\/portal\/?p=171066"},"modified":"2020-12-21T11:49:41","modified_gmt":"2020-12-21T14:49:41","slug":"primeira-semana-do-verao-tera-temporais-no-sudeste","status":"publish","type":"post","link":"https:\/\/aconteceunovale.com.br\/portal\/?p=171066","title":{"rendered":"Primeira semana do ver\u00e3o ter\u00e1 temporais no Sudeste"},"content":{"rendered":"\n<p>O primeiro dia do ver\u00e3o ter\u00e1 caracter\u00edsticas t\u00edpicas da esta\u00e7\u00e3o no Sudeste. Nesta segunda-feira (21), o sol vai aparecer forte em praticamente todas as \u00e1reas da Regi\u00e3o, e as pancadas de chuva ir\u00e3o se concentrar especialmente no per\u00edodo da tarde.<\/p>\n\n\n\n<p>No entanto, a partir de ter\u00e7a-feira (22), a passagem de uma grande frente fria pelo oceano, associada \u00e0 circula\u00e7\u00e3o de ventos, vai mudar o tempo completamente em v\u00e1rias localidades da Regi\u00e3o. Neste dia, o c\u00e9u ficar\u00e1 predominantemente nublado, com risco de temporais a qualquer hora, no estado de\u00a0<a href=\"https:\/\/www.climatempo.com.br\/previsao-do-tempo\/cidade\/558\/saopaulo-sp\" target=\"_blank\" rel=\"noreferrer noopener\">S\u00e3o Paulo<\/a>, no Grande Rio e em \u00e1reas do Tri\u00e2ngulo Mineiro e sul de Minas Gerais. Nas demais \u00e1reas, a chuva ser\u00e1 isolada, especialmente \u00e0 tarde.<\/p>\n\n\n\n<p>Na quarta-feira (23), o risco de temporais aumenta e a chuva ser\u00e1 generalizada entre o interior de S\u00e3o Paulo, o estado de Minas Gerais e o interior do\u00a0<a rel=\"noreferrer noopener\" href=\"https:\/\/www.climatempo.com.br\/previsao-do-tempo\/cidade\/321\/riodejaneiro-rj\" target=\"_blank\">Rio de Janeiro<\/a>. A expectativa \u00e9 de volumes de chuva muito elevados especialmente entre a Grande\u00a0<a rel=\"noreferrer noopener\" href=\"https:\/\/www.climatempo.com.br\/previsao-do-tempo\/cidade\/107\/belohorizonte-mg\" target=\"_blank\">Belo Horizonte<\/a>, a Zona da Mata e o Sul de Minas. J\u00e1 na faixa leste paulista, inclusive na capital e no litoral, apesar do excesso de nuvens, s\u00f3 deve chover com fraca a moderada intensidade.<\/p>\n\n\n\n<h3 class=\"wp-block-heading\">Expectativa para o\u00a0<a href=\"https:\/\/www.climatempo.com.br\/previsao-do-tempo\/cidade\/334\/natal-rn\" target=\"_blank\" rel=\"noreferrer noopener\">Natal<\/a><\/h3>\n\n\n\n<p>A v\u00e9spera e o dia do Natal ser\u00e3o de tempo inst\u00e1vel e temperaturas amenas na maior parte do Sudeste. H\u00e1 risco de chuva forte especialmente no centro-sul de Minas, na Zona da Mata e no interior do Rio de Janeiro. Entre a capital paulista e o Grande Rio, a chuva tamb\u00e9m ser\u00e1 persistente especialmente no dia 24, mas sem risco de temporais. No Esp\u00edrito Santo, h\u00e1 risco de pancadas de chuva isoladas a partir da tarde nos dois dias.<\/p>\n\n\n\n<p class=\"has-white-color has-vivid-cyan-blue-background-color has-text-color has-background\">Quer saber as not\u00edcias do <strong>Aconteceu no Vale<\/strong> em primeira m\u00e3o? Siga-nos no Facebook <a rel=\"noreferrer noopener\" href=\"http:\/\/facebook.com\/aconteceunovale\" target=\"_blank\">@aconteceunovale<\/a>, Twitter <a rel=\"noreferrer noopener\" href=\"https:\/\/twitter.com\/noticiadosvales\" target=\"_blank\">@noticiadosvales<\/a> e Instagram <a rel=\"noreferrer noopener\" href=\"https:\/\/www.instagram.com\/aconteceunovale\" target=\"_blank\">@aconteceunovale<\/a>.<\/p>\n","protected":false},"excerpt":{"rendered":"<p>O primeiro dia do ver\u00e3o ter\u00e1 caracter\u00edsticas t\u00edpicas da esta\u00e7\u00e3o no Sudeste. Nesta segunda-feira (21), o sol vai aparecer forte em praticamente todas as \u00e1reas da Regi\u00e3o, e as pancadas de chuva ir\u00e3o se concentrar especialmente no per\u00edodo da tarde. No entanto, a partir de ter\u00e7a-feira (22), a passagem de uma grande frente fria pelo [&hellip;]<\/p>\n","protected":false},"author":4,"featured_media":171067,"comment_status":"open","ping_status":"closed","sticky":false,"template":"","format":"standard","meta":{"amp_status":"","footnotes":""},"categories":[6],"tags":[232965,232998,1957,232996,232995,232962,70619,232963,232997,232964,232966,26731],"class_list":["post-171066","post","type-post","status-publish","format-standard","has-post-thumbnail","hentry","category-br","tag-inicio-do-solsticio-de-verao","tag-previsao-do-tempo-para-a-primeira-semana-do-verao","tag-previsao-do-tempo-para-o-inicio-do-verao","tag-primeira-semana-do-verao","tag-primeira-semana-do-verao-tera-temporais-no-sudeste","tag-saiba-o-que-e-solsticio-de-verao","tag-solsticio-de-verao","tag-solsticio-de-verao-no-hemisferio-sul","tag-temporais-na-primeira-semana-do-verao","tag-thiago-signorini","tag-thiago-signorini-goncalves","tag-verao"],"_links":{"self":[{"href":"https:\/\/aconteceunovale.com.br\/portal\/index.php?rest_route=\/wp\/v2\/posts\/171066","targetHints":{"allow":["GET"]}}],"collection":[{"href":"https:\/\/aconteceunovale.com.br\/portal\/index.php?rest_route=\/wp\/v2\/posts"}],"about":[{"href":"https:\/\/aconteceunovale.com.br\/portal\/index.php?rest_route=\/wp\/v2\/types\/post"}],"author":[{"embeddable":true,"href":"https:\/\/aconteceunovale.com.br\/portal\/index.php?rest_route=\/wp\/v2\/users\/4"}],"replies":[{"embeddable":true,"href":"https:\/\/aconteceunovale.com.br\/portal\/index.php?rest_route=%2Fwp%2Fv2%2Fcomments&post=171066"}],"version-history":[{"count":1,"href":"https:\/\/aconteceunovale.com.br\/portal\/index.php?rest_route=\/wp\/v2\/posts\/171066\/revisions"}],"predecessor-version":[{"id":171068,"href":"https:\/\/aconteceunovale.com.br\/portal\/index.php?rest_route=\/wp\/v2\/posts\/171066\/revisions\/171068"}],"wp:featuredmedia":[{"embeddable":true,"href":"https:\/\/aconteceunovale.com.br\/portal\/index.php?rest_route=\/wp\/v2\/media\/171067"}],"wp:attachment":[{"href":"https:\/\/aconteceunovale.com.br\/portal\/index.php?rest_route=%2Fwp%2Fv2%2Fmedia&parent=171066"}],"wp:term":[{"taxonomy":"category","embeddable":true,"href":"https:\/\/aconteceunovale.com.br\/portal\/index.php?rest_route=%2Fwp%2Fv2%2Fcategories&post=171066"},{"taxonomy":"post_tag","embeddable":true,"href":"https:\/\/aconteceunovale.com.br\/portal\/index.php?rest_route=%2Fwp%2Fv2%2Ftags&post=171066"}],"curies":[{"name":"wp","href":"https:\/\/api.w.org\/{rel}","templated":true}]}}