{"id":170991,"date":"2020-12-19T19:32:05","date_gmt":"2020-12-19T22:32:05","guid":{"rendered":"https:\/\/aconteceunovale.com.br\/portal\/?p=170991"},"modified":"2020-12-19T19:32:18","modified_gmt":"2020-12-19T22:32:18","slug":"prefeitura-de-belo-horizonte-prorroga-estado-de-calamidade-publica-por-180-dias","status":"publish","type":"post","link":"https:\/\/aconteceunovale.com.br\/portal\/?p=170991","title":{"rendered":"Prefeitura de Belo Horizonte prorroga estado de calamidade p\u00fablica por 180 dias"},"content":{"rendered":"\n<p class=\"wp-block-paragraph\">A prefeitura de Belo Horizonte prorrogou o estado de calamidade p\u00fablica no munic\u00edpio por mais 180 dias, em raz\u00e3o da pandemia de covid-19. O decreto, assinado pelo prefeito Alexandre Kalil, foi publicado hoje (19) no<a href=\"http:\/\/portal6.pbh.gov.br\/dom\/Files\/dom6168%20-%20assinado.pdf\" target=\"_blank\" rel=\"noreferrer noopener\">&nbsp;<em>Di\u00e1rio Oficial do Munic\u00edpio<\/em><\/a>.<img decoding=\"async\" src=\"https:\/\/agenciabrasil.ebc.com.br\/ebc.png?id=1396908&amp;o=node\"><img decoding=\"async\" src=\"https:\/\/agenciabrasil.ebc.com.br\/ebc.gif?id=1396908&amp;o=node\"><\/p>\n\n\n\n<p class=\"wp-block-paragraph\">De acordo com a publica\u00e7\u00e3o, a medida foi necess\u00e1ria pois a estabiliza\u00e7\u00e3o da doen\u00e7a em patamares baixos e a tend\u00eancia de queda percebida at\u00e9 outubro n\u00e3o se mantiveram. Al\u00e9m disso, os indicadores epidemiol\u00f3gicos e de capacidade assistencial t\u00eam aumentado significativamente e n\u00e3o h\u00e1 previs\u00e3o de cobertura vacinal suficiente de forma a evitar risco epidemiol\u00f3gico e assistencial.<\/p>\n\n\n\n<p class=\"wp-block-paragraph\">A decreta\u00e7\u00e3o do estado de calamidade p\u00fablica reduz burocracias para implementa\u00e7\u00e3o de a\u00e7\u00f5es e dispensa o governo local de cumprir metas fiscais, al\u00e9m de facilitar acesso a recursos do governo federal.<\/p>\n\n\n\n<p class=\"wp-block-paragraph\">\u201cA diminui\u00e7\u00e3o de receitas se mant\u00e9m em raz\u00e3o da queda de arrecada\u00e7\u00e3o de tributos e pre\u00e7os p\u00fablicos e das medidas de aux\u00edlio aos setores diretamente afetados pelas restri\u00e7\u00f5es impostas para conten\u00e7\u00e3o do avan\u00e7o da pandemia. Compete ao munic\u00edpio zelar pela preserva\u00e7\u00e3o do bem-estar da popula\u00e7\u00e3o e pela manuten\u00e7\u00e3o dos servi\u00e7os p\u00fablicos e das atividades socioecon\u00f4micas, bem como adotar imediatamente as medidas que se fizerem necess\u00e1rias para, em regime de coopera\u00e7\u00e3o, combater situa\u00e7\u00f5es emergenciais\u201d, diz o decreto publicado neste s\u00e1bado.<\/p>\n\n\n\n<p class=\"wp-block-paragraph\">A prorroga\u00e7\u00e3o ser\u00e1 ainda submetida \u00e0 avalia\u00e7\u00e3o da Assembleia Legislativa de Minas Gerais.<\/p>\n\n\n\n<h2 class=\"wp-block-heading\">Funcionamento do com\u00e9rcio<\/h2>\n\n\n\n<p class=\"wp-block-paragraph\">O&nbsp;<em>Di\u00e1rio Oficia<\/em>l traz tamb\u00e9m o decreto de amplia\u00e7\u00e3o do hor\u00e1rio de funcionamento do com\u00e9rcio em duas horas, inclusive aos s\u00e1bados. A medida, de acordo com a prefeitura, visa \u201cdiluir a concentra\u00e7\u00e3o de consumidores e aumentar o distanciamento social\u201d.<\/p>\n\n\n\n<p class=\"wp-block-paragraph\">\u201cIsso n\u00e3o \u00e9 porque a situa\u00e7\u00e3o est\u00e1 boa, isso \u00e9 uma medida t\u00e9cnica para evitar aglomera\u00e7\u00f5es. Que fique muito claro que essa abertura de hor\u00e1rio \u00e9 justamente ao contr\u00e1rio: \u00e9 porque os n\u00fameros est\u00e3o est\u00e1veis, mas elevados. Ent\u00e3o que fique claro: isso n\u00e3o \u00e9 para passear na rua, \u00e9 para um n\u00e3o chegar perto do outro e ficar cada vez mais distantes\u201d, afirmou Alexandre Kalil, em comunicado divulgado pela prefeitura.<\/p>\n\n\n\n<p class=\"wp-block-paragraph\">Lojas de rua e as instaladas em galerias e centros de com\u00e9rcio poder\u00e3o abrir de segunda-feira a s\u00e1bado, entre as 9h e as 20h (a regra atual \u00e9 das 10h \u00e0s 19h nos dias da semana e, aos s\u00e1bados, das 9h \u00e0s 18h). J\u00e1 os&nbsp;<em>shoppings centers<\/em>&nbsp;poder\u00e3o funcionar de segunda a s\u00e1bado, entre as 10h e as 21h (hoje, o hor\u00e1rio permitido \u00e9 entre as 12h e as 21h). Os novos hor\u00e1rios passam a valer a partir deste s\u00e1bado e n\u00e3o h\u00e1 prazo para serem revistos, ou seja, valem para al\u00e9m dos per\u00edodos natalino e de Ano-Novo.<\/p>\n\n\n\n<p class=\"wp-block-paragraph\">De acordo com a prefeitura, continua em vigor a permiss\u00e3o para o funcionamento excepcional do com\u00e9rcio amanh\u00e3 (20), domingo que antecede o Natal. Aos domingos, nos&nbsp;<em>shoppings<\/em>, \u00e9 permitida apenas a retirada de produtos no estacionamento, em formato&nbsp;<em>drive-thru<\/em>, sem restri\u00e7\u00e3o de hor\u00e1rio. \u201cA decis\u00e3o atende ao pedido dos lojistas da capital e auxiliar\u00e1 na distribui\u00e7\u00e3o dos consumidores em um momento de grande concentra\u00e7\u00e3o de compras, bem como servir\u00e1 para avaliar o comportamento ap\u00f3s as festas de fim de ano\u201d, informou o Executivo local.<\/p>\n\n\n\n<p class=\"wp-block-paragraph\">Ainda n\u00e3o h\u00e1 autoriza\u00e7\u00e3o para realiza\u00e7\u00e3o de festas em sal\u00f5es, clubes e similares. \u201cO risco de cont\u00e1gio ainda \u00e9 elevado, e a pandemia est\u00e1 em acelera\u00e7\u00e3o no munic\u00edpio, impactando significativamente no volume de interna\u00e7\u00f5es de pacientes contaminados pelo novo coronav\u00edrus\u201d, diz a prefeitura.<\/p>\n\n\n\n<p class=\"has-white-color has-vivid-cyan-blue-background-color has-text-color has-background wp-block-paragraph\">Quer saber as not\u00edcias do <strong>Aconteceu no Vale<\/strong> em primeira m\u00e3o? Siga-nos no Facebook <a rel=\"noreferrer noopener\" href=\"http:\/\/facebook.com\/aconteceunovale\" target=\"_blank\">@aconteceunovale<\/a>, Twitter <a rel=\"noreferrer noopener\" href=\"https:\/\/twitter.com\/noticiadosvales\" target=\"_blank\">@noticiadosvales<\/a> e Instagram <a rel=\"noreferrer noopener\" href=\"https:\/\/www.instagram.com\/aconteceunovale\" target=\"_blank\">@aconteceunovale<\/a>.<\/p>\n","protected":false},"excerpt":{"rendered":"<p>A prefeitura de Belo Horizonte prorrogou o estado de calamidade p\u00fablica no munic\u00edpio por mais 180 dias, em raz\u00e3o da pandemia de covid-19. O decreto, assinado pelo prefeito Alexandre Kalil, foi publicado hoje (19) no&nbsp;Di\u00e1rio Oficial do Munic\u00edpio. De acordo com a publica\u00e7\u00e3o, a medida foi necess\u00e1ria pois a estabiliza\u00e7\u00e3o da doen\u00e7a em patamares baixos [&hellip;]<\/p>\n","protected":false},"author":4,"featured_media":170992,"comment_status":"open","ping_status":"closed","sticky":false,"template":"","format":"standard","meta":{"amp_status":"","footnotes":""},"categories":[123,40242],"tags":[25087,194,1017,232850,232849,216498,215653,219687,218365,142010,31437,232848,139695],"class_list":["post-170991","post","type-post","status-publish","format-standard","has-post-thumbnail","hentry","category-gerais","category-saude-2","tag-alexandre-kalil","tag-belo-horizonte","tag-bh","tag-calamidade-publica-em-belo-horizonte","tag-calamidade-publica-em-bh","tag-covid-19","tag-novo-coronavirus","tag-pandemia-da-covid-19","tag-pandemia-do-coronavirus","tag-pbh","tag-prefeitura-de-belo-horizonte","tag-prefeitura-de-belo-horizonte-prorroga-estado-de-calamidade-publica-por-180-dias","tag-prefeitura-de-bh"],"yoast_head":"<!-- This site is optimized with the Yoast SEO plugin v28.3 - https:\/\/yoast.com\/product\/yoast-seo-wordpress\/ -->\n<title>Prefeitura de Belo Horizonte prorroga estado de calamidade p\u00fablica por 180 dias - Aconteceu no Vale<\/title>\n<meta name=\"robots\" content=\"index, follow, max-snippet:-1, max-image-preview:large, max-video-preview:-1\" \/>\n<link rel=\"canonical\" href=\"https:\/\/aconteceunovale.com.br\/portal\/?p=170991\" \/>\n<meta property=\"og:locale\" content=\"pt_BR\" \/>\n<meta property=\"og:type\" content=\"article\" \/>\n<meta property=\"og:title\" content=\"Prefeitura de Belo Horizonte prorroga estado de calamidade p\u00fablica por 180 dias - Aconteceu no Vale\" \/>\n<meta property=\"og:description\" content=\"A prefeitura de Belo Horizonte prorrogou o estado de calamidade p\u00fablica no munic\u00edpio por mais 180 dias, em raz\u00e3o da pandemia de covid-19. O decreto, assinado pelo prefeito Alexandre Kalil, foi publicado hoje (19) no&nbsp;Di\u00e1rio Oficial do Munic\u00edpio. De acordo com a publica\u00e7\u00e3o, a medida foi necess\u00e1ria pois a estabiliza\u00e7\u00e3o da doen\u00e7a em patamares baixos [&hellip;]\" \/>\n<meta property=\"og:url\" content=\"https:\/\/aconteceunovale.com.br\/portal\/?p=170991\" \/>\n<meta property=\"og:site_name\" content=\"Aconteceu no Vale\" \/>\n<meta property=\"article:publisher\" content=\"https:\/\/www.facebook.com\/aconteceunovale\/\" \/>\n<meta property=\"article:published_time\" content=\"2020-12-19T22:32:05+00:00\" \/>\n<meta property=\"article:modified_time\" content=\"2020-12-19T22:32:18+00:00\" \/>\n<meta property=\"og:image\" content=\"https:\/\/aconteceunovale.com.br\/portal\/wp-content\/uploads\/2020\/12\/kalil.png\" \/>\n\t<meta property=\"og:image:width\" content=\"678\" \/>\n\t<meta property=\"og:image:height\" content=\"370\" \/>\n\t<meta property=\"og:image:type\" content=\"image\/png\" \/>\n<meta name=\"author\" content=\"Reda\u00e7\u00e3o Aconteceu no Vale\" \/>\n<meta name=\"twitter:card\" content=\"summary_large_image\" \/>\n<meta name=\"twitter:creator\" content=\"@noticiadosvales\" \/>\n<meta name=\"twitter:site\" content=\"@noticiadosvales\" \/>\n<meta name=\"twitter:label1\" content=\"Escrito por\" \/>\n\t<meta name=\"twitter:data1\" content=\"Reda\u00e7\u00e3o Aconteceu no Vale\" \/>\n\t<meta name=\"twitter:label2\" content=\"Est. tempo de leitura\" \/>\n\t<meta name=\"twitter:data2\" content=\"3 minutos\" \/>\n<script type=\"application\/ld+json\" class=\"yoast-schema-graph\">{\"@context\":\"https:\\\/\\\/schema.org\",\"@graph\":[{\"@type\":\"Article\",\"@id\":\"https:\\\/\\\/aconteceunovale.com.br\\\/portal\\\/?p=170991#article\",\"isPartOf\":{\"@id\":\"https:\\\/\\\/aconteceunovale.com.br\\\/portal\\\/?p=170991\"},\"author\":{\"name\":\"Reda\u00e7\u00e3o Aconteceu no Vale\",\"@id\":\"https:\\\/\\\/aconteceunovale.com.br\\\/portal\\\/#\\\/schema\\\/person\\\/7d2f26d1483f8a63de73da1ee0754d35\"},\"headline\":\"Prefeitura de Belo Horizonte prorroga estado de calamidade p\u00fablica por 180 dias\",\"datePublished\":\"2020-12-19T22:32:05+00:00\",\"dateModified\":\"2020-12-19T22:32:18+00:00\",\"mainEntityOfPage\":{\"@id\":\"https:\\\/\\\/aconteceunovale.com.br\\\/portal\\\/?p=170991\"},\"wordCount\":675,\"commentCount\":0,\"image\":{\"@id\":\"https:\\\/\\\/aconteceunovale.com.br\\\/portal\\\/?p=170991#primaryimage\"},\"thumbnailUrl\":\"https:\\\/\\\/aconteceunovale.com.br\\\/portal\\\/wp-content\\\/uploads\\\/2020\\\/12\\\/kalil.png\",\"keywords\":[\"Alexandre Kalil\",\"Belo Horizonte\",\"bh\",\"Calamidade p\u00fablica em Belo Horizonte\",\"Calamidade p\u00fablica em BH\",\"COVID-19\",\"Novo coronav\u00edrus\",\"Pandemia da covid-19\",\"Pandemia do coronav\u00edrus\",\"PBH\",\"Prefeitura de Belo Horizonte\",\"Prefeitura de Belo Horizonte prorroga estado de calamidade p\u00fablica por 180 dias\",\"prefeitura de BH\"],\"articleSection\":[\"Minas Gerais\",\"Sa\u00fade\"],\"inLanguage\":\"pt-BR\",\"potentialAction\":[{\"@type\":\"CommentAction\",\"name\":\"Comment\",\"target\":[\"https:\\\/\\\/aconteceunovale.com.br\\\/portal\\\/?p=170991#respond\"]}]},{\"@type\":\"WebPage\",\"@id\":\"https:\\\/\\\/aconteceunovale.com.br\\\/portal\\\/?p=170991\",\"url\":\"https:\\\/\\\/aconteceunovale.com.br\\\/portal\\\/?p=170991\",\"name\":\"Prefeitura de Belo Horizonte prorroga estado de calamidade p\u00fablica por 180 dias - Aconteceu no Vale\",\"isPartOf\":{\"@id\":\"https:\\\/\\\/aconteceunovale.com.br\\\/portal\\\/#website\"},\"primaryImageOfPage\":{\"@id\":\"https:\\\/\\\/aconteceunovale.com.br\\\/portal\\\/?p=170991#primaryimage\"},\"image\":{\"@id\":\"https:\\\/\\\/aconteceunovale.com.br\\\/portal\\\/?p=170991#primaryimage\"},\"thumbnailUrl\":\"https:\\\/\\\/aconteceunovale.com.br\\\/portal\\\/wp-content\\\/uploads\\\/2020\\\/12\\\/kalil.png\",\"datePublished\":\"2020-12-19T22:32:05+00:00\",\"dateModified\":\"2020-12-19T22:32:18+00:00\",\"author\":{\"@id\":\"https:\\\/\\\/aconteceunovale.com.br\\\/portal\\\/#\\\/schema\\\/person\\\/7d2f26d1483f8a63de73da1ee0754d35\"},\"breadcrumb\":{\"@id\":\"https:\\\/\\\/aconteceunovale.com.br\\\/portal\\\/?p=170991#breadcrumb\"},\"inLanguage\":\"pt-BR\",\"potentialAction\":[{\"@type\":\"ReadAction\",\"target\":[\"https:\\\/\\\/aconteceunovale.com.br\\\/portal\\\/?p=170991\"]}]},{\"@type\":\"ImageObject\",\"inLanguage\":\"pt-BR\",\"@id\":\"https:\\\/\\\/aconteceunovale.com.br\\\/portal\\\/?p=170991#primaryimage\",\"url\":\"https:\\\/\\\/aconteceunovale.com.br\\\/portal\\\/wp-content\\\/uploads\\\/2020\\\/12\\\/kalil.png\",\"contentUrl\":\"https:\\\/\\\/aconteceunovale.com.br\\\/portal\\\/wp-content\\\/uploads\\\/2020\\\/12\\\/kalil.png\",\"width\":678,\"height\":370},{\"@type\":\"BreadcrumbList\",\"@id\":\"https:\\\/\\\/aconteceunovale.com.br\\\/portal\\\/?p=170991#breadcrumb\",\"itemListElement\":[{\"@type\":\"ListItem\",\"position\":1,\"name\":\"In\u00edcio\",\"item\":\"https:\\\/\\\/aconteceunovale.com.br\\\/portal\\\/\"},{\"@type\":\"ListItem\",\"position\":2,\"name\":\"Prefeitura de Belo Horizonte prorroga estado de calamidade p\u00fablica por 180 dias\"}]},{\"@type\":\"WebSite\",\"@id\":\"https:\\\/\\\/aconteceunovale.com.br\\\/portal\\\/#website\",\"url\":\"https:\\\/\\\/aconteceunovale.com.br\\\/portal\\\/\",\"name\":\"Aconteceu no Vale\",\"description\":\"Portal de Not\u00edcias\",\"potentialAction\":[{\"@type\":\"SearchAction\",\"target\":{\"@type\":\"EntryPoint\",\"urlTemplate\":\"https:\\\/\\\/aconteceunovale.com.br\\\/portal\\\/?s={search_term_string}\"},\"query-input\":{\"@type\":\"PropertyValueSpecification\",\"valueRequired\":true,\"valueName\":\"search_term_string\"}}],\"inLanguage\":\"pt-BR\"},{\"@type\":\"Person\",\"@id\":\"https:\\\/\\\/aconteceunovale.com.br\\\/portal\\\/#\\\/schema\\\/person\\\/7d2f26d1483f8a63de73da1ee0754d35\",\"name\":\"Reda\u00e7\u00e3o Aconteceu no Vale\",\"description\":\"Equipe de reportagem do Aconteceu no Vale, portal de not\u00edcias do Vale do Jequitinhonha, em Minas Gerais. Cobrimos as 51 cidades do Vale desde 2013. Sugest\u00f5es de pauta e pedidos de corre\u00e7\u00e3o: contato@aconteceunovale.com.br\",\"url\":\"https:\\\/\\\/aconteceunovale.com.br\\\/portal\\\/?author=4\"}]}<\/script>\n<!-- \/ Yoast SEO plugin. -->","yoast_head_json":{"title":"Prefeitura de Belo Horizonte prorroga estado de calamidade p\u00fablica por 180 dias - Aconteceu no Vale","robots":{"index":"index","follow":"follow","max-snippet":"max-snippet:-1","max-image-preview":"max-image-preview:large","max-video-preview":"max-video-preview:-1"},"canonical":"https:\/\/aconteceunovale.com.br\/portal\/?p=170991","og_locale":"pt_BR","og_type":"article","og_title":"Prefeitura de Belo Horizonte prorroga estado de calamidade p\u00fablica por 180 dias - Aconteceu no Vale","og_description":"A prefeitura de Belo Horizonte prorrogou o estado de calamidade p\u00fablica no munic\u00edpio por mais 180 dias, em raz\u00e3o da pandemia de covid-19. O decreto, assinado pelo prefeito Alexandre Kalil, foi publicado hoje (19) no&nbsp;Di\u00e1rio Oficial do Munic\u00edpio. De acordo com a publica\u00e7\u00e3o, a medida foi necess\u00e1ria pois a estabiliza\u00e7\u00e3o da doen\u00e7a em patamares baixos [&hellip;]","og_url":"https:\/\/aconteceunovale.com.br\/portal\/?p=170991","og_site_name":"Aconteceu no Vale","article_publisher":"https:\/\/www.facebook.com\/aconteceunovale\/","article_published_time":"2020-12-19T22:32:05+00:00","article_modified_time":"2020-12-19T22:32:18+00:00","og_image":[{"width":678,"height":370,"url":"https:\/\/aconteceunovale.com.br\/portal\/wp-content\/uploads\/2020\/12\/kalil.png","type":"image\/png"}],"author":"Reda\u00e7\u00e3o Aconteceu no Vale","twitter_card":"summary_large_image","twitter_creator":"@noticiadosvales","twitter_site":"@noticiadosvales","twitter_misc":{"Escrito por":"Reda\u00e7\u00e3o Aconteceu no Vale","Est. tempo de leitura":"3 minutos"},"schema":{"@context":"https:\/\/schema.org","@graph":[{"@type":"Article","@id":"https:\/\/aconteceunovale.com.br\/portal\/?p=170991#article","isPartOf":{"@id":"https:\/\/aconteceunovale.com.br\/portal\/?p=170991"},"author":{"name":"Reda\u00e7\u00e3o Aconteceu no Vale","@id":"https:\/\/aconteceunovale.com.br\/portal\/#\/schema\/person\/7d2f26d1483f8a63de73da1ee0754d35"},"headline":"Prefeitura de Belo Horizonte prorroga estado de calamidade p\u00fablica por 180 dias","datePublished":"2020-12-19T22:32:05+00:00","dateModified":"2020-12-19T22:32:18+00:00","mainEntityOfPage":{"@id":"https:\/\/aconteceunovale.com.br\/portal\/?p=170991"},"wordCount":675,"commentCount":0,"image":{"@id":"https:\/\/aconteceunovale.com.br\/portal\/?p=170991#primaryimage"},"thumbnailUrl":"https:\/\/aconteceunovale.com.br\/portal\/wp-content\/uploads\/2020\/12\/kalil.png","keywords":["Alexandre Kalil","Belo Horizonte","bh","Calamidade p\u00fablica em Belo Horizonte","Calamidade p\u00fablica em BH","COVID-19","Novo coronav\u00edrus","Pandemia da covid-19","Pandemia do coronav\u00edrus","PBH","Prefeitura de Belo Horizonte","Prefeitura de Belo Horizonte prorroga estado de calamidade p\u00fablica por 180 dias","prefeitura de BH"],"articleSection":["Minas Gerais","Sa\u00fade"],"inLanguage":"pt-BR","potentialAction":[{"@type":"CommentAction","name":"Comment","target":["https:\/\/aconteceunovale.com.br\/portal\/?p=170991#respond"]}]},{"@type":"WebPage","@id":"https:\/\/aconteceunovale.com.br\/portal\/?p=170991","url":"https:\/\/aconteceunovale.com.br\/portal\/?p=170991","name":"Prefeitura de Belo Horizonte prorroga estado de calamidade p\u00fablica por 180 dias - Aconteceu no Vale","isPartOf":{"@id":"https:\/\/aconteceunovale.com.br\/portal\/#website"},"primaryImageOfPage":{"@id":"https:\/\/aconteceunovale.com.br\/portal\/?p=170991#primaryimage"},"image":{"@id":"https:\/\/aconteceunovale.com.br\/portal\/?p=170991#primaryimage"},"thumbnailUrl":"https:\/\/aconteceunovale.com.br\/portal\/wp-content\/uploads\/2020\/12\/kalil.png","datePublished":"2020-12-19T22:32:05+00:00","dateModified":"2020-12-19T22:32:18+00:00","author":{"@id":"https:\/\/aconteceunovale.com.br\/portal\/#\/schema\/person\/7d2f26d1483f8a63de73da1ee0754d35"},"breadcrumb":{"@id":"https:\/\/aconteceunovale.com.br\/portal\/?p=170991#breadcrumb"},"inLanguage":"pt-BR","potentialAction":[{"@type":"ReadAction","target":["https:\/\/aconteceunovale.com.br\/portal\/?p=170991"]}]},{"@type":"ImageObject","inLanguage":"pt-BR","@id":"https:\/\/aconteceunovale.com.br\/portal\/?p=170991#primaryimage","url":"https:\/\/aconteceunovale.com.br\/portal\/wp-content\/uploads\/2020\/12\/kalil.png","contentUrl":"https:\/\/aconteceunovale.com.br\/portal\/wp-content\/uploads\/2020\/12\/kalil.png","width":678,"height":370},{"@type":"BreadcrumbList","@id":"https:\/\/aconteceunovale.com.br\/portal\/?p=170991#breadcrumb","itemListElement":[{"@type":"ListItem","position":1,"name":"In\u00edcio","item":"https:\/\/aconteceunovale.com.br\/portal\/"},{"@type":"ListItem","position":2,"name":"Prefeitura de Belo Horizonte prorroga estado de calamidade p\u00fablica por 180 dias"}]},{"@type":"WebSite","@id":"https:\/\/aconteceunovale.com.br\/portal\/#website","url":"https:\/\/aconteceunovale.com.br\/portal\/","name":"Aconteceu no Vale","description":"Portal de Not\u00edcias","potentialAction":[{"@type":"SearchAction","target":{"@type":"EntryPoint","urlTemplate":"https:\/\/aconteceunovale.com.br\/portal\/?s={search_term_string}"},"query-input":{"@type":"PropertyValueSpecification","valueRequired":true,"valueName":"search_term_string"}}],"inLanguage":"pt-BR"},{"@type":"Person","@id":"https:\/\/aconteceunovale.com.br\/portal\/#\/schema\/person\/7d2f26d1483f8a63de73da1ee0754d35","name":"Reda\u00e7\u00e3o Aconteceu no Vale","description":"Equipe de reportagem do Aconteceu no Vale, portal de not\u00edcias do Vale do Jequitinhonha, em Minas Gerais. Cobrimos as 51 cidades do Vale desde 2013. Sugest\u00f5es de pauta e pedidos de corre\u00e7\u00e3o: contato@aconteceunovale.com.br","url":"https:\/\/aconteceunovale.com.br\/portal\/?author=4"}]}},"_links":{"self":[{"href":"https:\/\/aconteceunovale.com.br\/portal\/index.php?rest_route=\/wp\/v2\/posts\/170991","targetHints":{"allow":["GET"]}}],"collection":[{"href":"https:\/\/aconteceunovale.com.br\/portal\/index.php?rest_route=\/wp\/v2\/posts"}],"about":[{"href":"https:\/\/aconteceunovale.com.br\/portal\/index.php?rest_route=\/wp\/v2\/types\/post"}],"author":[{"embeddable":true,"href":"https:\/\/aconteceunovale.com.br\/portal\/index.php?rest_route=\/wp\/v2\/users\/4"}],"replies":[{"embeddable":true,"href":"https:\/\/aconteceunovale.com.br\/portal\/index.php?rest_route=%2Fwp%2Fv2%2Fcomments&post=170991"}],"version-history":[{"count":1,"href":"https:\/\/aconteceunovale.com.br\/portal\/index.php?rest_route=\/wp\/v2\/posts\/170991\/revisions"}],"predecessor-version":[{"id":170993,"href":"https:\/\/aconteceunovale.com.br\/portal\/index.php?rest_route=\/wp\/v2\/posts\/170991\/revisions\/170993"}],"wp:featuredmedia":[{"embeddable":true,"href":"https:\/\/aconteceunovale.com.br\/portal\/index.php?rest_route=\/wp\/v2\/media\/170992"}],"wp:attachment":[{"href":"https:\/\/aconteceunovale.com.br\/portal\/index.php?rest_route=%2Fwp%2Fv2%2Fmedia&parent=170991"}],"wp:term":[{"taxonomy":"category","embeddable":true,"href":"https:\/\/aconteceunovale.com.br\/portal\/index.php?rest_route=%2Fwp%2Fv2%2Fcategories&post=170991"},{"taxonomy":"post_tag","embeddable":true,"href":"https:\/\/aconteceunovale.com.br\/portal\/index.php?rest_route=%2Fwp%2Fv2%2Ftags&post=170991"}],"curies":[{"name":"wp","href":"https:\/\/api.w.org\/{rel}","templated":true}]}}