{"id":170985,"date":"2020-12-19T19:20:42","date_gmt":"2020-12-19T22:20:42","guid":{"rendered":"https:\/\/aconteceunovale.com.br\/portal\/?p=170985"},"modified":"2020-12-19T19:20:55","modified_gmt":"2020-12-19T22:20:55","slug":"fortes-chuvas-deixam-ao-menos-15-mortos-em-santa-catarina","status":"publish","type":"post","link":"https:\/\/aconteceunovale.com.br\/portal\/?p=170985","title":{"rendered":"Fortes chuvas deixam ao menos 15 mortos em Santa Catarina"},"content":{"rendered":"\n<p class=\"wp-block-paragraph\">Aumentou para 15 o n\u00famero de mortos das fortes chuvas em Santa Catarina. A regi\u00e3o foi atingida por\u00a0temporais desde quinta-feira\u00a0(17\/12\/2020). Segundo informa\u00e7\u00f5es da Defesa Civil do Estado, foram 12 mortes em Presidente Get\u00falio, duas em Rio do Sul e uma em Ibirama. Seis v\u00edtimas continuam desaparecidas. At\u00e9 o momento 184 pessoas est\u00e3o desabrigadas e 284 desalojadas.<\/p>\n\n\n\n<figure class=\"wp-block-gallery columns-1 is-cropped wp-block-gallery-1 is-layout-flex wp-block-gallery-is-layout-flex\"><ul class=\"blocks-gallery-grid\"><li class=\"blocks-gallery-item\"><figure><img loading=\"lazy\" decoding=\"async\" width=\"678\" height=\"406\" src=\"https:\/\/aconteceunovale.com.br\/portal\/wp-content\/uploads\/2020\/12\/chuva_sc.jpeg\" alt=\"\" data-id=\"170986\" data-full-url=\"https:\/\/aconteceunovale.com.br\/portal\/wp-content\/uploads\/2020\/12\/chuva_sc.jpeg\" data-link=\"https:\/\/aconteceunovale.com.br\/portal\/?attachment_id=170986\" class=\"wp-image-170986\" srcset=\"https:\/\/aconteceunovale.com.br\/portal\/wp-content\/uploads\/2020\/12\/chuva_sc.jpeg 678w, https:\/\/aconteceunovale.com.br\/portal\/wp-content\/uploads\/2020\/12\/chuva_sc-300x180.jpeg 300w\" sizes=\"auto, (max-width: 678px) 100vw, 678px\" \/><figcaption class=\"blocks-gallery-item__caption\"><em>Chuvas causam estragos em munic\u00edpios de SC &#8211; Foto: Divulga\u00e7\u00e3o\/CBMSC<\/em><\/figcaption><\/figure><\/li><\/ul><\/figure>\n\n\n\n<p class=\"wp-block-paragraph\">O presidente Jair Bolsonaro sobrevoou, na tarde de hoje (19), a regi\u00e3o do Alto Vale do Itaja\u00ed, em Santa Catarina. Registros do sobrevoo foram feitos pelo ministro do Desenvolvimento Regional (MDR), Rog\u00e9rio Marinho, no Twitter. O pr\u00f3prio presidente divulgou uma foto do sobrevoo, afirmando que o MDR tem dado apoio no atendimento \u00e0s v\u00edtimas.<\/p>\n\n\n\n<p class=\"wp-block-paragraph\">\u201cO Governo Federal entra com o apoio do Ex\u00e9rcito Brasileiro nas opera\u00e7\u00f5es de restabelecimento e a Defesa Civil Nacional com o trabalho dos t\u00e9cnicos pra simplificar as a\u00e7\u00f5es e agilizar o repasse de recursos para os trabalhos de restabelecimento\u201d, explicou o chefe da Defesa Civil do estado, Aldo Baptista Neto.<\/p>\n\n\n\n<h3 class=\"wp-block-heading\"><strong>Pessoas atingidas pelas chuvas em SC<\/strong><\/h3>\n\n\n\n<figure class=\"wp-block-table\"><table><tbody><tr><td><strong>Munic\u00edpio<\/strong><\/td><td class=\"has-text-align-center\" data-align=\"center\"><strong>Mortes<\/strong><\/td><td class=\"has-text-align-center\" data-align=\"center\"><strong>Desaparecidos<\/strong><\/td><td class=\"has-text-align-center\" data-align=\"center\"><strong>Desabrigados<\/strong><\/td><td class=\"has-text-align-center\" data-align=\"center\"><strong>Desalojados<\/strong><\/td><\/tr><tr><td>Presidente Get\u00falio<\/td><td class=\"has-text-align-center\" data-align=\"center\">12<\/td><td class=\"has-text-align-center\" data-align=\"center\">6<\/td><td class=\"has-text-align-center\" data-align=\"center\">147<\/td><td class=\"has-text-align-center\" data-align=\"center\">137<\/td><\/tr><tr><td>Ibirama<\/td><td class=\"has-text-align-center\" data-align=\"center\">1<\/td><td class=\"has-text-align-center\" data-align=\"center\"><\/td><td class=\"has-text-align-center\" data-align=\"center\">16<\/td><td class=\"has-text-align-center\" data-align=\"center\">64<\/td><\/tr><tr><td>Rio do Sul<\/td><td class=\"has-text-align-center\" data-align=\"center\">2<\/td><td class=\"has-text-align-center\" data-align=\"center\"><\/td><td class=\"has-text-align-center\" data-align=\"center\">21<\/td><td class=\"has-text-align-center\" data-align=\"center\"><\/td><\/tr><tr><td>Sider\u00f3polis<\/td><td class=\"has-text-align-center\" data-align=\"center\"><\/td><td class=\"has-text-align-center\" data-align=\"center\"><\/td><td class=\"has-text-align-center\" data-align=\"center\"><\/td><td class=\"has-text-align-center\" data-align=\"center\">3<\/td><\/tr><tr><td>Lontras<\/td><td class=\"has-text-align-center\" data-align=\"center\"><\/td><td class=\"has-text-align-center\" data-align=\"center\"><\/td><td class=\"has-text-align-center\" data-align=\"center\"><\/td><td class=\"has-text-align-center\" data-align=\"center\">80<\/td><\/tr><tr><td><strong>Total<\/strong><\/td><td class=\"has-text-align-center\" data-align=\"center\"><strong>15<\/strong><\/td><td class=\"has-text-align-center\" data-align=\"center\"><strong>6<\/strong><\/td><td class=\"has-text-align-center\" data-align=\"center\"><strong>184<\/strong><\/td><td class=\"has-text-align-center\" data-align=\"center\"><strong>284<\/strong><\/td><\/tr><\/tbody><\/table><\/figure>\n\n\n\n<p class=\"has-white-color has-vivid-cyan-blue-background-color has-text-color has-background wp-block-paragraph\">Quer saber as not\u00edcias do <strong>Aconteceu no Vale<\/strong> em primeira m\u00e3o? Siga-nos no Facebook <a rel=\"noreferrer noopener\" href=\"http:\/\/facebook.com\/aconteceunovale\" target=\"_blank\">@aconteceunovale<\/a>, Twitter <a rel=\"noreferrer noopener\" href=\"https:\/\/twitter.com\/noticiadosvales\" target=\"_blank\">@noticiadosvales<\/a> e Instagram <a rel=\"noreferrer noopener\" href=\"https:\/\/www.instagram.com\/aconteceunovale\" target=\"_blank\">@aconteceunovale<\/a>.<\/p>\n","protected":false},"excerpt":{"rendered":"<p>Aumentou para 15 o n\u00famero de mortos das fortes chuvas em Santa Catarina. A regi\u00e3o foi atingida por\u00a0temporais desde quinta-feira\u00a0(17\/12\/2020). Segundo informa\u00e7\u00f5es da Defesa Civil do Estado, foram 12 mortes em Presidente Get\u00falio, duas em Rio do Sul e uma em Ibirama. Seis v\u00edtimas continuam desaparecidas. At\u00e9 o momento 184 pessoas est\u00e3o desabrigadas e 284 [&hellip;]<\/p>\n","protected":false},"author":4,"featured_media":170986,"comment_status":"open","ping_status":"closed","sticky":false,"template":"","format":"standard","meta":{"amp_status":"","footnotes":""},"categories":[6],"tags":[232843,232841,232837,232839,232833,232834,232835,232842,26436,232838,232840,146073,232836],"class_list":["post-170985","post","type-post","status-publish","format-standard","has-post-thumbnail","hentry","category-br","tag-aldo-baptista-neto","tag-chuva-em-ibirama","tag-chuva-em-presidente-getulio","tag-chuva-em-rio-do-sul","tag-chuvas-em-santa-catarina","tag-chuvas-em-sc","tag-enxurradas-em-sc","tag-ibirama","tag-jair-bolsonaro","tag-presidente-getulio","tag-rio-do-sul","tag-rogerio-marinho","tag-temporais-em-sc"],"yoast_head":"<!-- This site is optimized with the Yoast SEO plugin v28.3 - https:\/\/yoast.com\/product\/yoast-seo-wordpress\/ -->\n<title>Fortes chuvas deixam ao menos 15 mortos em Santa Catarina - Aconteceu no Vale<\/title>\n<meta name=\"robots\" content=\"index, follow, max-snippet:-1, max-image-preview:large, max-video-preview:-1\" \/>\n<link rel=\"canonical\" href=\"https:\/\/aconteceunovale.com.br\/portal\/?p=170985\" \/>\n<meta property=\"og:locale\" content=\"pt_BR\" \/>\n<meta property=\"og:type\" content=\"article\" \/>\n<meta property=\"og:title\" content=\"Fortes chuvas deixam ao menos 15 mortos em Santa Catarina - Aconteceu no Vale\" \/>\n<meta property=\"og:description\" content=\"Aumentou para 15 o n\u00famero de mortos das fortes chuvas em Santa Catarina. A regi\u00e3o foi atingida por\u00a0temporais desde quinta-feira\u00a0(17\/12\/2020). Segundo informa\u00e7\u00f5es da Defesa Civil do Estado, foram 12 mortes em Presidente Get\u00falio, duas em Rio do Sul e uma em Ibirama. Seis v\u00edtimas continuam desaparecidas. At\u00e9 o momento 184 pessoas est\u00e3o desabrigadas e 284 [&hellip;]\" \/>\n<meta property=\"og:url\" content=\"https:\/\/aconteceunovale.com.br\/portal\/?p=170985\" \/>\n<meta property=\"og:site_name\" content=\"Aconteceu no Vale\" \/>\n<meta property=\"article:publisher\" content=\"https:\/\/www.facebook.com\/aconteceunovale\/\" \/>\n<meta property=\"article:published_time\" content=\"2020-12-19T22:20:42+00:00\" \/>\n<meta property=\"article:modified_time\" content=\"2020-12-19T22:20:55+00:00\" \/>\n<meta property=\"og:image\" content=\"https:\/\/aconteceunovale.com.br\/portal\/wp-content\/uploads\/2020\/12\/chuva_sc.jpeg\" \/>\n\t<meta property=\"og:image:width\" content=\"678\" \/>\n\t<meta property=\"og:image:height\" content=\"406\" \/>\n\t<meta property=\"og:image:type\" content=\"image\/jpeg\" \/>\n<meta name=\"author\" content=\"Reda\u00e7\u00e3o Aconteceu no Vale\" \/>\n<meta name=\"twitter:card\" content=\"summary_large_image\" \/>\n<meta name=\"twitter:creator\" content=\"@noticiadosvales\" \/>\n<meta name=\"twitter:site\" content=\"@noticiadosvales\" \/>\n<meta name=\"twitter:label1\" content=\"Escrito por\" \/>\n\t<meta name=\"twitter:data1\" content=\"Reda\u00e7\u00e3o Aconteceu no Vale\" \/>\n\t<meta name=\"twitter:label2\" content=\"Est. tempo de leitura\" \/>\n\t<meta name=\"twitter:data2\" content=\"1 minuto\" \/>\n<script type=\"application\/ld+json\" class=\"yoast-schema-graph\">{\"@context\":\"https:\\\/\\\/schema.org\",\"@graph\":[{\"@type\":\"Article\",\"@id\":\"https:\\\/\\\/aconteceunovale.com.br\\\/portal\\\/?p=170985#article\",\"isPartOf\":{\"@id\":\"https:\\\/\\\/aconteceunovale.com.br\\\/portal\\\/?p=170985\"},\"author\":{\"name\":\"Reda\u00e7\u00e3o Aconteceu no Vale\",\"@id\":\"https:\\\/\\\/aconteceunovale.com.br\\\/portal\\\/#\\\/schema\\\/person\\\/7d2f26d1483f8a63de73da1ee0754d35\"},\"headline\":\"Fortes chuvas deixam ao menos 15 mortos em Santa Catarina\",\"datePublished\":\"2020-12-19T22:20:42+00:00\",\"dateModified\":\"2020-12-19T22:20:55+00:00\",\"mainEntityOfPage\":{\"@id\":\"https:\\\/\\\/aconteceunovale.com.br\\\/portal\\\/?p=170985\"},\"wordCount\":237,\"commentCount\":0,\"image\":{\"@id\":\"https:\\\/\\\/aconteceunovale.com.br\\\/portal\\\/?p=170985#primaryimage\"},\"thumbnailUrl\":\"https:\\\/\\\/aconteceunovale.com.br\\\/portal\\\/wp-content\\\/uploads\\\/2020\\\/12\\\/chuva_sc.jpeg\",\"keywords\":[\"Aldo Baptista Neto\",\"Chuva em Ibirama\",\"Chuva em Presidente Get\u00falio\",\"Chuva em Rio do Sul\",\"Chuvas em Santa Catarina\",\"Chuvas em SC\",\"Enxurradas em SC\",\"Ibirama\",\"Jair Bolsonaro\",\"Presidente Get\u00falio\",\"Rio do Sul\",\"Rog\u00e9rio Marinho\",\"Temporais em SC\"],\"articleSection\":[\"Brasil\"],\"inLanguage\":\"pt-BR\",\"potentialAction\":[{\"@type\":\"CommentAction\",\"name\":\"Comment\",\"target\":[\"https:\\\/\\\/aconteceunovale.com.br\\\/portal\\\/?p=170985#respond\"]}]},{\"@type\":\"WebPage\",\"@id\":\"https:\\\/\\\/aconteceunovale.com.br\\\/portal\\\/?p=170985\",\"url\":\"https:\\\/\\\/aconteceunovale.com.br\\\/portal\\\/?p=170985\",\"name\":\"Fortes chuvas deixam ao menos 15 mortos em Santa Catarina - Aconteceu no Vale\",\"isPartOf\":{\"@id\":\"https:\\\/\\\/aconteceunovale.com.br\\\/portal\\\/#website\"},\"primaryImageOfPage\":{\"@id\":\"https:\\\/\\\/aconteceunovale.com.br\\\/portal\\\/?p=170985#primaryimage\"},\"image\":{\"@id\":\"https:\\\/\\\/aconteceunovale.com.br\\\/portal\\\/?p=170985#primaryimage\"},\"thumbnailUrl\":\"https:\\\/\\\/aconteceunovale.com.br\\\/portal\\\/wp-content\\\/uploads\\\/2020\\\/12\\\/chuva_sc.jpeg\",\"datePublished\":\"2020-12-19T22:20:42+00:00\",\"dateModified\":\"2020-12-19T22:20:55+00:00\",\"author\":{\"@id\":\"https:\\\/\\\/aconteceunovale.com.br\\\/portal\\\/#\\\/schema\\\/person\\\/7d2f26d1483f8a63de73da1ee0754d35\"},\"breadcrumb\":{\"@id\":\"https:\\\/\\\/aconteceunovale.com.br\\\/portal\\\/?p=170985#breadcrumb\"},\"inLanguage\":\"pt-BR\",\"potentialAction\":[{\"@type\":\"ReadAction\",\"target\":[\"https:\\\/\\\/aconteceunovale.com.br\\\/portal\\\/?p=170985\"]}]},{\"@type\":\"ImageObject\",\"inLanguage\":\"pt-BR\",\"@id\":\"https:\\\/\\\/aconteceunovale.com.br\\\/portal\\\/?p=170985#primaryimage\",\"url\":\"https:\\\/\\\/aconteceunovale.com.br\\\/portal\\\/wp-content\\\/uploads\\\/2020\\\/12\\\/chuva_sc.jpeg\",\"contentUrl\":\"https:\\\/\\\/aconteceunovale.com.br\\\/portal\\\/wp-content\\\/uploads\\\/2020\\\/12\\\/chuva_sc.jpeg\",\"width\":678,\"height\":406,\"caption\":\"Chuvas causam estragos em munic\u00edpios do Vale do Itaja\u00ed e da Grande Florian\u00f3polis\"},{\"@type\":\"BreadcrumbList\",\"@id\":\"https:\\\/\\\/aconteceunovale.com.br\\\/portal\\\/?p=170985#breadcrumb\",\"itemListElement\":[{\"@type\":\"ListItem\",\"position\":1,\"name\":\"In\u00edcio\",\"item\":\"https:\\\/\\\/aconteceunovale.com.br\\\/portal\\\/\"},{\"@type\":\"ListItem\",\"position\":2,\"name\":\"Fortes chuvas deixam ao menos 15 mortos em Santa Catarina\"}]},{\"@type\":\"WebSite\",\"@id\":\"https:\\\/\\\/aconteceunovale.com.br\\\/portal\\\/#website\",\"url\":\"https:\\\/\\\/aconteceunovale.com.br\\\/portal\\\/\",\"name\":\"Aconteceu no Vale\",\"description\":\"Portal de Not\u00edcias\",\"potentialAction\":[{\"@type\":\"SearchAction\",\"target\":{\"@type\":\"EntryPoint\",\"urlTemplate\":\"https:\\\/\\\/aconteceunovale.com.br\\\/portal\\\/?s={search_term_string}\"},\"query-input\":{\"@type\":\"PropertyValueSpecification\",\"valueRequired\":true,\"valueName\":\"search_term_string\"}}],\"inLanguage\":\"pt-BR\"},{\"@type\":\"Person\",\"@id\":\"https:\\\/\\\/aconteceunovale.com.br\\\/portal\\\/#\\\/schema\\\/person\\\/7d2f26d1483f8a63de73da1ee0754d35\",\"name\":\"Reda\u00e7\u00e3o Aconteceu no Vale\",\"description\":\"Equipe de reportagem do Aconteceu no Vale, portal de not\u00edcias do Vale do Jequitinhonha, em Minas Gerais. Cobrimos as 51 cidades do Vale desde 2013. Sugest\u00f5es de pauta e pedidos de corre\u00e7\u00e3o: contato@aconteceunovale.com.br\",\"url\":\"https:\\\/\\\/aconteceunovale.com.br\\\/portal\\\/?author=4\"}]}<\/script>\n<!-- \/ Yoast SEO plugin. -->","yoast_head_json":{"title":"Fortes chuvas deixam ao menos 15 mortos em Santa Catarina - Aconteceu no Vale","robots":{"index":"index","follow":"follow","max-snippet":"max-snippet:-1","max-image-preview":"max-image-preview:large","max-video-preview":"max-video-preview:-1"},"canonical":"https:\/\/aconteceunovale.com.br\/portal\/?p=170985","og_locale":"pt_BR","og_type":"article","og_title":"Fortes chuvas deixam ao menos 15 mortos em Santa Catarina - Aconteceu no Vale","og_description":"Aumentou para 15 o n\u00famero de mortos das fortes chuvas em Santa Catarina. A regi\u00e3o foi atingida por\u00a0temporais desde quinta-feira\u00a0(17\/12\/2020). Segundo informa\u00e7\u00f5es da Defesa Civil do Estado, foram 12 mortes em Presidente Get\u00falio, duas em Rio do Sul e uma em Ibirama. Seis v\u00edtimas continuam desaparecidas. At\u00e9 o momento 184 pessoas est\u00e3o desabrigadas e 284 [&hellip;]","og_url":"https:\/\/aconteceunovale.com.br\/portal\/?p=170985","og_site_name":"Aconteceu no Vale","article_publisher":"https:\/\/www.facebook.com\/aconteceunovale\/","article_published_time":"2020-12-19T22:20:42+00:00","article_modified_time":"2020-12-19T22:20:55+00:00","og_image":[{"width":678,"height":406,"url":"https:\/\/aconteceunovale.com.br\/portal\/wp-content\/uploads\/2020\/12\/chuva_sc.jpeg","type":"image\/jpeg"}],"author":"Reda\u00e7\u00e3o Aconteceu no Vale","twitter_card":"summary_large_image","twitter_creator":"@noticiadosvales","twitter_site":"@noticiadosvales","twitter_misc":{"Escrito por":"Reda\u00e7\u00e3o Aconteceu no Vale","Est. tempo de leitura":"1 minuto"},"schema":{"@context":"https:\/\/schema.org","@graph":[{"@type":"Article","@id":"https:\/\/aconteceunovale.com.br\/portal\/?p=170985#article","isPartOf":{"@id":"https:\/\/aconteceunovale.com.br\/portal\/?p=170985"},"author":{"name":"Reda\u00e7\u00e3o Aconteceu no Vale","@id":"https:\/\/aconteceunovale.com.br\/portal\/#\/schema\/person\/7d2f26d1483f8a63de73da1ee0754d35"},"headline":"Fortes chuvas deixam ao menos 15 mortos em Santa Catarina","datePublished":"2020-12-19T22:20:42+00:00","dateModified":"2020-12-19T22:20:55+00:00","mainEntityOfPage":{"@id":"https:\/\/aconteceunovale.com.br\/portal\/?p=170985"},"wordCount":237,"commentCount":0,"image":{"@id":"https:\/\/aconteceunovale.com.br\/portal\/?p=170985#primaryimage"},"thumbnailUrl":"https:\/\/aconteceunovale.com.br\/portal\/wp-content\/uploads\/2020\/12\/chuva_sc.jpeg","keywords":["Aldo Baptista Neto","Chuva em Ibirama","Chuva em Presidente Get\u00falio","Chuva em Rio do Sul","Chuvas em Santa Catarina","Chuvas em SC","Enxurradas em SC","Ibirama","Jair Bolsonaro","Presidente Get\u00falio","Rio do Sul","Rog\u00e9rio Marinho","Temporais em SC"],"articleSection":["Brasil"],"inLanguage":"pt-BR","potentialAction":[{"@type":"CommentAction","name":"Comment","target":["https:\/\/aconteceunovale.com.br\/portal\/?p=170985#respond"]}]},{"@type":"WebPage","@id":"https:\/\/aconteceunovale.com.br\/portal\/?p=170985","url":"https:\/\/aconteceunovale.com.br\/portal\/?p=170985","name":"Fortes chuvas deixam ao menos 15 mortos em Santa Catarina - Aconteceu no Vale","isPartOf":{"@id":"https:\/\/aconteceunovale.com.br\/portal\/#website"},"primaryImageOfPage":{"@id":"https:\/\/aconteceunovale.com.br\/portal\/?p=170985#primaryimage"},"image":{"@id":"https:\/\/aconteceunovale.com.br\/portal\/?p=170985#primaryimage"},"thumbnailUrl":"https:\/\/aconteceunovale.com.br\/portal\/wp-content\/uploads\/2020\/12\/chuva_sc.jpeg","datePublished":"2020-12-19T22:20:42+00:00","dateModified":"2020-12-19T22:20:55+00:00","author":{"@id":"https:\/\/aconteceunovale.com.br\/portal\/#\/schema\/person\/7d2f26d1483f8a63de73da1ee0754d35"},"breadcrumb":{"@id":"https:\/\/aconteceunovale.com.br\/portal\/?p=170985#breadcrumb"},"inLanguage":"pt-BR","potentialAction":[{"@type":"ReadAction","target":["https:\/\/aconteceunovale.com.br\/portal\/?p=170985"]}]},{"@type":"ImageObject","inLanguage":"pt-BR","@id":"https:\/\/aconteceunovale.com.br\/portal\/?p=170985#primaryimage","url":"https:\/\/aconteceunovale.com.br\/portal\/wp-content\/uploads\/2020\/12\/chuva_sc.jpeg","contentUrl":"https:\/\/aconteceunovale.com.br\/portal\/wp-content\/uploads\/2020\/12\/chuva_sc.jpeg","width":678,"height":406,"caption":"Chuvas causam estragos em munic\u00edpios do Vale do Itaja\u00ed e da Grande Florian\u00f3polis"},{"@type":"BreadcrumbList","@id":"https:\/\/aconteceunovale.com.br\/portal\/?p=170985#breadcrumb","itemListElement":[{"@type":"ListItem","position":1,"name":"In\u00edcio","item":"https:\/\/aconteceunovale.com.br\/portal\/"},{"@type":"ListItem","position":2,"name":"Fortes chuvas deixam ao menos 15 mortos em Santa Catarina"}]},{"@type":"WebSite","@id":"https:\/\/aconteceunovale.com.br\/portal\/#website","url":"https:\/\/aconteceunovale.com.br\/portal\/","name":"Aconteceu no Vale","description":"Portal de Not\u00edcias","potentialAction":[{"@type":"SearchAction","target":{"@type":"EntryPoint","urlTemplate":"https:\/\/aconteceunovale.com.br\/portal\/?s={search_term_string}"},"query-input":{"@type":"PropertyValueSpecification","valueRequired":true,"valueName":"search_term_string"}}],"inLanguage":"pt-BR"},{"@type":"Person","@id":"https:\/\/aconteceunovale.com.br\/portal\/#\/schema\/person\/7d2f26d1483f8a63de73da1ee0754d35","name":"Reda\u00e7\u00e3o Aconteceu no Vale","description":"Equipe de reportagem do Aconteceu no Vale, portal de not\u00edcias do Vale do Jequitinhonha, em Minas Gerais. Cobrimos as 51 cidades do Vale desde 2013. Sugest\u00f5es de pauta e pedidos de corre\u00e7\u00e3o: contato@aconteceunovale.com.br","url":"https:\/\/aconteceunovale.com.br\/portal\/?author=4"}]}},"_links":{"self":[{"href":"https:\/\/aconteceunovale.com.br\/portal\/index.php?rest_route=\/wp\/v2\/posts\/170985","targetHints":{"allow":["GET"]}}],"collection":[{"href":"https:\/\/aconteceunovale.com.br\/portal\/index.php?rest_route=\/wp\/v2\/posts"}],"about":[{"href":"https:\/\/aconteceunovale.com.br\/portal\/index.php?rest_route=\/wp\/v2\/types\/post"}],"author":[{"embeddable":true,"href":"https:\/\/aconteceunovale.com.br\/portal\/index.php?rest_route=\/wp\/v2\/users\/4"}],"replies":[{"embeddable":true,"href":"https:\/\/aconteceunovale.com.br\/portal\/index.php?rest_route=%2Fwp%2Fv2%2Fcomments&post=170985"}],"version-history":[{"count":1,"href":"https:\/\/aconteceunovale.com.br\/portal\/index.php?rest_route=\/wp\/v2\/posts\/170985\/revisions"}],"predecessor-version":[{"id":170987,"href":"https:\/\/aconteceunovale.com.br\/portal\/index.php?rest_route=\/wp\/v2\/posts\/170985\/revisions\/170987"}],"wp:featuredmedia":[{"embeddable":true,"href":"https:\/\/aconteceunovale.com.br\/portal\/index.php?rest_route=\/wp\/v2\/media\/170986"}],"wp:attachment":[{"href":"https:\/\/aconteceunovale.com.br\/portal\/index.php?rest_route=%2Fwp%2Fv2%2Fmedia&parent=170985"}],"wp:term":[{"taxonomy":"category","embeddable":true,"href":"https:\/\/aconteceunovale.com.br\/portal\/index.php?rest_route=%2Fwp%2Fv2%2Fcategories&post=170985"},{"taxonomy":"post_tag","embeddable":true,"href":"https:\/\/aconteceunovale.com.br\/portal\/index.php?rest_route=%2Fwp%2Fv2%2Ftags&post=170985"}],"curies":[{"name":"wp","href":"https:\/\/api.w.org\/{rel}","templated":true}]}}