{"id":170965,"date":"2020-12-17T20:28:44","date_gmt":"2020-12-17T23:28:44","guid":{"rendered":"https:\/\/aconteceunovale.com.br\/portal\/?p=170965"},"modified":"2020-12-17T20:44:19","modified_gmt":"2020-12-17T23:44:19","slug":"lancada-a-pedra-fundamental-para-pavimentacao-da-br-367-no-vale-do-jequitinhonha","status":"publish","type":"post","link":"https:\/\/aconteceunovale.com.br\/portal\/?p=170965","title":{"rendered":"Lan\u00e7ada a pedra fundamental para pavimenta\u00e7\u00e3o da BR-367, no Vale do Jequitinhonha"},"content":{"rendered":"\n<p class=\"wp-block-paragraph\">O presidente Jair Bolsonaro e o governador de Minas Gerais, Romeu Zema, lan\u00e7aram nesta quinta-feira (17\/12\/2020), em Jacinto, no Vale do Jequitinhonha, a pedra fundamental para pavimenta\u00e7\u00e3o da BR-367, obra aguardada h\u00e1 d\u00e9cadas pela popula\u00e7\u00e3o da regi\u00e3o.<\/p>\n\n\n\n<p class=\"wp-block-paragraph\">A interven\u00e7\u00e3o deve receber R$ 160 milh\u00f5es de investimento do governo federal, em 61,6 km de extens\u00e3o, entre Jacinto e Salto da Divisa, fazendo liga\u00e7\u00e3o at\u00e9 Almenara. Segundo o Departamento Nacional de Infraestrutura de Transportes (DNIT), j\u00e1 foram iniciados a montagem do canteiro e prospec\u00e7\u00f5es. A previs\u00e3o de conclus\u00e3o \u00e9 em 2022.<\/p>\n\n\n\n<p class=\"wp-block-paragraph\">&#8220;S\u00e3o mais de 70 anos de espera pela conclus\u00e3o da BR-367. A obra \u00e9 de uma import\u00e2ncia enorme porque vai conectar essa regi\u00e3o ao Sul do Estado da Bahia e propiciar a conex\u00e3o para que o transporte seja feito de forma mais \u00e1gil e seguro, trazendo desenvolvimento e empregos&#8221;, afirmou Zema.<br><br>O presidente Jair Bolsonaro reafirmou o compromisso do governo federal com o desenvolvimento da regi\u00e3o. &#8220;Aprendi a amar e respeitar Minas Gerais. \u00c9 uma satisfa\u00e7\u00e3o muito grande para mim. \u00c9 em nome da bancada de Minas que essas obras saem. Uma bancada ativa, que realmente vai a Bras\u00edlia atr\u00e1s de benef\u00edcios para o seu estado. E o nosso trabalho, meu e do (ministro) Tarc\u00edsio, \u00e9 buscar atend\u00ea-la. Essa obra chega em boa hora. H\u00e1 muito ela foi prometida e lamentavelmente n\u00e3o chegou at\u00e9 agora. Mas vai chegar em nosso governo&#8221;, disse.<\/p>\n\n\n\n<figure class=\"wp-block-gallery columns-1 is-cropped wp-block-gallery-1 is-layout-flex wp-block-gallery-is-layout-flex\"><ul class=\"blocks-gallery-grid\"><li class=\"blocks-gallery-item\"><figure><img loading=\"lazy\" decoding=\"async\" width=\"678\" height=\"440\" src=\"https:\/\/aconteceunovale.com.br\/portal\/wp-content\/uploads\/2020\/12\/pedra_367_3.jpg\" alt=\"\" data-id=\"170966\" data-full-url=\"https:\/\/aconteceunovale.com.br\/portal\/wp-content\/uploads\/2020\/12\/pedra_367_3.jpg\" data-link=\"https:\/\/aconteceunovale.com.br\/portal\/?attachment_id=170966\" class=\"wp-image-170966\" srcset=\"https:\/\/aconteceunovale.com.br\/portal\/wp-content\/uploads\/2020\/12\/pedra_367_3.jpg 678w, https:\/\/aconteceunovale.com.br\/portal\/wp-content\/uploads\/2020\/12\/pedra_367_3-300x195.jpg 300w, https:\/\/aconteceunovale.com.br\/portal\/wp-content\/uploads\/2020\/12\/pedra_367_3-647x420.jpg 647w\" sizes=\"auto, (max-width: 678px) 100vw, 678px\" \/><figcaption class=\"blocks-gallery-item__caption\"><em>Foto: Gil Leonardi \/ Imprensa MG<\/em><\/figcaption><\/figure><\/li><\/ul><\/figure>\n\n\n\n<p class=\"wp-block-paragraph\"><strong>Novos investimentos<\/strong><br><br>Durante a solenidade em Jacinto, o ministro de Infraestrutura, Tarc\u00edsio Gomes de Freitas, anunciou duas novas obras previstas pelo governo federal para o Vale do Jequitinhonha no pr\u00f3ximo ano.\u00a0<br><br>&#8220;A Ponte do Jequitinhonha, na BR-116, no primeiro trimestre do ano que vem vamos licitar, toda recuperada. Vamos trazer seguran\u00e7a para aquela travessia. E temos outro an\u00fancio que ressalta a parceria que temos com o\u00a0Governo de Minas Gerais, que amanh\u00e3 ser\u00e1 publicado no Di\u00e1rio Oficial da Uni\u00e3o. A federaliza\u00e7\u00e3o da BR-135, entre Manga e Itacarambi. Ano que vem iniciamos a pavimenta\u00e7\u00e3o&#8221;, destacou.<\/p>\n\n\n\n<p class=\"wp-block-paragraph\"><strong>Impactos econ\u00f4micos<\/strong><\/p>\n\n\n\n<p class=\"wp-block-paragraph\">A obra de infraestrutura rodovi\u00e1ria na BR-367 vai impactar fortemente no desenvolvimento econ\u00f4mico da regi\u00e3o, criando mais oportunidades de emprego e favorecendo a arrecada\u00e7\u00e3o de impostos.&nbsp;<\/p>\n\n\n\n<p class=\"wp-block-paragraph\">J\u00e1 durante as obras espera-se a gera\u00e7\u00e3o de 620 empregos diretos nos setores de constru\u00e7\u00e3o, infraestrutura e m\u00e1quinas e equipamentos. Al\u00e9m disso, h\u00e1 uma previs\u00e3o de gera\u00e7\u00e3o de 2.200 empregos em outros setores econ\u00f4micos. Os investimentos t\u00eam o potencial de gerar R$ 16 milh\u00f5es em arrecada\u00e7\u00e3o de impostos indiretos na economia.<\/p>\n\n\n\n<figure class=\"wp-block-gallery columns-1 is-cropped wp-block-gallery-2 is-layout-flex wp-block-gallery-is-layout-flex\"><ul class=\"blocks-gallery-grid\"><li class=\"blocks-gallery-item\"><figure><img loading=\"lazy\" decoding=\"async\" width=\"675\" height=\"450\" src=\"https:\/\/aconteceunovale.com.br\/portal\/wp-content\/uploads\/2020\/12\/pedra_367_1.jpg\" alt=\"\" data-id=\"170968\" data-full-url=\"https:\/\/aconteceunovale.com.br\/portal\/wp-content\/uploads\/2020\/12\/pedra_367_1.jpg\" data-link=\"https:\/\/aconteceunovale.com.br\/portal\/?attachment_id=170968\" class=\"wp-image-170968\" srcset=\"https:\/\/aconteceunovale.com.br\/portal\/wp-content\/uploads\/2020\/12\/pedra_367_1.jpg 675w, https:\/\/aconteceunovale.com.br\/portal\/wp-content\/uploads\/2020\/12\/pedra_367_1-300x200.jpg 300w, https:\/\/aconteceunovale.com.br\/portal\/wp-content\/uploads\/2020\/12\/pedra_367_1-630x420.jpg 630w\" sizes=\"auto, (max-width: 675px) 100vw, 675px\" \/><figcaption class=\"blocks-gallery-item__caption\"><em>Foto: Gil Leonardi \/ Imprensa MG<\/em><\/figcaption><\/figure><\/li><li class=\"blocks-gallery-item\"><figure><img loading=\"lazy\" decoding=\"async\" width=\"678\" height=\"444\" src=\"https:\/\/aconteceunovale.com.br\/portal\/wp-content\/uploads\/2020\/12\/pedra_367_2.jpg\" alt=\"\" data-id=\"170967\" data-full-url=\"https:\/\/aconteceunovale.com.br\/portal\/wp-content\/uploads\/2020\/12\/pedra_367_2.jpg\" data-link=\"https:\/\/aconteceunovale.com.br\/portal\/?attachment_id=170967\" class=\"wp-image-170967\" srcset=\"https:\/\/aconteceunovale.com.br\/portal\/wp-content\/uploads\/2020\/12\/pedra_367_2.jpg 678w, https:\/\/aconteceunovale.com.br\/portal\/wp-content\/uploads\/2020\/12\/pedra_367_2-300x196.jpg 300w, https:\/\/aconteceunovale.com.br\/portal\/wp-content\/uploads\/2020\/12\/pedra_367_2-641x420.jpg 641w\" sizes=\"auto, (max-width: 678px) 100vw, 678px\" \/><figcaption class=\"blocks-gallery-item__caption\"><em>Foto: Gil Leonardi \/ Imprensa MG<\/em><\/figcaption><\/figure><\/li><\/ul><\/figure>\n\n\n\n<p class=\"has-white-color has-vivid-cyan-blue-background-color has-text-color has-background wp-block-paragraph\">Quer saber as not\u00edcias do <strong>Aconteceu no Vale<\/strong> em primeira m\u00e3o? Siga-nos no Facebook <a rel=\"noreferrer noopener\" href=\"http:\/\/facebook.com\/aconteceunovale\" target=\"_blank\">@aconteceunovale<\/a>, Twitter <a rel=\"noreferrer noopener\" href=\"https:\/\/twitter.com\/noticiadosvales\" target=\"_blank\">@noticiadosvales<\/a> e Instagram <a rel=\"noreferrer noopener\" href=\"https:\/\/www.instagram.com\/aconteceunovale\" target=\"_blank\">@aconteceunovale<\/a>.<\/p>\n","protected":false},"excerpt":{"rendered":"<p>O presidente Jair Bolsonaro e o governador de Minas Gerais, Romeu Zema, lan\u00e7aram nesta quinta-feira (17\/12\/2020), em Jacinto, no Vale do Jequitinhonha, a pedra fundamental para pavimenta\u00e7\u00e3o da BR-367, obra aguardada h\u00e1 d\u00e9cadas pela popula\u00e7\u00e3o da regi\u00e3o. A interven\u00e7\u00e3o deve receber R$ 160 milh\u00f5es de investimento do governo federal, em 61,6 km de extens\u00e3o, entre [&hellip;]<\/p>\n","protected":false},"author":4,"featured_media":170966,"comment_status":"open","ping_status":"closed","sticky":false,"template":"","format":"standard","meta":{"amp_status":"","footnotes":""},"categories":[40240,120],"tags":[142,223917,100375,232767,232769,2016,1018,408,26436,232768,232770,223918,223919,14965,223921,223920,232823,232822,178207,232766,409,181383,232765],"class_list":["post-170965","post","type-post","status-publish","format-standard","has-post-thumbnail","hentry","category-politica","category-jequi","tag-almenara","tag-assinada-ordem-de-servico-para-pavimentacao-de-trecho-da-br-367","tag-bolsonaro","tag-bolsonaro-em-jacinto","tag-bolsonaro-no-vale-do-jequitinhonha","tag-br-367","tag-destaque","tag-jacinto","tag-jair-bolsonaro","tag-jair-bolsonaro-em-jacinto","tag-obra-na-br-367","tag-ordem-de-servico-br-367","tag-ordem-de-servico-para-pavimentacao-de-trecho-da-br-367","tag-pavimentacao-da-br-367","tag-pavimentacao-da-br-367-entre-almenara-e-salto-da-divisa","tag-pavimentacao-de-trecho-da-br-367","tag-pedra-fundamental-para-pavimentacao-da-br-367","tag-presidente-lanca-pedra-fundamental-de-trecho-da-br-367","tag-romeu-zema","tag-romeu-zema-em-jacinto","tag-salto-da-divisa","tag-zema","tag-zema-e-bolsonaro-vem-ao-vale-do-jequitinhonha-para-anunciar-obra-na-br-367"],"yoast_head":"<!-- This site is optimized with the Yoast SEO plugin v28.3 - https:\/\/yoast.com\/product\/yoast-seo-wordpress\/ -->\n<title>Lan\u00e7ada a pedra fundamental para pavimenta\u00e7\u00e3o da BR-367, no Vale do Jequitinhonha - Aconteceu no Vale<\/title>\n<meta name=\"robots\" content=\"index, follow, max-snippet:-1, max-image-preview:large, max-video-preview:-1\" \/>\n<link rel=\"canonical\" href=\"https:\/\/aconteceunovale.com.br\/portal\/?p=170965\" \/>\n<meta property=\"og:locale\" content=\"pt_BR\" \/>\n<meta property=\"og:type\" content=\"article\" \/>\n<meta property=\"og:title\" content=\"Lan\u00e7ada a pedra fundamental para pavimenta\u00e7\u00e3o da BR-367, no Vale do Jequitinhonha - Aconteceu no Vale\" \/>\n<meta property=\"og:description\" content=\"O presidente Jair Bolsonaro e o governador de Minas Gerais, Romeu Zema, lan\u00e7aram nesta quinta-feira (17\/12\/2020), em Jacinto, no Vale do Jequitinhonha, a pedra fundamental para pavimenta\u00e7\u00e3o da BR-367, obra aguardada h\u00e1 d\u00e9cadas pela popula\u00e7\u00e3o da regi\u00e3o. A interven\u00e7\u00e3o deve receber R$ 160 milh\u00f5es de investimento do governo federal, em 61,6 km de extens\u00e3o, entre [&hellip;]\" \/>\n<meta property=\"og:url\" content=\"https:\/\/aconteceunovale.com.br\/portal\/?p=170965\" \/>\n<meta property=\"og:site_name\" content=\"Aconteceu no Vale\" \/>\n<meta property=\"article:publisher\" content=\"https:\/\/www.facebook.com\/aconteceunovale\/\" \/>\n<meta property=\"article:published_time\" content=\"2020-12-17T23:28:44+00:00\" \/>\n<meta property=\"article:modified_time\" content=\"2020-12-17T23:44:19+00:00\" \/>\n<meta property=\"og:image\" content=\"https:\/\/aconteceunovale.com.br\/portal\/wp-content\/uploads\/2020\/12\/pedra_367_3.jpg\" \/>\n\t<meta property=\"og:image:width\" content=\"678\" \/>\n\t<meta property=\"og:image:height\" content=\"440\" \/>\n\t<meta property=\"og:image:type\" content=\"image\/jpeg\" \/>\n<meta name=\"author\" content=\"Reda\u00e7\u00e3o Aconteceu no Vale\" \/>\n<meta name=\"twitter:card\" content=\"summary_large_image\" \/>\n<meta name=\"twitter:creator\" content=\"@noticiadosvales\" \/>\n<meta name=\"twitter:site\" content=\"@noticiadosvales\" \/>\n<meta name=\"twitter:label1\" content=\"Escrito por\" \/>\n\t<meta name=\"twitter:data1\" content=\"Reda\u00e7\u00e3o Aconteceu no Vale\" \/>\n\t<meta name=\"twitter:label2\" content=\"Est. tempo de leitura\" \/>\n\t<meta name=\"twitter:data2\" content=\"2 minutos\" \/>\n<script type=\"application\/ld+json\" class=\"yoast-schema-graph\">{\"@context\":\"https:\\\/\\\/schema.org\",\"@graph\":[{\"@type\":\"Article\",\"@id\":\"https:\\\/\\\/aconteceunovale.com.br\\\/portal\\\/?p=170965#article\",\"isPartOf\":{\"@id\":\"https:\\\/\\\/aconteceunovale.com.br\\\/portal\\\/?p=170965\"},\"author\":{\"name\":\"Reda\u00e7\u00e3o Aconteceu no Vale\",\"@id\":\"https:\\\/\\\/aconteceunovale.com.br\\\/portal\\\/#\\\/schema\\\/person\\\/7d2f26d1483f8a63de73da1ee0754d35\"},\"headline\":\"Lan\u00e7ada a pedra fundamental para pavimenta\u00e7\u00e3o da BR-367, no Vale do Jequitinhonha\",\"datePublished\":\"2020-12-17T23:28:44+00:00\",\"dateModified\":\"2020-12-17T23:44:19+00:00\",\"mainEntityOfPage\":{\"@id\":\"https:\\\/\\\/aconteceunovale.com.br\\\/portal\\\/?p=170965\"},\"wordCount\":491,\"commentCount\":1,\"image\":{\"@id\":\"https:\\\/\\\/aconteceunovale.com.br\\\/portal\\\/?p=170965#primaryimage\"},\"thumbnailUrl\":\"https:\\\/\\\/aconteceunovale.com.br\\\/portal\\\/wp-content\\\/uploads\\\/2020\\\/12\\\/pedra_367_3.jpg\",\"keywords\":[\"Almenara\",\"Assinada ordem de servi\u00e7o para pavimenta\u00e7\u00e3o de trecho da BR-367\",\"Bolsonaro\",\"Bolsonaro em Jacinto\",\"Bolsonaro no Vale do Jequitinhonha\",\"br-367\",\"destaque\",\"Jacinto\",\"Jair Bolsonaro\",\"Jair Bolsonaro em Jacinto\",\"Obra na BR-367\",\"Ordem de servi\u00e7o BR-367\",\"Ordem de servi\u00e7o para pavimenta\u00e7\u00e3o de trecho da BR-367\",\"pavimenta\u00e7\u00e3o da BR-367\",\"Pavimenta\u00e7\u00e3o da BR-367 entre Almenara e Salto da Divisa\",\"Pavimenta\u00e7\u00e3o de trecho da BR-367\",\"Pedra fundamental para pavimenta\u00e7\u00e3o da BR-367\",\"Presidente lan\u00e7a pedra fundamental de trecho da BR-367\",\"Romeu Zema\",\"Romeu Zema em Jacinto\",\"Salto da Divisa\",\"Zema\",\"Zema e Bolsonaro v\u00eam ao Vale do Jequitinhonha para anunciar obra na BR-367\"],\"articleSection\":[\"Pol\u00edtica\",\"Vale do Jequitinhonha\"],\"inLanguage\":\"pt-BR\",\"potentialAction\":[{\"@type\":\"CommentAction\",\"name\":\"Comment\",\"target\":[\"https:\\\/\\\/aconteceunovale.com.br\\\/portal\\\/?p=170965#respond\"]}]},{\"@type\":\"WebPage\",\"@id\":\"https:\\\/\\\/aconteceunovale.com.br\\\/portal\\\/?p=170965\",\"url\":\"https:\\\/\\\/aconteceunovale.com.br\\\/portal\\\/?p=170965\",\"name\":\"Lan\u00e7ada a pedra fundamental para pavimenta\u00e7\u00e3o da BR-367, no Vale do Jequitinhonha - Aconteceu no Vale\",\"isPartOf\":{\"@id\":\"https:\\\/\\\/aconteceunovale.com.br\\\/portal\\\/#website\"},\"primaryImageOfPage\":{\"@id\":\"https:\\\/\\\/aconteceunovale.com.br\\\/portal\\\/?p=170965#primaryimage\"},\"image\":{\"@id\":\"https:\\\/\\\/aconteceunovale.com.br\\\/portal\\\/?p=170965#primaryimage\"},\"thumbnailUrl\":\"https:\\\/\\\/aconteceunovale.com.br\\\/portal\\\/wp-content\\\/uploads\\\/2020\\\/12\\\/pedra_367_3.jpg\",\"datePublished\":\"2020-12-17T23:28:44+00:00\",\"dateModified\":\"2020-12-17T23:44:19+00:00\",\"author\":{\"@id\":\"https:\\\/\\\/aconteceunovale.com.br\\\/portal\\\/#\\\/schema\\\/person\\\/7d2f26d1483f8a63de73da1ee0754d35\"},\"breadcrumb\":{\"@id\":\"https:\\\/\\\/aconteceunovale.com.br\\\/portal\\\/?p=170965#breadcrumb\"},\"inLanguage\":\"pt-BR\",\"potentialAction\":[{\"@type\":\"ReadAction\",\"target\":[\"https:\\\/\\\/aconteceunovale.com.br\\\/portal\\\/?p=170965\"]}]},{\"@type\":\"ImageObject\",\"inLanguage\":\"pt-BR\",\"@id\":\"https:\\\/\\\/aconteceunovale.com.br\\\/portal\\\/?p=170965#primaryimage\",\"url\":\"https:\\\/\\\/aconteceunovale.com.br\\\/portal\\\/wp-content\\\/uploads\\\/2020\\\/12\\\/pedra_367_3.jpg\",\"contentUrl\":\"https:\\\/\\\/aconteceunovale.com.br\\\/portal\\\/wp-content\\\/uploads\\\/2020\\\/12\\\/pedra_367_3.jpg\",\"width\":678,\"height\":440},{\"@type\":\"BreadcrumbList\",\"@id\":\"https:\\\/\\\/aconteceunovale.com.br\\\/portal\\\/?p=170965#breadcrumb\",\"itemListElement\":[{\"@type\":\"ListItem\",\"position\":1,\"name\":\"In\u00edcio\",\"item\":\"https:\\\/\\\/aconteceunovale.com.br\\\/portal\\\/\"},{\"@type\":\"ListItem\",\"position\":2,\"name\":\"Lan\u00e7ada a pedra fundamental para pavimenta\u00e7\u00e3o da BR-367, no Vale do Jequitinhonha\"}]},{\"@type\":\"WebSite\",\"@id\":\"https:\\\/\\\/aconteceunovale.com.br\\\/portal\\\/#website\",\"url\":\"https:\\\/\\\/aconteceunovale.com.br\\\/portal\\\/\",\"name\":\"Aconteceu no Vale\",\"description\":\"Portal de Not\u00edcias\",\"potentialAction\":[{\"@type\":\"SearchAction\",\"target\":{\"@type\":\"EntryPoint\",\"urlTemplate\":\"https:\\\/\\\/aconteceunovale.com.br\\\/portal\\\/?s={search_term_string}\"},\"query-input\":{\"@type\":\"PropertyValueSpecification\",\"valueRequired\":true,\"valueName\":\"search_term_string\"}}],\"inLanguage\":\"pt-BR\"},{\"@type\":\"Person\",\"@id\":\"https:\\\/\\\/aconteceunovale.com.br\\\/portal\\\/#\\\/schema\\\/person\\\/7d2f26d1483f8a63de73da1ee0754d35\",\"name\":\"Reda\u00e7\u00e3o Aconteceu no Vale\",\"description\":\"Equipe de reportagem do Aconteceu no Vale, portal de not\u00edcias do Vale do Jequitinhonha, em Minas Gerais. Cobrimos as 51 cidades do Vale desde 2013. Sugest\u00f5es de pauta e pedidos de corre\u00e7\u00e3o: contato@aconteceunovale.com.br\",\"url\":\"https:\\\/\\\/aconteceunovale.com.br\\\/portal\\\/?author=4\"}]}<\/script>\n<!-- \/ Yoast SEO plugin. -->","yoast_head_json":{"title":"Lan\u00e7ada a pedra fundamental para pavimenta\u00e7\u00e3o da BR-367, no Vale do Jequitinhonha - Aconteceu no Vale","robots":{"index":"index","follow":"follow","max-snippet":"max-snippet:-1","max-image-preview":"max-image-preview:large","max-video-preview":"max-video-preview:-1"},"canonical":"https:\/\/aconteceunovale.com.br\/portal\/?p=170965","og_locale":"pt_BR","og_type":"article","og_title":"Lan\u00e7ada a pedra fundamental para pavimenta\u00e7\u00e3o da BR-367, no Vale do Jequitinhonha - Aconteceu no Vale","og_description":"O presidente Jair Bolsonaro e o governador de Minas Gerais, Romeu Zema, lan\u00e7aram nesta quinta-feira (17\/12\/2020), em Jacinto, no Vale do Jequitinhonha, a pedra fundamental para pavimenta\u00e7\u00e3o da BR-367, obra aguardada h\u00e1 d\u00e9cadas pela popula\u00e7\u00e3o da regi\u00e3o. A interven\u00e7\u00e3o deve receber R$ 160 milh\u00f5es de investimento do governo federal, em 61,6 km de extens\u00e3o, entre [&hellip;]","og_url":"https:\/\/aconteceunovale.com.br\/portal\/?p=170965","og_site_name":"Aconteceu no Vale","article_publisher":"https:\/\/www.facebook.com\/aconteceunovale\/","article_published_time":"2020-12-17T23:28:44+00:00","article_modified_time":"2020-12-17T23:44:19+00:00","og_image":[{"width":678,"height":440,"url":"https:\/\/aconteceunovale.com.br\/portal\/wp-content\/uploads\/2020\/12\/pedra_367_3.jpg","type":"image\/jpeg"}],"author":"Reda\u00e7\u00e3o Aconteceu no Vale","twitter_card":"summary_large_image","twitter_creator":"@noticiadosvales","twitter_site":"@noticiadosvales","twitter_misc":{"Escrito por":"Reda\u00e7\u00e3o Aconteceu no Vale","Est. tempo de leitura":"2 minutos"},"schema":{"@context":"https:\/\/schema.org","@graph":[{"@type":"Article","@id":"https:\/\/aconteceunovale.com.br\/portal\/?p=170965#article","isPartOf":{"@id":"https:\/\/aconteceunovale.com.br\/portal\/?p=170965"},"author":{"name":"Reda\u00e7\u00e3o Aconteceu no Vale","@id":"https:\/\/aconteceunovale.com.br\/portal\/#\/schema\/person\/7d2f26d1483f8a63de73da1ee0754d35"},"headline":"Lan\u00e7ada a pedra fundamental para pavimenta\u00e7\u00e3o da BR-367, no Vale do Jequitinhonha","datePublished":"2020-12-17T23:28:44+00:00","dateModified":"2020-12-17T23:44:19+00:00","mainEntityOfPage":{"@id":"https:\/\/aconteceunovale.com.br\/portal\/?p=170965"},"wordCount":491,"commentCount":1,"image":{"@id":"https:\/\/aconteceunovale.com.br\/portal\/?p=170965#primaryimage"},"thumbnailUrl":"https:\/\/aconteceunovale.com.br\/portal\/wp-content\/uploads\/2020\/12\/pedra_367_3.jpg","keywords":["Almenara","Assinada ordem de servi\u00e7o para pavimenta\u00e7\u00e3o de trecho da BR-367","Bolsonaro","Bolsonaro em Jacinto","Bolsonaro no Vale do Jequitinhonha","br-367","destaque","Jacinto","Jair Bolsonaro","Jair Bolsonaro em Jacinto","Obra na BR-367","Ordem de servi\u00e7o BR-367","Ordem de servi\u00e7o para pavimenta\u00e7\u00e3o de trecho da BR-367","pavimenta\u00e7\u00e3o da BR-367","Pavimenta\u00e7\u00e3o da BR-367 entre Almenara e Salto da Divisa","Pavimenta\u00e7\u00e3o de trecho da BR-367","Pedra fundamental para pavimenta\u00e7\u00e3o da BR-367","Presidente lan\u00e7a pedra fundamental de trecho da BR-367","Romeu Zema","Romeu Zema em Jacinto","Salto da Divisa","Zema","Zema e Bolsonaro v\u00eam ao Vale do Jequitinhonha para anunciar obra na BR-367"],"articleSection":["Pol\u00edtica","Vale do Jequitinhonha"],"inLanguage":"pt-BR","potentialAction":[{"@type":"CommentAction","name":"Comment","target":["https:\/\/aconteceunovale.com.br\/portal\/?p=170965#respond"]}]},{"@type":"WebPage","@id":"https:\/\/aconteceunovale.com.br\/portal\/?p=170965","url":"https:\/\/aconteceunovale.com.br\/portal\/?p=170965","name":"Lan\u00e7ada a pedra fundamental para pavimenta\u00e7\u00e3o da BR-367, no Vale do Jequitinhonha - Aconteceu no Vale","isPartOf":{"@id":"https:\/\/aconteceunovale.com.br\/portal\/#website"},"primaryImageOfPage":{"@id":"https:\/\/aconteceunovale.com.br\/portal\/?p=170965#primaryimage"},"image":{"@id":"https:\/\/aconteceunovale.com.br\/portal\/?p=170965#primaryimage"},"thumbnailUrl":"https:\/\/aconteceunovale.com.br\/portal\/wp-content\/uploads\/2020\/12\/pedra_367_3.jpg","datePublished":"2020-12-17T23:28:44+00:00","dateModified":"2020-12-17T23:44:19+00:00","author":{"@id":"https:\/\/aconteceunovale.com.br\/portal\/#\/schema\/person\/7d2f26d1483f8a63de73da1ee0754d35"},"breadcrumb":{"@id":"https:\/\/aconteceunovale.com.br\/portal\/?p=170965#breadcrumb"},"inLanguage":"pt-BR","potentialAction":[{"@type":"ReadAction","target":["https:\/\/aconteceunovale.com.br\/portal\/?p=170965"]}]},{"@type":"ImageObject","inLanguage":"pt-BR","@id":"https:\/\/aconteceunovale.com.br\/portal\/?p=170965#primaryimage","url":"https:\/\/aconteceunovale.com.br\/portal\/wp-content\/uploads\/2020\/12\/pedra_367_3.jpg","contentUrl":"https:\/\/aconteceunovale.com.br\/portal\/wp-content\/uploads\/2020\/12\/pedra_367_3.jpg","width":678,"height":440},{"@type":"BreadcrumbList","@id":"https:\/\/aconteceunovale.com.br\/portal\/?p=170965#breadcrumb","itemListElement":[{"@type":"ListItem","position":1,"name":"In\u00edcio","item":"https:\/\/aconteceunovale.com.br\/portal\/"},{"@type":"ListItem","position":2,"name":"Lan\u00e7ada a pedra fundamental para pavimenta\u00e7\u00e3o da BR-367, no Vale do Jequitinhonha"}]},{"@type":"WebSite","@id":"https:\/\/aconteceunovale.com.br\/portal\/#website","url":"https:\/\/aconteceunovale.com.br\/portal\/","name":"Aconteceu no Vale","description":"Portal de Not\u00edcias","potentialAction":[{"@type":"SearchAction","target":{"@type":"EntryPoint","urlTemplate":"https:\/\/aconteceunovale.com.br\/portal\/?s={search_term_string}"},"query-input":{"@type":"PropertyValueSpecification","valueRequired":true,"valueName":"search_term_string"}}],"inLanguage":"pt-BR"},{"@type":"Person","@id":"https:\/\/aconteceunovale.com.br\/portal\/#\/schema\/person\/7d2f26d1483f8a63de73da1ee0754d35","name":"Reda\u00e7\u00e3o Aconteceu no Vale","description":"Equipe de reportagem do Aconteceu no Vale, portal de not\u00edcias do Vale do Jequitinhonha, em Minas Gerais. Cobrimos as 51 cidades do Vale desde 2013. Sugest\u00f5es de pauta e pedidos de corre\u00e7\u00e3o: contato@aconteceunovale.com.br","url":"https:\/\/aconteceunovale.com.br\/portal\/?author=4"}]}},"_links":{"self":[{"href":"https:\/\/aconteceunovale.com.br\/portal\/index.php?rest_route=\/wp\/v2\/posts\/170965","targetHints":{"allow":["GET"]}}],"collection":[{"href":"https:\/\/aconteceunovale.com.br\/portal\/index.php?rest_route=\/wp\/v2\/posts"}],"about":[{"href":"https:\/\/aconteceunovale.com.br\/portal\/index.php?rest_route=\/wp\/v2\/types\/post"}],"author":[{"embeddable":true,"href":"https:\/\/aconteceunovale.com.br\/portal\/index.php?rest_route=\/wp\/v2\/users\/4"}],"replies":[{"embeddable":true,"href":"https:\/\/aconteceunovale.com.br\/portal\/index.php?rest_route=%2Fwp%2Fv2%2Fcomments&post=170965"}],"version-history":[{"count":1,"href":"https:\/\/aconteceunovale.com.br\/portal\/index.php?rest_route=\/wp\/v2\/posts\/170965\/revisions"}],"predecessor-version":[{"id":170969,"href":"https:\/\/aconteceunovale.com.br\/portal\/index.php?rest_route=\/wp\/v2\/posts\/170965\/revisions\/170969"}],"wp:featuredmedia":[{"embeddable":true,"href":"https:\/\/aconteceunovale.com.br\/portal\/index.php?rest_route=\/wp\/v2\/media\/170966"}],"wp:attachment":[{"href":"https:\/\/aconteceunovale.com.br\/portal\/index.php?rest_route=%2Fwp%2Fv2%2Fmedia&parent=170965"}],"wp:term":[{"taxonomy":"category","embeddable":true,"href":"https:\/\/aconteceunovale.com.br\/portal\/index.php?rest_route=%2Fwp%2Fv2%2Fcategories&post=170965"},{"taxonomy":"post_tag","embeddable":true,"href":"https:\/\/aconteceunovale.com.br\/portal\/index.php?rest_route=%2Fwp%2Fv2%2Ftags&post=170965"}],"curies":[{"name":"wp","href":"https:\/\/api.w.org\/{rel}","templated":true}]}}