{"id":170957,"date":"2020-12-17T20:15:10","date_gmt":"2020-12-17T23:15:10","guid":{"rendered":"https:\/\/aconteceunovale.com.br\/portal\/?p=170957"},"modified":"2020-12-17T20:16:27","modified_gmt":"2020-12-17T23:16:27","slug":"paraty-e-angra-recebem-primeiros-voos-comerciais-da-azul-conecta","status":"publish","type":"post","link":"https:\/\/aconteceunovale.com.br\/portal\/?p=170957","title":{"rendered":"Paraty e Angra recebem primeiros voos comerciais da Azul Conecta"},"content":{"rendered":"\n<p class=\"wp-block-paragraph\">A partir de hoje, chegar a Paraty, Angra e B\u00fazios fica mais f\u00e1cil. As cidades, tr\u00eas dos destinos tur\u00edsticos mais procurados na alta temporada de ver\u00e3o, passam a contar com voos comerciais operados pela Azul Conecta, empresa sub-regional da Azul, com as aeronaves modelo Cessna Grand Caravan, para nove Clientes. As primeiras opera\u00e7\u00f5es aconteceram com festa e presen\u00e7a de autoridades locais.<\/p>\n\n\n\n<p class=\"wp-block-paragraph\">Com sa\u00eddas do Aeroporto Internacional de Belo Horizonte\/Confins para B\u00fazios, do Aeroporto Santos Dumont para Angra, Paraty e B\u00fazios, e de Congonhas para Angra e Paraty, a empresa ofertar\u00e1 voos di\u00e1rios at\u00e9 31 de janeiro de 2021. As rotas in\u00e9ditas e exclusivas fazem parte do projeto batizado de &#8220;Ver\u00e3o Azul Conecta&#8221;, que pretende atender a demanda de Clientes que querem chegar com conforto, agilidade e conveni\u00eancia a alguns dos destinos mais procurados da alta esta\u00e7\u00e3o. Al\u00e9m das cidades do Rio, a Azul Conecta tamb\u00e9m inicia hoje as liga\u00e7\u00f5es de Porto Alegre, S\u00e3o Paulo, Belo Horizonte e Fortaleza para Canela (RS), Torres (RS), Itanha\u00e9m (SP), Ubatuba (SP), Guarapari (ES) e Jericoacoara (CE).<\/p>\n\n\n\n<p class=\"wp-block-paragraph\">&#8220;\u00c9 uma satisfa\u00e7\u00e3o muito grande para a Azul pousar pela primeira vez em B\u00fazios, Angra e Paraty. Historicamente, constru\u00edmos uma opera\u00e7\u00e3o especial de ver\u00e3o que contempla cidades exclusivas e muito buscadas neste per\u00edodo. Com a Conecta, temos a oportunidade de concretizar uma malha in\u00e9dita para a alta esta\u00e7\u00e3o, estimulando uma nova demanda, mostrando a qualidade de nosso produto e levando nossos Clientes ainda mais perto de seus destinos preferidos&#8221;, explica F\u00e1bio Campos, gerente de Rela\u00e7\u00f5es Institucionais da Azul.<br><br><strong>Confira, a seguir, a malha de voos da Azul Conecta em B\u00fazios, Paraty e Angra:<\/strong><\/p>\n\n\n\n<figure class=\"wp-block-gallery columns-1 is-cropped wp-block-gallery-1 is-layout-flex wp-block-gallery-is-layout-flex\"><ul class=\"blocks-gallery-grid\"><li class=\"blocks-gallery-item\"><figure><img loading=\"lazy\" decoding=\"async\" width=\"692\" height=\"315\" src=\"https:\/\/aconteceunovale.com.br\/portal\/wp-content\/uploads\/2020\/12\/rota_bh_buzios_1.jpg\" alt=\"\" data-id=\"170960\" data-link=\"https:\/\/aconteceunovale.com.br\/portal\/?attachment_id=170960\" class=\"wp-image-170960\" srcset=\"https:\/\/aconteceunovale.com.br\/portal\/wp-content\/uploads\/2020\/12\/rota_bh_buzios_1.jpg 692w, https:\/\/aconteceunovale.com.br\/portal\/wp-content\/uploads\/2020\/12\/rota_bh_buzios_1-300x137.jpg 300w\" sizes=\"auto, (max-width: 692px) 100vw, 692px\" \/><\/figure><\/li><li class=\"blocks-gallery-item\"><figure><img loading=\"lazy\" decoding=\"async\" width=\"690\" height=\"417\" src=\"https:\/\/aconteceunovale.com.br\/portal\/wp-content\/uploads\/2020\/12\/rota_bh_buzios_2.jpg\" alt=\"\" data-id=\"170959\" data-link=\"https:\/\/aconteceunovale.com.br\/portal\/?attachment_id=170959\" class=\"wp-image-170959\" srcset=\"https:\/\/aconteceunovale.com.br\/portal\/wp-content\/uploads\/2020\/12\/rota_bh_buzios_2.jpg 690w, https:\/\/aconteceunovale.com.br\/portal\/wp-content\/uploads\/2020\/12\/rota_bh_buzios_2-300x181.jpg 300w\" sizes=\"auto, (max-width: 690px) 100vw, 690px\" \/><\/figure><\/li><li class=\"blocks-gallery-item\"><figure><img loading=\"lazy\" decoding=\"async\" width=\"691\" height=\"420\" src=\"https:\/\/aconteceunovale.com.br\/portal\/wp-content\/uploads\/2020\/12\/rota_bh_buzios_4.jpg\" alt=\"\" data-id=\"170962\" data-full-url=\"https:\/\/aconteceunovale.com.br\/portal\/wp-content\/uploads\/2020\/12\/rota_bh_buzios_4.jpg\" data-link=\"https:\/\/aconteceunovale.com.br\/portal\/?attachment_id=170962\" class=\"wp-image-170962\" srcset=\"https:\/\/aconteceunovale.com.br\/portal\/wp-content\/uploads\/2020\/12\/rota_bh_buzios_4.jpg 691w, https:\/\/aconteceunovale.com.br\/portal\/wp-content\/uploads\/2020\/12\/rota_bh_buzios_4-300x182.jpg 300w\" sizes=\"auto, (max-width: 691px) 100vw, 691px\" \/><\/figure><\/li><li class=\"blocks-gallery-item\"><figure><img loading=\"lazy\" decoding=\"async\" width=\"696\" height=\"277\" src=\"https:\/\/aconteceunovale.com.br\/portal\/wp-content\/uploads\/2020\/12\/rota_bh_buzios_6.jpg\" alt=\"\" data-id=\"170958\" data-link=\"https:\/\/aconteceunovale.com.br\/portal\/?attachment_id=170958\" class=\"wp-image-170958\" srcset=\"https:\/\/aconteceunovale.com.br\/portal\/wp-content\/uploads\/2020\/12\/rota_bh_buzios_6.jpg 696w, https:\/\/aconteceunovale.com.br\/portal\/wp-content\/uploads\/2020\/12\/rota_bh_buzios_6-300x119.jpg 300w\" sizes=\"auto, (max-width: 696px) 100vw, 696px\" \/><\/figure><\/li><\/ul><\/figure>\n\n\n\n<p class=\"wp-block-paragraph\"><strong>Sobre a Azul Conecta<\/strong><\/p>\n\n\n\n<p class=\"wp-block-paragraph\">Focada no desenvolvimento da avia\u00e7\u00e3o sub-regional, a Azul Conecta \u00e9 subsidi\u00e1ria da Azul e tem como sede Jundia\u00ed, no interior de S\u00e3o Paulo. Com 14 aeronaves modelo Cessna Gran Caravan, com capacidade para nove Clientes, al\u00e9m de tr\u00eas cargueiros da mesma fabricante, a Azul Conecta voa para 36 destinos no pa\u00eds e atua no fortalecimento \u00e0 conectividade da malha a\u00e9rea da Azul.<\/p>\n\n\n\n<p class=\"has-white-color has-vivid-cyan-blue-background-color has-text-color has-background wp-block-paragraph\">Quer saber as not\u00edcias do <strong>Aconteceu no Vale<\/strong> em primeira m\u00e3o? Siga-nos no Facebook <a rel=\"noreferrer noopener\" href=\"http:\/\/facebook.com\/aconteceunovale\" target=\"_blank\">@aconteceunovale<\/a>, Twitter <a rel=\"noreferrer noopener\" href=\"https:\/\/twitter.com\/noticiadosvales\" target=\"_blank\">@noticiadosvales<\/a> e Instagram <a rel=\"noreferrer noopener\" href=\"https:\/\/www.instagram.com\/aconteceunovale\" target=\"_blank\">@aconteceunovale<\/a>.<\/p>\n","protected":false},"excerpt":{"rendered":"<p>A partir de hoje, chegar a Paraty, Angra e B\u00fazios fica mais f\u00e1cil. As cidades, tr\u00eas dos destinos tur\u00edsticos mais procurados na alta temporada de ver\u00e3o, passam a contar com voos comerciais operados pela Azul Conecta, empresa sub-regional da Azul, com as aeronaves modelo Cessna Grand Caravan, para nove Clientes. As primeiras opera\u00e7\u00f5es aconteceram com [&hellip;]<\/p>\n","protected":false},"author":4,"featured_media":170963,"comment_status":"open","ping_status":"closed","sticky":false,"template":"","format":"standard","meta":{"amp_status":"","footnotes":""},"categories":[6,123],"tags":[232810,58565,77876,232797,232809,232803,232802,232816,38681,194,1017,38695,133446,91630,232799,232801,26931,91126,167430,20915,232800,191826,20699,232798,232811,232804,232794,232817,232812,232805,232793,232818,232813,232806,232792,232819,232814,232807,232796,232820,232815,232808,232795,232821],"class_list":["post-170957","post","type-post","status-publish","format-standard","has-post-thumbnail","hentry","category-br","category-gerais","tag-angra","tag-angra-dos-reis","tag-azul","tag-azul-conecta","tag-azul-conecta-para-angra","tag-azul-conecta-para-buzios","tag-azul-conecta-para-guarapari","tag-azul-conecta-para-paraty","tag-azul-linhas-aereas-brasileiras","tag-belo-horizonte","tag-bh","tag-bh-airport","tag-buzios","tag-canela","tag-cessna-grand-caravan","tag-clayton-begido","tag-guarapari","tag-itanhaem","tag-jericoacoara","tag-paraty","tag-roberta-jacaranda","tag-torres","tag-ubatuba","tag-verao-azul-conecta","tag-voo-da-azul-de-belo-horizonte-para-angra","tag-voo-da-azul-de-belo-horizonte-para-buzios","tag-voo-da-azul-de-belo-horizonte-para-guarapari","tag-voo-da-azul-de-belo-horizonte-para-paraty","tag-voo-da-azul-de-bh-para-angra","tag-voo-da-azul-de-bh-para-buzios","tag-voo-da-azul-de-bh-para-guarapari","tag-voo-da-azul-de-bh-para-paraty","tag-voo-da-azul-para-angra","tag-voo-da-azul-para-buzios","tag-voo-da-azul-para-guarapari","tag-voo-da-azul-para-paraty","tag-voo-de-belo-horizonte-para-angra","tag-voo-de-belo-horizonte-para-buzios","tag-voo-de-belo-horizonte-para-guarapari","tag-voo-de-belo-horizonte-para-paraty","tag-voo-de-bh-para-angra","tag-voo-de-bh-para-buzios","tag-voo-de-bh-para-guarapari","tag-voo-de-bh-para-paraty"],"yoast_head":"<!-- This site is optimized with the Yoast SEO plugin v28.3 - https:\/\/yoast.com\/product\/yoast-seo-wordpress\/ -->\n<title>Paraty e Angra recebem primeiros voos comerciais da Azul Conecta - Aconteceu no Vale<\/title>\n<meta name=\"robots\" content=\"index, follow, max-snippet:-1, max-image-preview:large, max-video-preview:-1\" \/>\n<link rel=\"canonical\" href=\"https:\/\/aconteceunovale.com.br\/portal\/?p=170957\" \/>\n<meta property=\"og:locale\" content=\"pt_BR\" \/>\n<meta property=\"og:type\" content=\"article\" \/>\n<meta property=\"og:title\" content=\"Paraty e Angra recebem primeiros voos comerciais da Azul Conecta - Aconteceu no Vale\" \/>\n<meta property=\"og:description\" content=\"A partir de hoje, chegar a Paraty, Angra e B\u00fazios fica mais f\u00e1cil. As cidades, tr\u00eas dos destinos tur\u00edsticos mais procurados na alta temporada de ver\u00e3o, passam a contar com voos comerciais operados pela Azul Conecta, empresa sub-regional da Azul, com as aeronaves modelo Cessna Grand Caravan, para nove Clientes. As primeiras opera\u00e7\u00f5es aconteceram com [&hellip;]\" \/>\n<meta property=\"og:url\" content=\"https:\/\/aconteceunovale.com.br\/portal\/?p=170957\" \/>\n<meta property=\"og:site_name\" content=\"Aconteceu no Vale\" \/>\n<meta property=\"article:publisher\" content=\"https:\/\/www.facebook.com\/aconteceunovale\/\" \/>\n<meta property=\"article:published_time\" content=\"2020-12-17T23:15:10+00:00\" \/>\n<meta property=\"article:modified_time\" content=\"2020-12-17T23:16:27+00:00\" \/>\n<meta property=\"og:image\" content=\"https:\/\/aconteceunovale.com.br\/portal\/wp-content\/uploads\/2020\/12\/azul_buzios.jpg\" \/>\n\t<meta property=\"og:image:width\" content=\"678\" \/>\n\t<meta property=\"og:image:height\" content=\"381\" \/>\n\t<meta property=\"og:image:type\" content=\"image\/jpeg\" \/>\n<meta name=\"author\" content=\"Reda\u00e7\u00e3o Aconteceu no Vale\" \/>\n<meta name=\"twitter:card\" content=\"summary_large_image\" \/>\n<meta name=\"twitter:creator\" content=\"@noticiadosvales\" \/>\n<meta name=\"twitter:site\" content=\"@noticiadosvales\" \/>\n<meta name=\"twitter:label1\" content=\"Escrito por\" \/>\n\t<meta name=\"twitter:data1\" content=\"Reda\u00e7\u00e3o Aconteceu no Vale\" \/>\n\t<meta name=\"twitter:label2\" content=\"Est. tempo de leitura\" \/>\n\t<meta name=\"twitter:data2\" content=\"2 minutos\" \/>\n<script type=\"application\/ld+json\" class=\"yoast-schema-graph\">{\"@context\":\"https:\\\/\\\/schema.org\",\"@graph\":[{\"@type\":\"Article\",\"@id\":\"https:\\\/\\\/aconteceunovale.com.br\\\/portal\\\/?p=170957#article\",\"isPartOf\":{\"@id\":\"https:\\\/\\\/aconteceunovale.com.br\\\/portal\\\/?p=170957\"},\"author\":{\"name\":\"Reda\u00e7\u00e3o Aconteceu no Vale\",\"@id\":\"https:\\\/\\\/aconteceunovale.com.br\\\/portal\\\/#\\\/schema\\\/person\\\/7d2f26d1483f8a63de73da1ee0754d35\"},\"headline\":\"Paraty e Angra recebem primeiros voos comerciais da Azul Conecta\",\"datePublished\":\"2020-12-17T23:15:10+00:00\",\"dateModified\":\"2020-12-17T23:16:27+00:00\",\"mainEntityOfPage\":{\"@id\":\"https:\\\/\\\/aconteceunovale.com.br\\\/portal\\\/?p=170957\"},\"wordCount\":395,\"commentCount\":0,\"image\":{\"@id\":\"https:\\\/\\\/aconteceunovale.com.br\\\/portal\\\/?p=170957#primaryimage\"},\"thumbnailUrl\":\"https:\\\/\\\/aconteceunovale.com.br\\\/portal\\\/wp-content\\\/uploads\\\/2020\\\/12\\\/azul_buzios.jpg\",\"keywords\":[\"Angra\",\"Angra dos Reis\",\"Azul\",\"Azul Conecta\",\"Azul Conecta para Angra\",\"Azul Conecta para B\u00fazios\",\"Azul Conecta para Guarapari\",\"Azul Conecta para Paraty\",\"Azul Linhas A\u00e9reas Brasileiras\",\"Belo Horizonte\",\"bh\",\"BH Airport\",\"B\u00fazios\",\"canela\",\"Cessna Grand Caravan\",\"Clayton Begido\",\"Guarapari\",\"Itanha\u00e9m\",\"Jericoacoara\",\"Paraty\",\"Roberta Jacarand\u00e1\",\"Torres\",\"Ubatuba\",\"Ver\u00e3o Azul Conecta\",\"Voo da Azul de Belo Horizonte para Angra\",\"Voo da Azul de Belo Horizonte para B\u00fazios\",\"Voo da Azul de Belo Horizonte para Guarapari\",\"Voo da Azul de Belo Horizonte para Paraty\",\"Voo da Azul de BH para Angra\",\"Voo da Azul de BH para B\u00fazios\",\"Voo da Azul de BH para Guarapari\",\"Voo da Azul de BH para Paraty\",\"Voo da Azul para Angra\",\"Voo da Azul para B\u00fazios\",\"Voo da Azul para Guarapari\",\"Voo da Azul para Paraty\",\"Voo de Belo Horizonte para Angra\",\"Voo de Belo Horizonte para B\u00fazios\",\"Voo de Belo Horizonte para Guarapari\",\"Voo de Belo Horizonte para Paraty\",\"Voo de BH para Angra\",\"Voo de BH para B\u00fazios\",\"Voo de BH para Guarapari\",\"Voo de BH para Paraty\"],\"articleSection\":[\"Brasil\",\"Minas Gerais\"],\"inLanguage\":\"pt-BR\",\"potentialAction\":[{\"@type\":\"CommentAction\",\"name\":\"Comment\",\"target\":[\"https:\\\/\\\/aconteceunovale.com.br\\\/portal\\\/?p=170957#respond\"]}]},{\"@type\":\"WebPage\",\"@id\":\"https:\\\/\\\/aconteceunovale.com.br\\\/portal\\\/?p=170957\",\"url\":\"https:\\\/\\\/aconteceunovale.com.br\\\/portal\\\/?p=170957\",\"name\":\"Paraty e Angra recebem primeiros voos comerciais da Azul Conecta - Aconteceu no Vale\",\"isPartOf\":{\"@id\":\"https:\\\/\\\/aconteceunovale.com.br\\\/portal\\\/#website\"},\"primaryImageOfPage\":{\"@id\":\"https:\\\/\\\/aconteceunovale.com.br\\\/portal\\\/?p=170957#primaryimage\"},\"image\":{\"@id\":\"https:\\\/\\\/aconteceunovale.com.br\\\/portal\\\/?p=170957#primaryimage\"},\"thumbnailUrl\":\"https:\\\/\\\/aconteceunovale.com.br\\\/portal\\\/wp-content\\\/uploads\\\/2020\\\/12\\\/azul_buzios.jpg\",\"datePublished\":\"2020-12-17T23:15:10+00:00\",\"dateModified\":\"2020-12-17T23:16:27+00:00\",\"author\":{\"@id\":\"https:\\\/\\\/aconteceunovale.com.br\\\/portal\\\/#\\\/schema\\\/person\\\/7d2f26d1483f8a63de73da1ee0754d35\"},\"breadcrumb\":{\"@id\":\"https:\\\/\\\/aconteceunovale.com.br\\\/portal\\\/?p=170957#breadcrumb\"},\"inLanguage\":\"pt-BR\",\"potentialAction\":[{\"@type\":\"ReadAction\",\"target\":[\"https:\\\/\\\/aconteceunovale.com.br\\\/portal\\\/?p=170957\"]}]},{\"@type\":\"ImageObject\",\"inLanguage\":\"pt-BR\",\"@id\":\"https:\\\/\\\/aconteceunovale.com.br\\\/portal\\\/?p=170957#primaryimage\",\"url\":\"https:\\\/\\\/aconteceunovale.com.br\\\/portal\\\/wp-content\\\/uploads\\\/2020\\\/12\\\/azul_buzios.jpg\",\"contentUrl\":\"https:\\\/\\\/aconteceunovale.com.br\\\/portal\\\/wp-content\\\/uploads\\\/2020\\\/12\\\/azul_buzios.jpg\",\"width\":678,\"height\":381},{\"@type\":\"BreadcrumbList\",\"@id\":\"https:\\\/\\\/aconteceunovale.com.br\\\/portal\\\/?p=170957#breadcrumb\",\"itemListElement\":[{\"@type\":\"ListItem\",\"position\":1,\"name\":\"In\u00edcio\",\"item\":\"https:\\\/\\\/aconteceunovale.com.br\\\/portal\\\/\"},{\"@type\":\"ListItem\",\"position\":2,\"name\":\"Paraty e Angra recebem primeiros voos comerciais da Azul Conecta\"}]},{\"@type\":\"WebSite\",\"@id\":\"https:\\\/\\\/aconteceunovale.com.br\\\/portal\\\/#website\",\"url\":\"https:\\\/\\\/aconteceunovale.com.br\\\/portal\\\/\",\"name\":\"Aconteceu no Vale\",\"description\":\"Portal de Not\u00edcias\",\"potentialAction\":[{\"@type\":\"SearchAction\",\"target\":{\"@type\":\"EntryPoint\",\"urlTemplate\":\"https:\\\/\\\/aconteceunovale.com.br\\\/portal\\\/?s={search_term_string}\"},\"query-input\":{\"@type\":\"PropertyValueSpecification\",\"valueRequired\":true,\"valueName\":\"search_term_string\"}}],\"inLanguage\":\"pt-BR\"},{\"@type\":\"Person\",\"@id\":\"https:\\\/\\\/aconteceunovale.com.br\\\/portal\\\/#\\\/schema\\\/person\\\/7d2f26d1483f8a63de73da1ee0754d35\",\"name\":\"Reda\u00e7\u00e3o Aconteceu no Vale\",\"description\":\"Equipe de reportagem do Aconteceu no Vale, portal de not\u00edcias do Vale do Jequitinhonha, em Minas Gerais. Cobrimos as 51 cidades do Vale desde 2013. Sugest\u00f5es de pauta e pedidos de corre\u00e7\u00e3o: contato@aconteceunovale.com.br\",\"url\":\"https:\\\/\\\/aconteceunovale.com.br\\\/portal\\\/?author=4\"}]}<\/script>\n<!-- \/ Yoast SEO plugin. -->","yoast_head_json":{"title":"Paraty e Angra recebem primeiros voos comerciais da Azul Conecta - Aconteceu no Vale","robots":{"index":"index","follow":"follow","max-snippet":"max-snippet:-1","max-image-preview":"max-image-preview:large","max-video-preview":"max-video-preview:-1"},"canonical":"https:\/\/aconteceunovale.com.br\/portal\/?p=170957","og_locale":"pt_BR","og_type":"article","og_title":"Paraty e Angra recebem primeiros voos comerciais da Azul Conecta - Aconteceu no Vale","og_description":"A partir de hoje, chegar a Paraty, Angra e B\u00fazios fica mais f\u00e1cil. As cidades, tr\u00eas dos destinos tur\u00edsticos mais procurados na alta temporada de ver\u00e3o, passam a contar com voos comerciais operados pela Azul Conecta, empresa sub-regional da Azul, com as aeronaves modelo Cessna Grand Caravan, para nove Clientes. As primeiras opera\u00e7\u00f5es aconteceram com [&hellip;]","og_url":"https:\/\/aconteceunovale.com.br\/portal\/?p=170957","og_site_name":"Aconteceu no Vale","article_publisher":"https:\/\/www.facebook.com\/aconteceunovale\/","article_published_time":"2020-12-17T23:15:10+00:00","article_modified_time":"2020-12-17T23:16:27+00:00","og_image":[{"width":678,"height":381,"url":"https:\/\/aconteceunovale.com.br\/portal\/wp-content\/uploads\/2020\/12\/azul_buzios.jpg","type":"image\/jpeg"}],"author":"Reda\u00e7\u00e3o Aconteceu no Vale","twitter_card":"summary_large_image","twitter_creator":"@noticiadosvales","twitter_site":"@noticiadosvales","twitter_misc":{"Escrito por":"Reda\u00e7\u00e3o Aconteceu no Vale","Est. tempo de leitura":"2 minutos"},"schema":{"@context":"https:\/\/schema.org","@graph":[{"@type":"Article","@id":"https:\/\/aconteceunovale.com.br\/portal\/?p=170957#article","isPartOf":{"@id":"https:\/\/aconteceunovale.com.br\/portal\/?p=170957"},"author":{"name":"Reda\u00e7\u00e3o Aconteceu no Vale","@id":"https:\/\/aconteceunovale.com.br\/portal\/#\/schema\/person\/7d2f26d1483f8a63de73da1ee0754d35"},"headline":"Paraty e Angra recebem primeiros voos comerciais da Azul Conecta","datePublished":"2020-12-17T23:15:10+00:00","dateModified":"2020-12-17T23:16:27+00:00","mainEntityOfPage":{"@id":"https:\/\/aconteceunovale.com.br\/portal\/?p=170957"},"wordCount":395,"commentCount":0,"image":{"@id":"https:\/\/aconteceunovale.com.br\/portal\/?p=170957#primaryimage"},"thumbnailUrl":"https:\/\/aconteceunovale.com.br\/portal\/wp-content\/uploads\/2020\/12\/azul_buzios.jpg","keywords":["Angra","Angra dos Reis","Azul","Azul Conecta","Azul Conecta para Angra","Azul Conecta para B\u00fazios","Azul Conecta para Guarapari","Azul Conecta para Paraty","Azul Linhas A\u00e9reas Brasileiras","Belo Horizonte","bh","BH Airport","B\u00fazios","canela","Cessna Grand Caravan","Clayton Begido","Guarapari","Itanha\u00e9m","Jericoacoara","Paraty","Roberta Jacarand\u00e1","Torres","Ubatuba","Ver\u00e3o Azul Conecta","Voo da Azul de Belo Horizonte para Angra","Voo da Azul de Belo Horizonte para B\u00fazios","Voo da Azul de Belo Horizonte para Guarapari","Voo da Azul de Belo Horizonte para Paraty","Voo da Azul de BH para Angra","Voo da Azul de BH para B\u00fazios","Voo da Azul de BH para Guarapari","Voo da Azul de BH para Paraty","Voo da Azul para Angra","Voo da Azul para B\u00fazios","Voo da Azul para Guarapari","Voo da Azul para Paraty","Voo de Belo Horizonte para Angra","Voo de Belo Horizonte para B\u00fazios","Voo de Belo Horizonte para Guarapari","Voo de Belo Horizonte para Paraty","Voo de BH para Angra","Voo de BH para B\u00fazios","Voo de BH para Guarapari","Voo de BH para Paraty"],"articleSection":["Brasil","Minas Gerais"],"inLanguage":"pt-BR","potentialAction":[{"@type":"CommentAction","name":"Comment","target":["https:\/\/aconteceunovale.com.br\/portal\/?p=170957#respond"]}]},{"@type":"WebPage","@id":"https:\/\/aconteceunovale.com.br\/portal\/?p=170957","url":"https:\/\/aconteceunovale.com.br\/portal\/?p=170957","name":"Paraty e Angra recebem primeiros voos comerciais da Azul Conecta - Aconteceu no Vale","isPartOf":{"@id":"https:\/\/aconteceunovale.com.br\/portal\/#website"},"primaryImageOfPage":{"@id":"https:\/\/aconteceunovale.com.br\/portal\/?p=170957#primaryimage"},"image":{"@id":"https:\/\/aconteceunovale.com.br\/portal\/?p=170957#primaryimage"},"thumbnailUrl":"https:\/\/aconteceunovale.com.br\/portal\/wp-content\/uploads\/2020\/12\/azul_buzios.jpg","datePublished":"2020-12-17T23:15:10+00:00","dateModified":"2020-12-17T23:16:27+00:00","author":{"@id":"https:\/\/aconteceunovale.com.br\/portal\/#\/schema\/person\/7d2f26d1483f8a63de73da1ee0754d35"},"breadcrumb":{"@id":"https:\/\/aconteceunovale.com.br\/portal\/?p=170957#breadcrumb"},"inLanguage":"pt-BR","potentialAction":[{"@type":"ReadAction","target":["https:\/\/aconteceunovale.com.br\/portal\/?p=170957"]}]},{"@type":"ImageObject","inLanguage":"pt-BR","@id":"https:\/\/aconteceunovale.com.br\/portal\/?p=170957#primaryimage","url":"https:\/\/aconteceunovale.com.br\/portal\/wp-content\/uploads\/2020\/12\/azul_buzios.jpg","contentUrl":"https:\/\/aconteceunovale.com.br\/portal\/wp-content\/uploads\/2020\/12\/azul_buzios.jpg","width":678,"height":381},{"@type":"BreadcrumbList","@id":"https:\/\/aconteceunovale.com.br\/portal\/?p=170957#breadcrumb","itemListElement":[{"@type":"ListItem","position":1,"name":"In\u00edcio","item":"https:\/\/aconteceunovale.com.br\/portal\/"},{"@type":"ListItem","position":2,"name":"Paraty e Angra recebem primeiros voos comerciais da Azul Conecta"}]},{"@type":"WebSite","@id":"https:\/\/aconteceunovale.com.br\/portal\/#website","url":"https:\/\/aconteceunovale.com.br\/portal\/","name":"Aconteceu no Vale","description":"Portal de Not\u00edcias","potentialAction":[{"@type":"SearchAction","target":{"@type":"EntryPoint","urlTemplate":"https:\/\/aconteceunovale.com.br\/portal\/?s={search_term_string}"},"query-input":{"@type":"PropertyValueSpecification","valueRequired":true,"valueName":"search_term_string"}}],"inLanguage":"pt-BR"},{"@type":"Person","@id":"https:\/\/aconteceunovale.com.br\/portal\/#\/schema\/person\/7d2f26d1483f8a63de73da1ee0754d35","name":"Reda\u00e7\u00e3o Aconteceu no Vale","description":"Equipe de reportagem do Aconteceu no Vale, portal de not\u00edcias do Vale do Jequitinhonha, em Minas Gerais. Cobrimos as 51 cidades do Vale desde 2013. Sugest\u00f5es de pauta e pedidos de corre\u00e7\u00e3o: contato@aconteceunovale.com.br","url":"https:\/\/aconteceunovale.com.br\/portal\/?author=4"}]}},"_links":{"self":[{"href":"https:\/\/aconteceunovale.com.br\/portal\/index.php?rest_route=\/wp\/v2\/posts\/170957","targetHints":{"allow":["GET"]}}],"collection":[{"href":"https:\/\/aconteceunovale.com.br\/portal\/index.php?rest_route=\/wp\/v2\/posts"}],"about":[{"href":"https:\/\/aconteceunovale.com.br\/portal\/index.php?rest_route=\/wp\/v2\/types\/post"}],"author":[{"embeddable":true,"href":"https:\/\/aconteceunovale.com.br\/portal\/index.php?rest_route=\/wp\/v2\/users\/4"}],"replies":[{"embeddable":true,"href":"https:\/\/aconteceunovale.com.br\/portal\/index.php?rest_route=%2Fwp%2Fv2%2Fcomments&post=170957"}],"version-history":[{"count":1,"href":"https:\/\/aconteceunovale.com.br\/portal\/index.php?rest_route=\/wp\/v2\/posts\/170957\/revisions"}],"predecessor-version":[{"id":170964,"href":"https:\/\/aconteceunovale.com.br\/portal\/index.php?rest_route=\/wp\/v2\/posts\/170957\/revisions\/170964"}],"wp:featuredmedia":[{"embeddable":true,"href":"https:\/\/aconteceunovale.com.br\/portal\/index.php?rest_route=\/wp\/v2\/media\/170963"}],"wp:attachment":[{"href":"https:\/\/aconteceunovale.com.br\/portal\/index.php?rest_route=%2Fwp%2Fv2%2Fmedia&parent=170957"}],"wp:term":[{"taxonomy":"category","embeddable":true,"href":"https:\/\/aconteceunovale.com.br\/portal\/index.php?rest_route=%2Fwp%2Fv2%2Fcategories&post=170957"},{"taxonomy":"post_tag","embeddable":true,"href":"https:\/\/aconteceunovale.com.br\/portal\/index.php?rest_route=%2Fwp%2Fv2%2Ftags&post=170957"}],"curies":[{"name":"wp","href":"https:\/\/api.w.org\/{rel}","templated":true}]}}