{"id":170952,"date":"2020-12-17T20:00:38","date_gmt":"2020-12-17T23:00:38","guid":{"rendered":"https:\/\/aconteceunovale.com.br\/portal\/?p=170952"},"modified":"2020-12-17T20:00:54","modified_gmt":"2020-12-17T23:00:54","slug":"guarapari-recebe-primeiro-voo-comercial-de-belo-horizonte","status":"publish","type":"post","link":"https:\/\/aconteceunovale.com.br\/portal\/?p=170952","title":{"rendered":"Guarapari recebe primeiro voo comercial de Belo Horizonte"},"content":{"rendered":"\n<h3 class=\"has-text-align-center wp-block-heading\"><em><strong>Cidade capixaba ter\u00e1 voos especiais para Belo Horizonte ao longo do ver\u00e3o; Ver\u00e3o Azul Conecta quer incentivar viajantes a trocarem a terra pelo ar<\/strong><\/em><\/h3>\n\n\n\n<p class=\"wp-block-paragraph\">Destino muito apreciado pelos mineiros, Guarapari, no litoral do Esp\u00edrito Santo, come\u00e7ou a receber hoje voos partindo de Belo Horizonte. A rota in\u00e9dita e exclusiva ser\u00e1 operada pela Azul Conecta, a empresa sub-regional da Azul, com as aeronaves modelo Cessna Grand Caravan, com capacidade para nove Clientes.<br><br>A opera\u00e7\u00e3o faz parte do projeto batizado de &#8220;Ver\u00e3o Azul Conecta&#8221;, que pretende atender a demanda de Clientes que querem chegar com conforto, agilidade e conveni\u00eancia a alguns dos destinos mais procurados da alta esta\u00e7\u00e3o. Partindo de capitais como Porto Alegre, Rio de Janeiro, S\u00e3o Paulo, Belo Horizonte e Fortaleza, o Cliente pode chegar rapidamente \u00e0 Canela (RS), Torres (RS), Itanha\u00e9m (SP), Ubatuba (SP), Paraty (RJ), Angra dos Reis (RJ), B\u00fazios (RJ) e Jericoacoara (CE).<br><br>&#8220;\u00c9 uma satisfa\u00e7\u00e3o muito grande para a Azul pousar pela primeira vez em Guarapari. Historicamente, constru\u00edmos uma opera\u00e7\u00e3o especial de ver\u00e3o que contempla cidades exclusivas e muito buscadas neste per\u00edodo. Com a Conecta, temos a oportunidade de concretizar uma malha in\u00e9dita para a alta esta\u00e7\u00e3o, estimulando uma nova demanda, mostrando a qualidade de nosso produto e levando nossos Clientes ainda mais perto de seus destinos preferidos&#8221;, explica Roberta Jacarand\u00e1, gerente de Rela\u00e7\u00f5es Institucionais da Azul.<\/p>\n\n\n\n<figure class=\"wp-block-gallery columns-1 is-cropped wp-block-gallery-1 is-layout-flex wp-block-gallery-is-layout-flex\"><ul class=\"blocks-gallery-grid\"><li class=\"blocks-gallery-item\"><figure><img loading=\"lazy\" decoding=\"async\" width=\"678\" height=\"433\" src=\"https:\/\/aconteceunovale.com.br\/portal\/wp-content\/uploads\/2020\/12\/azul_guarapari_2.jpeg\" alt=\"\" data-id=\"170954\" data-full-url=\"https:\/\/aconteceunovale.com.br\/portal\/wp-content\/uploads\/2020\/12\/azul_guarapari_2.jpeg\" data-link=\"https:\/\/aconteceunovale.com.br\/portal\/?attachment_id=170954\" class=\"wp-image-170954\" srcset=\"https:\/\/aconteceunovale.com.br\/portal\/wp-content\/uploads\/2020\/12\/azul_guarapari_2.jpeg 678w, https:\/\/aconteceunovale.com.br\/portal\/wp-content\/uploads\/2020\/12\/azul_guarapari_2-300x192.jpeg 300w, https:\/\/aconteceunovale.com.br\/portal\/wp-content\/uploads\/2020\/12\/azul_guarapari_2-658x420.jpeg 658w\" sizes=\"auto, (max-width: 678px) 100vw, 678px\" \/><figcaption class=\"blocks-gallery-item__caption\"><em>Foto: Divulga\u00e7\u00e3o  \/ Azul<\/em><\/figcaption><\/figure><\/li><\/ul><\/figure>\n\n\n\n<p class=\"wp-block-paragraph\">&#8220;A entrada desses dois novos destinos, t\u00e3o queridos pelos mineiros, tem o intuito de atender os passageiros que desejam retomar as viagens a lazer durante a alta temporada. Nossa ideia \u00e9 manter as opera\u00e7\u00f5es com a m\u00e1xima seguran\u00e7a poss\u00edvel para que todos tenham a tranquilidade e confian\u00e7a em voar e circular pelo terminal. Queremos sempre ampliar a conectividade de Minas Gerais com o Brasil&#8221;, avalia Clayton Begido, gestor de Conectividade e Avia\u00e7\u00e3o da BH Airport.<br><br><strong>Confira, a seguir, a malha da Azul Conecta para Guarapari:<\/strong><\/p>\n\n\n\n<figure class=\"wp-block-image size-large\"><img loading=\"lazy\" decoding=\"async\" width=\"697\" height=\"278\" src=\"https:\/\/aconteceunovale.com.br\/portal\/wp-content\/uploads\/2020\/12\/malha_azul.jpg\" alt=\"\" class=\"wp-image-170953\" srcset=\"https:\/\/aconteceunovale.com.br\/portal\/wp-content\/uploads\/2020\/12\/malha_azul.jpg 697w, https:\/\/aconteceunovale.com.br\/portal\/wp-content\/uploads\/2020\/12\/malha_azul-300x120.jpg 300w\" sizes=\"auto, (max-width: 697px) 100vw, 697px\" \/><\/figure>\n\n\n\n<p class=\"wp-block-paragraph\"><strong>Sobre a Azul Conecta<\/strong><\/p>\n\n\n\n<p class=\"wp-block-paragraph\">Focada no desenvolvimento da avia\u00e7\u00e3o sub-regional, a Azul Conecta \u00e9 subsidi\u00e1ria da Azul e tem como sede Jundia\u00ed, no interior de S\u00e3o Paulo. Com 14 aeronaves modelo Cessna Gran Caravan, com capacidade para nove Clientes, al\u00e9m de tr\u00eas cargueiros da mesma fabricante, a Azul Conecta voa para 36 destinos no pa\u00eds e atua no fortalecimento \u00e0 conectividade da malha a\u00e9rea da Azul.<\/p>\n\n\n\n<p class=\"has-white-color has-vivid-cyan-blue-background-color has-text-color has-background wp-block-paragraph\">Quer saber as not\u00edcias do <strong>Aconteceu no Vale<\/strong> em primeira m\u00e3o? Siga-nos no Facebook <a rel=\"noreferrer noopener\" href=\"http:\/\/facebook.com\/aconteceunovale\" target=\"_blank\">@aconteceunovale<\/a>, Twitter <a rel=\"noreferrer noopener\" href=\"https:\/\/twitter.com\/noticiadosvales\" target=\"_blank\">@noticiadosvales<\/a> e Instagram <a rel=\"noreferrer noopener\" href=\"https:\/\/www.instagram.com\/aconteceunovale\" target=\"_blank\">@aconteceunovale<\/a>.<\/p>\n","protected":false},"excerpt":{"rendered":"<p>Cidade capixaba ter\u00e1 voos especiais para Belo Horizonte ao longo do ver\u00e3o; Ver\u00e3o Azul Conecta quer incentivar viajantes a trocarem a terra pelo ar Destino muito apreciado pelos mineiros, Guarapari, no litoral do Esp\u00edrito Santo, come\u00e7ou a receber hoje voos partindo de Belo Horizonte. A rota in\u00e9dita e exclusiva ser\u00e1 operada pela Azul Conecta, a [&hellip;]<\/p>\n","protected":false},"author":4,"featured_media":170954,"comment_status":"open","ping_status":"closed","sticky":false,"template":"","format":"standard","meta":{"amp_status":"","footnotes":""},"categories":[6,123],"tags":[58565,77876,232797,232802,38681,194,1017,38695,133446,91630,232799,232801,1018,26931,91126,167430,20915,232800,191826,20699,232798,232794,232793,232792,232796,232795],"class_list":["post-170952","post","type-post","status-publish","format-standard","has-post-thumbnail","hentry","category-br","category-gerais","tag-angra-dos-reis","tag-azul","tag-azul-conecta","tag-azul-conecta-para-guarapari","tag-azul-linhas-aereas-brasileiras","tag-belo-horizonte","tag-bh","tag-bh-airport","tag-buzios","tag-canela","tag-cessna-grand-caravan","tag-clayton-begido","tag-destaque","tag-guarapari","tag-itanhaem","tag-jericoacoara","tag-paraty","tag-roberta-jacaranda","tag-torres","tag-ubatuba","tag-verao-azul-conecta","tag-voo-da-azul-de-belo-horizonte-para-guarapari","tag-voo-da-azul-de-bh-para-guarapari","tag-voo-da-azul-para-guarapari","tag-voo-de-belo-horizonte-para-guarapari","tag-voo-de-bh-para-guarapari"],"yoast_head":"<!-- This site is optimized with the Yoast SEO plugin v28.3 - https:\/\/yoast.com\/product\/yoast-seo-wordpress\/ -->\n<title>Guarapari recebe primeiro voo comercial de Belo Horizonte - Aconteceu no Vale<\/title>\n<meta name=\"robots\" content=\"index, follow, max-snippet:-1, max-image-preview:large, max-video-preview:-1\" \/>\n<link rel=\"canonical\" href=\"https:\/\/aconteceunovale.com.br\/portal\/?p=170952\" \/>\n<meta property=\"og:locale\" content=\"pt_BR\" \/>\n<meta property=\"og:type\" content=\"article\" \/>\n<meta property=\"og:title\" content=\"Guarapari recebe primeiro voo comercial de Belo Horizonte - Aconteceu no Vale\" \/>\n<meta property=\"og:description\" content=\"Cidade capixaba ter\u00e1 voos especiais para Belo Horizonte ao longo do ver\u00e3o; Ver\u00e3o Azul Conecta quer incentivar viajantes a trocarem a terra pelo ar Destino muito apreciado pelos mineiros, Guarapari, no litoral do Esp\u00edrito Santo, come\u00e7ou a receber hoje voos partindo de Belo Horizonte. A rota in\u00e9dita e exclusiva ser\u00e1 operada pela Azul Conecta, a [&hellip;]\" \/>\n<meta property=\"og:url\" content=\"https:\/\/aconteceunovale.com.br\/portal\/?p=170952\" \/>\n<meta property=\"og:site_name\" content=\"Aconteceu no Vale\" \/>\n<meta property=\"article:publisher\" content=\"https:\/\/www.facebook.com\/aconteceunovale\/\" \/>\n<meta property=\"article:published_time\" content=\"2020-12-17T23:00:38+00:00\" \/>\n<meta property=\"article:modified_time\" content=\"2020-12-17T23:00:54+00:00\" \/>\n<meta property=\"og:image\" content=\"https:\/\/aconteceunovale.com.br\/portal\/wp-content\/uploads\/2020\/12\/azul_guarapari_2.jpeg\" \/>\n\t<meta property=\"og:image:width\" content=\"678\" \/>\n\t<meta property=\"og:image:height\" content=\"433\" \/>\n\t<meta property=\"og:image:type\" content=\"image\/jpeg\" \/>\n<meta name=\"author\" content=\"Reda\u00e7\u00e3o Aconteceu no Vale\" \/>\n<meta name=\"twitter:card\" content=\"summary_large_image\" \/>\n<meta name=\"twitter:creator\" content=\"@noticiadosvales\" \/>\n<meta name=\"twitter:site\" content=\"@noticiadosvales\" \/>\n<meta name=\"twitter:label1\" content=\"Escrito por\" \/>\n\t<meta name=\"twitter:data1\" content=\"Reda\u00e7\u00e3o Aconteceu no Vale\" \/>\n\t<meta name=\"twitter:label2\" content=\"Est. tempo de leitura\" \/>\n\t<meta name=\"twitter:data2\" content=\"2 minutos\" \/>\n<script type=\"application\/ld+json\" class=\"yoast-schema-graph\">{\"@context\":\"https:\\\/\\\/schema.org\",\"@graph\":[{\"@type\":\"Article\",\"@id\":\"https:\\\/\\\/aconteceunovale.com.br\\\/portal\\\/?p=170952#article\",\"isPartOf\":{\"@id\":\"https:\\\/\\\/aconteceunovale.com.br\\\/portal\\\/?p=170952\"},\"author\":{\"name\":\"Reda\u00e7\u00e3o Aconteceu no Vale\",\"@id\":\"https:\\\/\\\/aconteceunovale.com.br\\\/portal\\\/#\\\/schema\\\/person\\\/7d2f26d1483f8a63de73da1ee0754d35\"},\"headline\":\"Guarapari recebe primeiro voo comercial de Belo Horizonte\",\"datePublished\":\"2020-12-17T23:00:38+00:00\",\"dateModified\":\"2020-12-17T23:00:54+00:00\",\"mainEntityOfPage\":{\"@id\":\"https:\\\/\\\/aconteceunovale.com.br\\\/portal\\\/?p=170952\"},\"wordCount\":433,\"commentCount\":0,\"image\":{\"@id\":\"https:\\\/\\\/aconteceunovale.com.br\\\/portal\\\/?p=170952#primaryimage\"},\"thumbnailUrl\":\"https:\\\/\\\/aconteceunovale.com.br\\\/portal\\\/wp-content\\\/uploads\\\/2020\\\/12\\\/azul_guarapari_2.jpeg\",\"keywords\":[\"Angra dos Reis\",\"Azul\",\"Azul Conecta\",\"Azul Conecta para Guarapari\",\"Azul Linhas A\u00e9reas Brasileiras\",\"Belo Horizonte\",\"bh\",\"BH Airport\",\"B\u00fazios\",\"canela\",\"Cessna Grand Caravan\",\"Clayton Begido\",\"destaque\",\"Guarapari\",\"Itanha\u00e9m\",\"Jericoacoara\",\"Paraty\",\"Roberta Jacarand\u00e1\",\"Torres\",\"Ubatuba\",\"Ver\u00e3o Azul Conecta\",\"Voo da Azul de Belo Horizonte para Guarapari\",\"Voo da Azul de BH para Guarapari\",\"Voo da Azul para Guarapari\",\"Voo de Belo Horizonte para Guarapari\",\"Voo de BH para Guarapari\"],\"articleSection\":[\"Brasil\",\"Minas Gerais\"],\"inLanguage\":\"pt-BR\",\"potentialAction\":[{\"@type\":\"CommentAction\",\"name\":\"Comment\",\"target\":[\"https:\\\/\\\/aconteceunovale.com.br\\\/portal\\\/?p=170952#respond\"]}]},{\"@type\":\"WebPage\",\"@id\":\"https:\\\/\\\/aconteceunovale.com.br\\\/portal\\\/?p=170952\",\"url\":\"https:\\\/\\\/aconteceunovale.com.br\\\/portal\\\/?p=170952\",\"name\":\"Guarapari recebe primeiro voo comercial de Belo Horizonte - Aconteceu no Vale\",\"isPartOf\":{\"@id\":\"https:\\\/\\\/aconteceunovale.com.br\\\/portal\\\/#website\"},\"primaryImageOfPage\":{\"@id\":\"https:\\\/\\\/aconteceunovale.com.br\\\/portal\\\/?p=170952#primaryimage\"},\"image\":{\"@id\":\"https:\\\/\\\/aconteceunovale.com.br\\\/portal\\\/?p=170952#primaryimage\"},\"thumbnailUrl\":\"https:\\\/\\\/aconteceunovale.com.br\\\/portal\\\/wp-content\\\/uploads\\\/2020\\\/12\\\/azul_guarapari_2.jpeg\",\"datePublished\":\"2020-12-17T23:00:38+00:00\",\"dateModified\":\"2020-12-17T23:00:54+00:00\",\"author\":{\"@id\":\"https:\\\/\\\/aconteceunovale.com.br\\\/portal\\\/#\\\/schema\\\/person\\\/7d2f26d1483f8a63de73da1ee0754d35\"},\"breadcrumb\":{\"@id\":\"https:\\\/\\\/aconteceunovale.com.br\\\/portal\\\/?p=170952#breadcrumb\"},\"inLanguage\":\"pt-BR\",\"potentialAction\":[{\"@type\":\"ReadAction\",\"target\":[\"https:\\\/\\\/aconteceunovale.com.br\\\/portal\\\/?p=170952\"]}]},{\"@type\":\"ImageObject\",\"inLanguage\":\"pt-BR\",\"@id\":\"https:\\\/\\\/aconteceunovale.com.br\\\/portal\\\/?p=170952#primaryimage\",\"url\":\"https:\\\/\\\/aconteceunovale.com.br\\\/portal\\\/wp-content\\\/uploads\\\/2020\\\/12\\\/azul_guarapari_2.jpeg\",\"contentUrl\":\"https:\\\/\\\/aconteceunovale.com.br\\\/portal\\\/wp-content\\\/uploads\\\/2020\\\/12\\\/azul_guarapari_2.jpeg\",\"width\":678,\"height\":433},{\"@type\":\"BreadcrumbList\",\"@id\":\"https:\\\/\\\/aconteceunovale.com.br\\\/portal\\\/?p=170952#breadcrumb\",\"itemListElement\":[{\"@type\":\"ListItem\",\"position\":1,\"name\":\"In\u00edcio\",\"item\":\"https:\\\/\\\/aconteceunovale.com.br\\\/portal\\\/\"},{\"@type\":\"ListItem\",\"position\":2,\"name\":\"Guarapari recebe primeiro voo comercial de Belo Horizonte\"}]},{\"@type\":\"WebSite\",\"@id\":\"https:\\\/\\\/aconteceunovale.com.br\\\/portal\\\/#website\",\"url\":\"https:\\\/\\\/aconteceunovale.com.br\\\/portal\\\/\",\"name\":\"Aconteceu no Vale\",\"description\":\"Portal de Not\u00edcias\",\"potentialAction\":[{\"@type\":\"SearchAction\",\"target\":{\"@type\":\"EntryPoint\",\"urlTemplate\":\"https:\\\/\\\/aconteceunovale.com.br\\\/portal\\\/?s={search_term_string}\"},\"query-input\":{\"@type\":\"PropertyValueSpecification\",\"valueRequired\":true,\"valueName\":\"search_term_string\"}}],\"inLanguage\":\"pt-BR\"},{\"@type\":\"Person\",\"@id\":\"https:\\\/\\\/aconteceunovale.com.br\\\/portal\\\/#\\\/schema\\\/person\\\/7d2f26d1483f8a63de73da1ee0754d35\",\"name\":\"Reda\u00e7\u00e3o Aconteceu no Vale\",\"description\":\"Equipe de reportagem do Aconteceu no Vale, portal de not\u00edcias do Vale do Jequitinhonha, em Minas Gerais. Cobrimos as 51 cidades do Vale desde 2013. Sugest\u00f5es de pauta e pedidos de corre\u00e7\u00e3o: contato@aconteceunovale.com.br\",\"url\":\"https:\\\/\\\/aconteceunovale.com.br\\\/portal\\\/?author=4\"}]}<\/script>\n<!-- \/ Yoast SEO plugin. -->","yoast_head_json":{"title":"Guarapari recebe primeiro voo comercial de Belo Horizonte - Aconteceu no Vale","robots":{"index":"index","follow":"follow","max-snippet":"max-snippet:-1","max-image-preview":"max-image-preview:large","max-video-preview":"max-video-preview:-1"},"canonical":"https:\/\/aconteceunovale.com.br\/portal\/?p=170952","og_locale":"pt_BR","og_type":"article","og_title":"Guarapari recebe primeiro voo comercial de Belo Horizonte - Aconteceu no Vale","og_description":"Cidade capixaba ter\u00e1 voos especiais para Belo Horizonte ao longo do ver\u00e3o; Ver\u00e3o Azul Conecta quer incentivar viajantes a trocarem a terra pelo ar Destino muito apreciado pelos mineiros, Guarapari, no litoral do Esp\u00edrito Santo, come\u00e7ou a receber hoje voos partindo de Belo Horizonte. A rota in\u00e9dita e exclusiva ser\u00e1 operada pela Azul Conecta, a [&hellip;]","og_url":"https:\/\/aconteceunovale.com.br\/portal\/?p=170952","og_site_name":"Aconteceu no Vale","article_publisher":"https:\/\/www.facebook.com\/aconteceunovale\/","article_published_time":"2020-12-17T23:00:38+00:00","article_modified_time":"2020-12-17T23:00:54+00:00","og_image":[{"width":678,"height":433,"url":"https:\/\/aconteceunovale.com.br\/portal\/wp-content\/uploads\/2020\/12\/azul_guarapari_2.jpeg","type":"image\/jpeg"}],"author":"Reda\u00e7\u00e3o Aconteceu no Vale","twitter_card":"summary_large_image","twitter_creator":"@noticiadosvales","twitter_site":"@noticiadosvales","twitter_misc":{"Escrito por":"Reda\u00e7\u00e3o Aconteceu no Vale","Est. tempo de leitura":"2 minutos"},"schema":{"@context":"https:\/\/schema.org","@graph":[{"@type":"Article","@id":"https:\/\/aconteceunovale.com.br\/portal\/?p=170952#article","isPartOf":{"@id":"https:\/\/aconteceunovale.com.br\/portal\/?p=170952"},"author":{"name":"Reda\u00e7\u00e3o Aconteceu no Vale","@id":"https:\/\/aconteceunovale.com.br\/portal\/#\/schema\/person\/7d2f26d1483f8a63de73da1ee0754d35"},"headline":"Guarapari recebe primeiro voo comercial de Belo Horizonte","datePublished":"2020-12-17T23:00:38+00:00","dateModified":"2020-12-17T23:00:54+00:00","mainEntityOfPage":{"@id":"https:\/\/aconteceunovale.com.br\/portal\/?p=170952"},"wordCount":433,"commentCount":0,"image":{"@id":"https:\/\/aconteceunovale.com.br\/portal\/?p=170952#primaryimage"},"thumbnailUrl":"https:\/\/aconteceunovale.com.br\/portal\/wp-content\/uploads\/2020\/12\/azul_guarapari_2.jpeg","keywords":["Angra dos Reis","Azul","Azul Conecta","Azul Conecta para Guarapari","Azul Linhas A\u00e9reas Brasileiras","Belo Horizonte","bh","BH Airport","B\u00fazios","canela","Cessna Grand Caravan","Clayton Begido","destaque","Guarapari","Itanha\u00e9m","Jericoacoara","Paraty","Roberta Jacarand\u00e1","Torres","Ubatuba","Ver\u00e3o Azul Conecta","Voo da Azul de Belo Horizonte para Guarapari","Voo da Azul de BH para Guarapari","Voo da Azul para Guarapari","Voo de Belo Horizonte para Guarapari","Voo de BH para Guarapari"],"articleSection":["Brasil","Minas Gerais"],"inLanguage":"pt-BR","potentialAction":[{"@type":"CommentAction","name":"Comment","target":["https:\/\/aconteceunovale.com.br\/portal\/?p=170952#respond"]}]},{"@type":"WebPage","@id":"https:\/\/aconteceunovale.com.br\/portal\/?p=170952","url":"https:\/\/aconteceunovale.com.br\/portal\/?p=170952","name":"Guarapari recebe primeiro voo comercial de Belo Horizonte - Aconteceu no Vale","isPartOf":{"@id":"https:\/\/aconteceunovale.com.br\/portal\/#website"},"primaryImageOfPage":{"@id":"https:\/\/aconteceunovale.com.br\/portal\/?p=170952#primaryimage"},"image":{"@id":"https:\/\/aconteceunovale.com.br\/portal\/?p=170952#primaryimage"},"thumbnailUrl":"https:\/\/aconteceunovale.com.br\/portal\/wp-content\/uploads\/2020\/12\/azul_guarapari_2.jpeg","datePublished":"2020-12-17T23:00:38+00:00","dateModified":"2020-12-17T23:00:54+00:00","author":{"@id":"https:\/\/aconteceunovale.com.br\/portal\/#\/schema\/person\/7d2f26d1483f8a63de73da1ee0754d35"},"breadcrumb":{"@id":"https:\/\/aconteceunovale.com.br\/portal\/?p=170952#breadcrumb"},"inLanguage":"pt-BR","potentialAction":[{"@type":"ReadAction","target":["https:\/\/aconteceunovale.com.br\/portal\/?p=170952"]}]},{"@type":"ImageObject","inLanguage":"pt-BR","@id":"https:\/\/aconteceunovale.com.br\/portal\/?p=170952#primaryimage","url":"https:\/\/aconteceunovale.com.br\/portal\/wp-content\/uploads\/2020\/12\/azul_guarapari_2.jpeg","contentUrl":"https:\/\/aconteceunovale.com.br\/portal\/wp-content\/uploads\/2020\/12\/azul_guarapari_2.jpeg","width":678,"height":433},{"@type":"BreadcrumbList","@id":"https:\/\/aconteceunovale.com.br\/portal\/?p=170952#breadcrumb","itemListElement":[{"@type":"ListItem","position":1,"name":"In\u00edcio","item":"https:\/\/aconteceunovale.com.br\/portal\/"},{"@type":"ListItem","position":2,"name":"Guarapari recebe primeiro voo comercial de Belo Horizonte"}]},{"@type":"WebSite","@id":"https:\/\/aconteceunovale.com.br\/portal\/#website","url":"https:\/\/aconteceunovale.com.br\/portal\/","name":"Aconteceu no Vale","description":"Portal de Not\u00edcias","potentialAction":[{"@type":"SearchAction","target":{"@type":"EntryPoint","urlTemplate":"https:\/\/aconteceunovale.com.br\/portal\/?s={search_term_string}"},"query-input":{"@type":"PropertyValueSpecification","valueRequired":true,"valueName":"search_term_string"}}],"inLanguage":"pt-BR"},{"@type":"Person","@id":"https:\/\/aconteceunovale.com.br\/portal\/#\/schema\/person\/7d2f26d1483f8a63de73da1ee0754d35","name":"Reda\u00e7\u00e3o Aconteceu no Vale","description":"Equipe de reportagem do Aconteceu no Vale, portal de not\u00edcias do Vale do Jequitinhonha, em Minas Gerais. Cobrimos as 51 cidades do Vale desde 2013. Sugest\u00f5es de pauta e pedidos de corre\u00e7\u00e3o: contato@aconteceunovale.com.br","url":"https:\/\/aconteceunovale.com.br\/portal\/?author=4"}]}},"_links":{"self":[{"href":"https:\/\/aconteceunovale.com.br\/portal\/index.php?rest_route=\/wp\/v2\/posts\/170952","targetHints":{"allow":["GET"]}}],"collection":[{"href":"https:\/\/aconteceunovale.com.br\/portal\/index.php?rest_route=\/wp\/v2\/posts"}],"about":[{"href":"https:\/\/aconteceunovale.com.br\/portal\/index.php?rest_route=\/wp\/v2\/types\/post"}],"author":[{"embeddable":true,"href":"https:\/\/aconteceunovale.com.br\/portal\/index.php?rest_route=\/wp\/v2\/users\/4"}],"replies":[{"embeddable":true,"href":"https:\/\/aconteceunovale.com.br\/portal\/index.php?rest_route=%2Fwp%2Fv2%2Fcomments&post=170952"}],"version-history":[{"count":1,"href":"https:\/\/aconteceunovale.com.br\/portal\/index.php?rest_route=\/wp\/v2\/posts\/170952\/revisions"}],"predecessor-version":[{"id":170956,"href":"https:\/\/aconteceunovale.com.br\/portal\/index.php?rest_route=\/wp\/v2\/posts\/170952\/revisions\/170956"}],"wp:featuredmedia":[{"embeddable":true,"href":"https:\/\/aconteceunovale.com.br\/portal\/index.php?rest_route=\/wp\/v2\/media\/170954"}],"wp:attachment":[{"href":"https:\/\/aconteceunovale.com.br\/portal\/index.php?rest_route=%2Fwp%2Fv2%2Fmedia&parent=170952"}],"wp:term":[{"taxonomy":"category","embeddable":true,"href":"https:\/\/aconteceunovale.com.br\/portal\/index.php?rest_route=%2Fwp%2Fv2%2Fcategories&post=170952"},{"taxonomy":"post_tag","embeddable":true,"href":"https:\/\/aconteceunovale.com.br\/portal\/index.php?rest_route=%2Fwp%2Fv2%2Ftags&post=170952"}],"curies":[{"name":"wp","href":"https:\/\/api.w.org\/{rel}","templated":true}]}}