{"id":170950,"date":"2020-12-17T15:49:09","date_gmt":"2020-12-17T18:49:09","guid":{"rendered":"https:\/\/aconteceunovale.com.br\/portal\/?p=170950"},"modified":"2020-12-17T15:49:28","modified_gmt":"2020-12-17T18:49:28","slug":"governador-valadares-trabalhadora-agredida-fisicamente-e-chamada-de-pata-choca-recebera-indenizacao","status":"publish","type":"post","link":"https:\/\/aconteceunovale.com.br\/portal\/?p=170950","title":{"rendered":"Governador Valadares: trabalhadora agredida fisicamente e chamada de \u201cpata choca\u201d receber\u00e1 indeniza\u00e7\u00e3o"},"content":{"rendered":"\n<p class=\"wp-block-paragraph\">Uma rede atacadista, com sede em Governador Valadares (MG), ter\u00e1 que pagar indeniza\u00e7\u00e3o \u00e0 ex-empregada que foi agredida verbal e fisicamente pelo supervisor nas depend\u00eancias da empresa e no hor\u00e1rio de trabalho. Segundo testemunha, al\u00e9m de cham\u00e1-la com nomes pejorativos, como\u00a0<em>\u201cgalinha\u201d<\/em>,\u00a0<em>\u201cbarriguda\u201d<\/em>,\u00a0<em>\u201cpata choca\u201d<\/em>\u00a0e\u00a0<em>\u201cincompetente\u201d<\/em>, o superior chegou a dar tapas e belisc\u00e3o na trabalhadora como forma repreens\u00e3o. A decis\u00e3o foi do ju\u00edzo da 1\u00aa Vara do Trabalho de Governador Valadares que reconheceu o ass\u00e9dio moral sofrido pela ex-empregada da loja.<\/p>\n\n\n\n<p class=\"wp-block-paragraph\">A empregadora negou as alega\u00e7\u00f5es da profissional, afirmando que cabia a ela o \u00f4nus de comprovar a ocorr\u00eancia das agress\u00f5es. Mas, segundo o juiz Alexandre Pimenta Batista Pereira, prova testemunhal produzida nos autos pela autora evidenciou a conduta do supervisor.&nbsp;<em>\u201cFicou claro que foram proferidos agress\u00f5es e xingamentos \u00e0 autora na presen\u00e7a de demais funcion\u00e1rios e clientes; tratamento desrespeitoso que causa, com certeza, humilha\u00e7\u00e3o, atingindo a dignidade da reclamante\u201d<\/em>, ressaltou.<\/p>\n\n\n\n<p class=\"wp-block-paragraph\">Uma testemunha garantiu que a reclamante sofreu persegui\u00e7\u00e3o e agress\u00e3o f\u00edsica e psicol\u00f3gica.&nbsp;<em>\u201cEle chamava a empregada de v\u00e1rios nomes, assim como outras funcion\u00e1rias. Que j\u00e1 ouviu v\u00e1rias vezes, na frente do cliente e de outros funcion\u00e1rios, o superior dizer nomes, como galinha, barriguda, pata choca e incompetente. E que era comum apertar o bra\u00e7o das funcion\u00e1rias, dar tapa e belisc\u00e3o, para chamar a aten\u00e7\u00e3o quando o cliente n\u00e3o queria o cart\u00e3o da loja\u201d<\/em>.<\/p>\n\n\n\n<p class=\"wp-block-paragraph\">Segundo a testemunha, ela e a ex-empregada chegaram a fazer den\u00fancia, mas nenhuma provid\u00eancia foi tomada.&nbsp;<em>\u201cCheguei a conversar no RH, fazer a reclama\u00e7\u00e3o no Disk \u00c9tica; por\u00e9m nenhuma provid\u00eancia foi tomada; que o supervisor continuou agindo da mesma forma\u201d<\/em>.<\/p>\n\n\n\n<p class=\"wp-block-paragraph\">Outra testemunha apresentada em ju\u00edzo pela empregadora explicou que o supervisor era uma pessoa extrovertida, expansiva, brincalhona, que colocava apelido em muitas pessoas. E que chegou a comunicar a den\u00fancia ao supervisor, mas n\u00e3o fez advert\u00eancia por escrito.<\/p>\n\n\n\n<p class=\"wp-block-paragraph\">Para o juiz, o supervisor, na condi\u00e7\u00e3o de superior hier\u00e1rquico, n\u00e3o poderia, de forma alguma, no exerc\u00edcio de sua fun\u00e7\u00e3o, dirigir ofensas \u00e0 reclamante da a\u00e7\u00e3o, com agress\u00f5es f\u00edsicas, verbais e xingamentos, atingindo o decoro e a dignidade da trabalhadora.&nbsp;<em>\u201cDestarte, do exame da prova testemunhal, concluo que restaram atendidos todos os pressupostos ou requisitos legais da responsabilidade civil, quais sejam, o dano moral puro, conduta dolosa do supervisor; nexo de causalidade entre a atua\u00e7\u00e3o do agente ou ofensor e o preju\u00edzo sofrido pela ofendida\u201d<\/em>, ressaltou o julgador.<\/p>\n\n\n\n<p class=\"wp-block-paragraph\">Por conseguinte, consoante o disposto no artigo 932, III, do C\u00f3digo Civil, o juiz entendeu que ficou patente a obriga\u00e7\u00e3o da empregadora em indenizar a ex-empregada pelo dano moral sofrido por conduta do seu empregado. Foi fixado ent\u00e3o o valor de R$ 5 mil como indeniza\u00e7\u00e3o por danos morais. Houve recursos, que aguardam julgamento no TRT mineiro.<\/p>\n\n\n\n<p class=\"has-white-color has-vivid-cyan-blue-background-color has-text-color has-background wp-block-paragraph\">Quer saber as not\u00edcias do <strong>Aconteceu no Vale<\/strong> em primeira m\u00e3o? Siga-nos no Facebook <a rel=\"noreferrer noopener\" href=\"http:\/\/facebook.com\/aconteceunovale\" target=\"_blank\">@aconteceunovale<\/a>, Twitter <a rel=\"noreferrer noopener\" href=\"https:\/\/twitter.com\/noticiadosvales\" target=\"_blank\">@noticiadosvales<\/a> e Instagram <a rel=\"noreferrer noopener\" href=\"https:\/\/www.instagram.com\/aconteceunovale\" target=\"_blank\">@aconteceunovale<\/a>.<\/p>\n","protected":false},"excerpt":{"rendered":"<p>Uma rede atacadista, com sede em Governador Valadares (MG), ter\u00e1 que pagar indeniza\u00e7\u00e3o \u00e0 ex-empregada que foi agredida verbal e fisicamente pelo supervisor nas depend\u00eancias da empresa e no hor\u00e1rio de trabalho. Segundo testemunha, al\u00e9m de cham\u00e1-la com nomes pejorativos, como\u00a0\u201cgalinha\u201d,\u00a0\u201cbarriguda\u201d,\u00a0\u201cpata choca\u201d\u00a0e\u00a0\u201cincompetente\u201d, o superior chegou a dar tapas e belisc\u00e3o na trabalhadora como forma repreens\u00e3o. [&hellip;]<\/p>\n","protected":false},"author":4,"featured_media":165374,"comment_status":"open","ping_status":"closed","sticky":false,"template":"","format":"standard","meta":{"amp_status":"","footnotes":""},"categories":[121],"tags":[247,232789,232791,232788,63697,232790],"class_list":["post-170950","post","type-post","status-publish","format-standard","has-post-thumbnail","hentry","category-leste","tag-governador-valadares","tag-governador-valadares-trabalhadora-agredida-fisicamente-e-chamada-de-pata-choca-recebera-indenizacao","tag-juiz-alexandre-pimenta-batista-pereira","tag-trabalhadora-agredida-fisicamente-e-chamada-de-pata-choca-em-governador-valadares-recebera-indenizacao","tag-trt-mg","tag-vara-do-trabalho-de-governador-valadares"],"yoast_head":"<!-- This site is optimized with the Yoast SEO plugin v28.3 - https:\/\/yoast.com\/product\/yoast-seo-wordpress\/ -->\n<title>Governador Valadares: trabalhadora agredida fisicamente e chamada de \u201cpata choca\u201d receber\u00e1 indeniza\u00e7\u00e3o - Aconteceu no Vale<\/title>\n<meta name=\"robots\" content=\"index, follow, max-snippet:-1, max-image-preview:large, max-video-preview:-1\" \/>\n<link rel=\"canonical\" href=\"https:\/\/aconteceunovale.com.br\/portal\/?p=170950\" \/>\n<meta property=\"og:locale\" content=\"pt_BR\" \/>\n<meta property=\"og:type\" content=\"article\" \/>\n<meta property=\"og:title\" content=\"Governador Valadares: trabalhadora agredida fisicamente e chamada de \u201cpata choca\u201d receber\u00e1 indeniza\u00e7\u00e3o - Aconteceu no Vale\" \/>\n<meta property=\"og:description\" content=\"Uma rede atacadista, com sede em Governador Valadares (MG), ter\u00e1 que pagar indeniza\u00e7\u00e3o \u00e0 ex-empregada que foi agredida verbal e fisicamente pelo supervisor nas depend\u00eancias da empresa e no hor\u00e1rio de trabalho. Segundo testemunha, al\u00e9m de cham\u00e1-la com nomes pejorativos, como\u00a0\u201cgalinha\u201d,\u00a0\u201cbarriguda\u201d,\u00a0\u201cpata choca\u201d\u00a0e\u00a0\u201cincompetente\u201d, o superior chegou a dar tapas e belisc\u00e3o na trabalhadora como forma repreens\u00e3o. [&hellip;]\" \/>\n<meta property=\"og:url\" content=\"https:\/\/aconteceunovale.com.br\/portal\/?p=170950\" \/>\n<meta property=\"og:site_name\" content=\"Aconteceu no Vale\" \/>\n<meta property=\"article:publisher\" content=\"https:\/\/www.facebook.com\/aconteceunovale\/\" \/>\n<meta property=\"article:published_time\" content=\"2020-12-17T18:49:09+00:00\" \/>\n<meta property=\"article:modified_time\" content=\"2020-12-17T18:49:28+00:00\" \/>\n<meta property=\"og:image\" content=\"https:\/\/aconteceunovale.com.br\/portal\/wp-content\/uploads\/2020\/07\/justica_indenizacao.jpg\" \/>\n\t<meta property=\"og:image:width\" content=\"675\" \/>\n\t<meta property=\"og:image:height\" content=\"450\" \/>\n\t<meta property=\"og:image:type\" content=\"image\/jpeg\" \/>\n<meta name=\"author\" content=\"Reda\u00e7\u00e3o Aconteceu no Vale\" \/>\n<meta name=\"twitter:card\" content=\"summary_large_image\" \/>\n<meta name=\"twitter:creator\" content=\"@noticiadosvales\" \/>\n<meta name=\"twitter:site\" content=\"@noticiadosvales\" \/>\n<meta name=\"twitter:label1\" content=\"Escrito por\" \/>\n\t<meta name=\"twitter:data1\" content=\"Reda\u00e7\u00e3o Aconteceu no Vale\" \/>\n\t<meta name=\"twitter:label2\" content=\"Est. tempo de leitura\" \/>\n\t<meta name=\"twitter:data2\" content=\"3 minutos\" \/>\n<script type=\"application\/ld+json\" class=\"yoast-schema-graph\">{\"@context\":\"https:\\\/\\\/schema.org\",\"@graph\":[{\"@type\":\"Article\",\"@id\":\"https:\\\/\\\/aconteceunovale.com.br\\\/portal\\\/?p=170950#article\",\"isPartOf\":{\"@id\":\"https:\\\/\\\/aconteceunovale.com.br\\\/portal\\\/?p=170950\"},\"author\":{\"name\":\"Reda\u00e7\u00e3o Aconteceu no Vale\",\"@id\":\"https:\\\/\\\/aconteceunovale.com.br\\\/portal\\\/#\\\/schema\\\/person\\\/7d2f26d1483f8a63de73da1ee0754d35\"},\"headline\":\"Governador Valadares: trabalhadora agredida fisicamente e chamada de \u201cpata choca\u201d receber\u00e1 indeniza\u00e7\u00e3o\",\"datePublished\":\"2020-12-17T18:49:09+00:00\",\"dateModified\":\"2020-12-17T18:49:28+00:00\",\"mainEntityOfPage\":{\"@id\":\"https:\\\/\\\/aconteceunovale.com.br\\\/portal\\\/?p=170950\"},\"wordCount\":537,\"commentCount\":0,\"image\":{\"@id\":\"https:\\\/\\\/aconteceunovale.com.br\\\/portal\\\/?p=170950#primaryimage\"},\"thumbnailUrl\":\"https:\\\/\\\/aconteceunovale.com.br\\\/portal\\\/wp-content\\\/uploads\\\/2020\\\/07\\\/justica_indenizacao.jpg\",\"keywords\":[\"Governador Valadares\",\"Governador Valadares: trabalhadora agredida fisicamente e chamada de pata choca receber\u00e1 indeniza\u00e7\u00e3o\",\"Juiz Alexandre Pimenta Batista Pereira\",\"Trabalhadora agredida fisicamente e chamada de pata choca em Governador Valadares receber\u00e1 indeniza\u00e7\u00e3o\",\"TRT-MG\",\"Vara do Trabalho de Governador Valadares\"],\"articleSection\":[\"Leste de Minas\"],\"inLanguage\":\"pt-BR\",\"potentialAction\":[{\"@type\":\"CommentAction\",\"name\":\"Comment\",\"target\":[\"https:\\\/\\\/aconteceunovale.com.br\\\/portal\\\/?p=170950#respond\"]}]},{\"@type\":\"WebPage\",\"@id\":\"https:\\\/\\\/aconteceunovale.com.br\\\/portal\\\/?p=170950\",\"url\":\"https:\\\/\\\/aconteceunovale.com.br\\\/portal\\\/?p=170950\",\"name\":\"Governador Valadares: trabalhadora agredida fisicamente e chamada de \u201cpata choca\u201d receber\u00e1 indeniza\u00e7\u00e3o - Aconteceu no Vale\",\"isPartOf\":{\"@id\":\"https:\\\/\\\/aconteceunovale.com.br\\\/portal\\\/#website\"},\"primaryImageOfPage\":{\"@id\":\"https:\\\/\\\/aconteceunovale.com.br\\\/portal\\\/?p=170950#primaryimage\"},\"image\":{\"@id\":\"https:\\\/\\\/aconteceunovale.com.br\\\/portal\\\/?p=170950#primaryimage\"},\"thumbnailUrl\":\"https:\\\/\\\/aconteceunovale.com.br\\\/portal\\\/wp-content\\\/uploads\\\/2020\\\/07\\\/justica_indenizacao.jpg\",\"datePublished\":\"2020-12-17T18:49:09+00:00\",\"dateModified\":\"2020-12-17T18:49:28+00:00\",\"author\":{\"@id\":\"https:\\\/\\\/aconteceunovale.com.br\\\/portal\\\/#\\\/schema\\\/person\\\/7d2f26d1483f8a63de73da1ee0754d35\"},\"breadcrumb\":{\"@id\":\"https:\\\/\\\/aconteceunovale.com.br\\\/portal\\\/?p=170950#breadcrumb\"},\"inLanguage\":\"pt-BR\",\"potentialAction\":[{\"@type\":\"ReadAction\",\"target\":[\"https:\\\/\\\/aconteceunovale.com.br\\\/portal\\\/?p=170950\"]}]},{\"@type\":\"ImageObject\",\"inLanguage\":\"pt-BR\",\"@id\":\"https:\\\/\\\/aconteceunovale.com.br\\\/portal\\\/?p=170950#primaryimage\",\"url\":\"https:\\\/\\\/aconteceunovale.com.br\\\/portal\\\/wp-content\\\/uploads\\\/2020\\\/07\\\/justica_indenizacao.jpg\",\"contentUrl\":\"https:\\\/\\\/aconteceunovale.com.br\\\/portal\\\/wp-content\\\/uploads\\\/2020\\\/07\\\/justica_indenizacao.jpg\",\"width\":675,\"height\":450},{\"@type\":\"BreadcrumbList\",\"@id\":\"https:\\\/\\\/aconteceunovale.com.br\\\/portal\\\/?p=170950#breadcrumb\",\"itemListElement\":[{\"@type\":\"ListItem\",\"position\":1,\"name\":\"In\u00edcio\",\"item\":\"https:\\\/\\\/aconteceunovale.com.br\\\/portal\\\/\"},{\"@type\":\"ListItem\",\"position\":2,\"name\":\"Governador Valadares: trabalhadora agredida fisicamente e chamada de \u201cpata choca\u201d receber\u00e1 indeniza\u00e7\u00e3o\"}]},{\"@type\":\"WebSite\",\"@id\":\"https:\\\/\\\/aconteceunovale.com.br\\\/portal\\\/#website\",\"url\":\"https:\\\/\\\/aconteceunovale.com.br\\\/portal\\\/\",\"name\":\"Aconteceu no Vale\",\"description\":\"Portal de Not\u00edcias\",\"potentialAction\":[{\"@type\":\"SearchAction\",\"target\":{\"@type\":\"EntryPoint\",\"urlTemplate\":\"https:\\\/\\\/aconteceunovale.com.br\\\/portal\\\/?s={search_term_string}\"},\"query-input\":{\"@type\":\"PropertyValueSpecification\",\"valueRequired\":true,\"valueName\":\"search_term_string\"}}],\"inLanguage\":\"pt-BR\"},{\"@type\":\"Person\",\"@id\":\"https:\\\/\\\/aconteceunovale.com.br\\\/portal\\\/#\\\/schema\\\/person\\\/7d2f26d1483f8a63de73da1ee0754d35\",\"name\":\"Reda\u00e7\u00e3o Aconteceu no Vale\",\"description\":\"Equipe de reportagem do Aconteceu no Vale, portal de not\u00edcias do Vale do Jequitinhonha, em Minas Gerais. Cobrimos as 51 cidades do Vale desde 2013. Sugest\u00f5es de pauta e pedidos de corre\u00e7\u00e3o: contato@aconteceunovale.com.br\",\"url\":\"https:\\\/\\\/aconteceunovale.com.br\\\/portal\\\/?author=4\"}]}<\/script>\n<!-- \/ Yoast SEO plugin. -->","yoast_head_json":{"title":"Governador Valadares: trabalhadora agredida fisicamente e chamada de \u201cpata choca\u201d receber\u00e1 indeniza\u00e7\u00e3o - Aconteceu no Vale","robots":{"index":"index","follow":"follow","max-snippet":"max-snippet:-1","max-image-preview":"max-image-preview:large","max-video-preview":"max-video-preview:-1"},"canonical":"https:\/\/aconteceunovale.com.br\/portal\/?p=170950","og_locale":"pt_BR","og_type":"article","og_title":"Governador Valadares: trabalhadora agredida fisicamente e chamada de \u201cpata choca\u201d receber\u00e1 indeniza\u00e7\u00e3o - Aconteceu no Vale","og_description":"Uma rede atacadista, com sede em Governador Valadares (MG), ter\u00e1 que pagar indeniza\u00e7\u00e3o \u00e0 ex-empregada que foi agredida verbal e fisicamente pelo supervisor nas depend\u00eancias da empresa e no hor\u00e1rio de trabalho. Segundo testemunha, al\u00e9m de cham\u00e1-la com nomes pejorativos, como\u00a0\u201cgalinha\u201d,\u00a0\u201cbarriguda\u201d,\u00a0\u201cpata choca\u201d\u00a0e\u00a0\u201cincompetente\u201d, o superior chegou a dar tapas e belisc\u00e3o na trabalhadora como forma repreens\u00e3o. [&hellip;]","og_url":"https:\/\/aconteceunovale.com.br\/portal\/?p=170950","og_site_name":"Aconteceu no Vale","article_publisher":"https:\/\/www.facebook.com\/aconteceunovale\/","article_published_time":"2020-12-17T18:49:09+00:00","article_modified_time":"2020-12-17T18:49:28+00:00","og_image":[{"width":675,"height":450,"url":"https:\/\/aconteceunovale.com.br\/portal\/wp-content\/uploads\/2020\/07\/justica_indenizacao.jpg","type":"image\/jpeg"}],"author":"Reda\u00e7\u00e3o Aconteceu no Vale","twitter_card":"summary_large_image","twitter_creator":"@noticiadosvales","twitter_site":"@noticiadosvales","twitter_misc":{"Escrito por":"Reda\u00e7\u00e3o Aconteceu no Vale","Est. tempo de leitura":"3 minutos"},"schema":{"@context":"https:\/\/schema.org","@graph":[{"@type":"Article","@id":"https:\/\/aconteceunovale.com.br\/portal\/?p=170950#article","isPartOf":{"@id":"https:\/\/aconteceunovale.com.br\/portal\/?p=170950"},"author":{"name":"Reda\u00e7\u00e3o Aconteceu no Vale","@id":"https:\/\/aconteceunovale.com.br\/portal\/#\/schema\/person\/7d2f26d1483f8a63de73da1ee0754d35"},"headline":"Governador Valadares: trabalhadora agredida fisicamente e chamada de \u201cpata choca\u201d receber\u00e1 indeniza\u00e7\u00e3o","datePublished":"2020-12-17T18:49:09+00:00","dateModified":"2020-12-17T18:49:28+00:00","mainEntityOfPage":{"@id":"https:\/\/aconteceunovale.com.br\/portal\/?p=170950"},"wordCount":537,"commentCount":0,"image":{"@id":"https:\/\/aconteceunovale.com.br\/portal\/?p=170950#primaryimage"},"thumbnailUrl":"https:\/\/aconteceunovale.com.br\/portal\/wp-content\/uploads\/2020\/07\/justica_indenizacao.jpg","keywords":["Governador Valadares","Governador Valadares: trabalhadora agredida fisicamente e chamada de pata choca receber\u00e1 indeniza\u00e7\u00e3o","Juiz Alexandre Pimenta Batista Pereira","Trabalhadora agredida fisicamente e chamada de pata choca em Governador Valadares receber\u00e1 indeniza\u00e7\u00e3o","TRT-MG","Vara do Trabalho de Governador Valadares"],"articleSection":["Leste de Minas"],"inLanguage":"pt-BR","potentialAction":[{"@type":"CommentAction","name":"Comment","target":["https:\/\/aconteceunovale.com.br\/portal\/?p=170950#respond"]}]},{"@type":"WebPage","@id":"https:\/\/aconteceunovale.com.br\/portal\/?p=170950","url":"https:\/\/aconteceunovale.com.br\/portal\/?p=170950","name":"Governador Valadares: trabalhadora agredida fisicamente e chamada de \u201cpata choca\u201d receber\u00e1 indeniza\u00e7\u00e3o - Aconteceu no Vale","isPartOf":{"@id":"https:\/\/aconteceunovale.com.br\/portal\/#website"},"primaryImageOfPage":{"@id":"https:\/\/aconteceunovale.com.br\/portal\/?p=170950#primaryimage"},"image":{"@id":"https:\/\/aconteceunovale.com.br\/portal\/?p=170950#primaryimage"},"thumbnailUrl":"https:\/\/aconteceunovale.com.br\/portal\/wp-content\/uploads\/2020\/07\/justica_indenizacao.jpg","datePublished":"2020-12-17T18:49:09+00:00","dateModified":"2020-12-17T18:49:28+00:00","author":{"@id":"https:\/\/aconteceunovale.com.br\/portal\/#\/schema\/person\/7d2f26d1483f8a63de73da1ee0754d35"},"breadcrumb":{"@id":"https:\/\/aconteceunovale.com.br\/portal\/?p=170950#breadcrumb"},"inLanguage":"pt-BR","potentialAction":[{"@type":"ReadAction","target":["https:\/\/aconteceunovale.com.br\/portal\/?p=170950"]}]},{"@type":"ImageObject","inLanguage":"pt-BR","@id":"https:\/\/aconteceunovale.com.br\/portal\/?p=170950#primaryimage","url":"https:\/\/aconteceunovale.com.br\/portal\/wp-content\/uploads\/2020\/07\/justica_indenizacao.jpg","contentUrl":"https:\/\/aconteceunovale.com.br\/portal\/wp-content\/uploads\/2020\/07\/justica_indenizacao.jpg","width":675,"height":450},{"@type":"BreadcrumbList","@id":"https:\/\/aconteceunovale.com.br\/portal\/?p=170950#breadcrumb","itemListElement":[{"@type":"ListItem","position":1,"name":"In\u00edcio","item":"https:\/\/aconteceunovale.com.br\/portal\/"},{"@type":"ListItem","position":2,"name":"Governador Valadares: trabalhadora agredida fisicamente e chamada de \u201cpata choca\u201d receber\u00e1 indeniza\u00e7\u00e3o"}]},{"@type":"WebSite","@id":"https:\/\/aconteceunovale.com.br\/portal\/#website","url":"https:\/\/aconteceunovale.com.br\/portal\/","name":"Aconteceu no Vale","description":"Portal de Not\u00edcias","potentialAction":[{"@type":"SearchAction","target":{"@type":"EntryPoint","urlTemplate":"https:\/\/aconteceunovale.com.br\/portal\/?s={search_term_string}"},"query-input":{"@type":"PropertyValueSpecification","valueRequired":true,"valueName":"search_term_string"}}],"inLanguage":"pt-BR"},{"@type":"Person","@id":"https:\/\/aconteceunovale.com.br\/portal\/#\/schema\/person\/7d2f26d1483f8a63de73da1ee0754d35","name":"Reda\u00e7\u00e3o Aconteceu no Vale","description":"Equipe de reportagem do Aconteceu no Vale, portal de not\u00edcias do Vale do Jequitinhonha, em Minas Gerais. Cobrimos as 51 cidades do Vale desde 2013. Sugest\u00f5es de pauta e pedidos de corre\u00e7\u00e3o: contato@aconteceunovale.com.br","url":"https:\/\/aconteceunovale.com.br\/portal\/?author=4"}]}},"_links":{"self":[{"href":"https:\/\/aconteceunovale.com.br\/portal\/index.php?rest_route=\/wp\/v2\/posts\/170950","targetHints":{"allow":["GET"]}}],"collection":[{"href":"https:\/\/aconteceunovale.com.br\/portal\/index.php?rest_route=\/wp\/v2\/posts"}],"about":[{"href":"https:\/\/aconteceunovale.com.br\/portal\/index.php?rest_route=\/wp\/v2\/types\/post"}],"author":[{"embeddable":true,"href":"https:\/\/aconteceunovale.com.br\/portal\/index.php?rest_route=\/wp\/v2\/users\/4"}],"replies":[{"embeddable":true,"href":"https:\/\/aconteceunovale.com.br\/portal\/index.php?rest_route=%2Fwp%2Fv2%2Fcomments&post=170950"}],"version-history":[{"count":1,"href":"https:\/\/aconteceunovale.com.br\/portal\/index.php?rest_route=\/wp\/v2\/posts\/170950\/revisions"}],"predecessor-version":[{"id":170951,"href":"https:\/\/aconteceunovale.com.br\/portal\/index.php?rest_route=\/wp\/v2\/posts\/170950\/revisions\/170951"}],"wp:featuredmedia":[{"embeddable":true,"href":"https:\/\/aconteceunovale.com.br\/portal\/index.php?rest_route=\/wp\/v2\/media\/165374"}],"wp:attachment":[{"href":"https:\/\/aconteceunovale.com.br\/portal\/index.php?rest_route=%2Fwp%2Fv2%2Fmedia&parent=170950"}],"wp:term":[{"taxonomy":"category","embeddable":true,"href":"https:\/\/aconteceunovale.com.br\/portal\/index.php?rest_route=%2Fwp%2Fv2%2Fcategories&post=170950"},{"taxonomy":"post_tag","embeddable":true,"href":"https:\/\/aconteceunovale.com.br\/portal\/index.php?rest_route=%2Fwp%2Fv2%2Ftags&post=170950"}],"curies":[{"name":"wp","href":"https:\/\/api.w.org\/{rel}","templated":true}]}}