{"id":170947,"date":"2020-12-17T13:55:31","date_gmt":"2020-12-17T16:55:31","guid":{"rendered":"https:\/\/aconteceunovale.com.br\/portal\/?p=170947"},"modified":"2020-12-17T13:56:15","modified_gmt":"2020-12-17T16:56:15","slug":"novo-ministro-do-turismo-apela-para-que-governantes-nao-decretem-lockdown","status":"publish","type":"post","link":"https:\/\/aconteceunovale.com.br\/portal\/?p=170947","title":{"rendered":"Novo ministro do Turismo apela para que governantes n\u00e3o decretem lockdown"},"content":{"rendered":"\n<p class=\"wp-block-paragraph\">O novo ministro do Turismo, Gilson Machado, fez um apelo hoje (17) para que governadores e prefeitos n\u00e3o decretem&nbsp;<em>lockdown<\/em>&nbsp;(fechamento total) das atividades, em raz\u00e3o da pandemia de covid-19. \u201cO trade (atividades do setor do turismo) n\u00e3o aguenta a decreta\u00e7\u00e3o de um segundo&nbsp;<em>lockdown<\/em>. O empres\u00e1rio do turismo, que gera emprego e renda, hoje tem mais medo de um decreto que da pr\u00f3pria doen\u00e7a. Ent\u00e3o, isso \u00e9 um apelo que eu fa\u00e7o nesse momento\u201d, disse, durante sua cerim\u00f4nia de posse, no Pal\u00e1cio do Planalto.<img decoding=\"async\" src=\"https:\/\/agenciabrasil.ebc.com.br\/ebc.png?id=1396718&amp;o=node\"><img decoding=\"async\" src=\"https:\/\/agenciabrasil.ebc.com.br\/ebc.gif?id=1396718&amp;o=node\"><\/p>\n\n\n\n<p class=\"wp-block-paragraph\">Machado citou o caso do munic\u00edpio de B\u00fazios, no Rio de Janeiro, onde a Justi\u00e7a determinou o fechamento de hot\u00e9is e praias devido ao aumento de casos de covid-19. O\u00a0Brasil j\u00e1 ultrapassou 7 milh\u00f5es de infectados\u00a0pelo novo coronav\u00edrus. De acordo com o \u00faltimo boletim divulgado ontem (16) pelo Minist\u00e9rio da Sa\u00fade (MS), nas 24 horas anteriores, foram registradas 70.574 novas infec\u00e7\u00f5es por covid-19. O n\u00famero de infec\u00e7\u00f5es supera muito o do boletim divulgado na ter\u00e7a-feira (15), quando foram registradas 42,8 mil pessoas infectadas.<\/p>\n\n\n\n<p class=\"wp-block-paragraph\">Por outro lado, segundo Machado, j\u00e1 o governador de Pernambuco, Paulo C\u00e2mara, garantiu que n\u00e3o haver\u00e1 l<em>ockdown<\/em>&nbsp;no estado. Para o ministro, o Brasil j\u00e1 v\u00ea uma recupera\u00e7\u00e3o econ\u00f4mica no turismo, j\u00e1 que, os turistas brasileiros que antes viajavam para o exterior, hoje est\u00e3o viajando dentro do Brasil. \u201cE quem fala isso s\u00e3o os n\u00fameros, somos hoje o pa\u00eds da Am\u00e9rica Latina que tem o maior potencial de crescimento e a melhor velocidade de retomada de crescimento e o turismo, para isso, tem um papel important\u00edssimo\u201d, disse.<\/p>\n\n\n\n<p class=\"wp-block-paragraph\">Segundo Machado, as companhias a\u00e9reas j\u00e1 registram recupera\u00e7\u00e3o de 400% da malha a\u00e9rea e, comparado ao ano passado, 80% das rotas j\u00e1 foram reativadas devido ao turismo interno. \u201cEm Recife, por exemplo, o aeroporto j\u00e1 demonstra movimento maior do que de 2019 e as taxas de ocupa\u00e7\u00e3o de pousadas e hot\u00e9is est\u00e3o subindo a cada m\u00eas\u201d, comemorou.<\/p>\n\n\n\n<figure class=\"wp-block-gallery columns-1 is-cropped wp-block-gallery-1 is-layout-flex wp-block-gallery-is-layout-flex\"><ul class=\"blocks-gallery-grid\"><li class=\"blocks-gallery-item\"><figure><img loading=\"lazy\" decoding=\"async\" width=\"678\" height=\"406\" src=\"https:\/\/aconteceunovale.com.br\/portal\/wp-content\/uploads\/2020\/12\/gilson_machado.jpg\" alt=\"\" data-id=\"170948\" data-full-url=\"https:\/\/aconteceunovale.com.br\/portal\/wp-content\/uploads\/2020\/12\/gilson_machado.jpg\" data-link=\"https:\/\/aconteceunovale.com.br\/portal\/?attachment_id=170948\" class=\"wp-image-170948\" srcset=\"https:\/\/aconteceunovale.com.br\/portal\/wp-content\/uploads\/2020\/12\/gilson_machado.jpg 678w, https:\/\/aconteceunovale.com.br\/portal\/wp-content\/uploads\/2020\/12\/gilson_machado-300x180.jpg 300w\" sizes=\"auto, (max-width: 678px) 100vw, 678px\" \/><figcaption class=\"blocks-gallery-item__caption\"><em>Gilson Machado &#8211; Foto: Fabio Rodrigues Pozzebom\/Ag\u00eancia Brasil<\/em><\/figcaption><\/figure><\/li><\/ul><\/figure>\n\n\n\n<p class=\"wp-block-paragraph\">O presidente Jair Bolsonaro deu posse a Machado para o lugar de\u00a0Marcelo \u00c1lvaro Ant\u00f4nio, que foi exonerado do cargo no \u00faltimo dia 10 de dezembro. Ant\u00f4nio vai reassumir o mandato de deputado federal, no Congresso Nacional, do qual se licenciou para assumir a pasta do Turismo, em 2019.<\/p>\n\n\n\n<p class=\"wp-block-paragraph\">Bolsonaro agradeceu o empenho do ex-ministro e disse que ele \u201cmarcou a hist\u00f3ria do turismo brasileiro\u201d. \u201cEle deu tudo de si, passou um momento dif\u00edcil no corrente ano com a pandemia, onde o primeiro setor atingido foi do turismo. Os fluxos internacionais praticamente deixaram de existir e os fluxos internos tamb\u00e9m foram reduzidos bastante. E o reflexo estava na rede hoteleira\u201d, destacou o presidente.<\/p>\n\n\n\n<p class=\"wp-block-paragraph\">J\u00e1 Gilson Machado deixa o comando da Ag\u00eancia Brasileira de Promo\u00e7\u00e3o Internacional do Turismo (Embratur), cujo cargo de diretor-presidente passa a ser ocupado por Carlos Alberto Gomes de Brito.<\/p>\n\n\n\n<p class=\"has-white-color has-vivid-cyan-blue-background-color has-text-color has-background wp-block-paragraph\">Quer saber as not\u00edcias do <strong>Aconteceu no Vale<\/strong> em primeira m\u00e3o? Siga-nos no Facebook <a rel=\"noreferrer noopener\" href=\"http:\/\/facebook.com\/aconteceunovale\" target=\"_blank\">@aconteceunovale<\/a>, Twitter <a rel=\"noreferrer noopener\" href=\"https:\/\/twitter.com\/noticiadosvales\" target=\"_blank\">@noticiadosvales<\/a> e Instagram <a rel=\"noreferrer noopener\" href=\"https:\/\/www.instagram.com\/aconteceunovale\" target=\"_blank\">@aconteceunovale<\/a>.<\/p>\n","protected":false},"excerpt":{"rendered":"<p>O novo ministro do Turismo, Gilson Machado, fez um apelo hoje (17) para que governadores e prefeitos n\u00e3o decretem&nbsp;lockdown&nbsp;(fechamento total) das atividades, em raz\u00e3o da pandemia de covid-19. \u201cO trade (atividades do setor do turismo) n\u00e3o aguenta a decreta\u00e7\u00e3o de um segundo&nbsp;lockdown. O empres\u00e1rio do turismo, que gera emprego e renda, hoje tem mais medo [&hellip;]<\/p>\n","protected":false},"author":4,"featured_media":170948,"comment_status":"open","ping_status":"closed","sticky":false,"template":"","format":"standard","meta":{"amp_status":"","footnotes":""},"categories":[6,40240],"tags":[100375,232184,133446,232189,214884,232759,216498,232760,1018,148595,232756,232758,232757,232187,232188,26436,232755,41226,232185,194319,44607,44601,232186,140166,232787,232786,1104],"class_list":["post-170947","post","type-post","status-publish","format-standard","has-post-thumbnail","hentry","category-br","category-politica","tag-bolsonaro","tag-bolsonaro-exonera-marcelo-alvaro-antonio-do-ministerio-do-turismo","tag-buzios","tag-carlos-alberto-gomes-de-brito","tag-coronavirus","tag-coronavirus-em-buzios","tag-covid-19","tag-covid-19-em-buzios","tag-destaque","tag-embratur","tag-fechamento-de-buzios","tag-fechamento-de-hoteis-em-buzios","tag-fechamento-de-praias-em-buzios","tag-gilson-machado","tag-gilson-machado-guimaraes-neto","tag-jair-bolsonaro","tag-justica-do-rio-de-janeiro-determina-fechamento-de-hoteis-e-praias-de-buzios","tag-marcelo-alvaro-antonio","tag-marcelo-alvaro-antonio-e-exonerado-do-ministerio-do-turismo","tag-marcelo-henrique-teixeira-dias","tag-ministerio-do-turismo","tag-ministro-do-turismo","tag-novo-ministro-do-turismo","tag-pandemia","tag-posse-de-gilson-machado","tag-posse-do-novo-ministro-do-turismo","tag-rio-de-janeiro"],"yoast_head":"<!-- This site is optimized with the Yoast SEO plugin v28.3 - https:\/\/yoast.com\/product\/yoast-seo-wordpress\/ -->\n<title>Novo ministro do Turismo apela para que governantes n\u00e3o decretem lockdown - Aconteceu no Vale<\/title>\n<meta name=\"robots\" content=\"index, follow, max-snippet:-1, max-image-preview:large, max-video-preview:-1\" \/>\n<link rel=\"canonical\" href=\"https:\/\/aconteceunovale.com.br\/portal\/?p=170947\" \/>\n<meta property=\"og:locale\" content=\"pt_BR\" \/>\n<meta property=\"og:type\" content=\"article\" \/>\n<meta property=\"og:title\" content=\"Novo ministro do Turismo apela para que governantes n\u00e3o decretem lockdown - Aconteceu no Vale\" \/>\n<meta property=\"og:description\" content=\"O novo ministro do Turismo, Gilson Machado, fez um apelo hoje (17) para que governadores e prefeitos n\u00e3o decretem&nbsp;lockdown&nbsp;(fechamento total) das atividades, em raz\u00e3o da pandemia de covid-19. \u201cO trade (atividades do setor do turismo) n\u00e3o aguenta a decreta\u00e7\u00e3o de um segundo&nbsp;lockdown. O empres\u00e1rio do turismo, que gera emprego e renda, hoje tem mais medo [&hellip;]\" \/>\n<meta property=\"og:url\" content=\"https:\/\/aconteceunovale.com.br\/portal\/?p=170947\" \/>\n<meta property=\"og:site_name\" content=\"Aconteceu no Vale\" \/>\n<meta property=\"article:publisher\" content=\"https:\/\/www.facebook.com\/aconteceunovale\/\" \/>\n<meta property=\"article:published_time\" content=\"2020-12-17T16:55:31+00:00\" \/>\n<meta property=\"article:modified_time\" content=\"2020-12-17T16:56:15+00:00\" \/>\n<meta property=\"og:image\" content=\"https:\/\/aconteceunovale.com.br\/portal\/wp-content\/uploads\/2020\/12\/gilson_machado.jpg\" \/>\n\t<meta property=\"og:image:width\" content=\"678\" \/>\n\t<meta property=\"og:image:height\" content=\"406\" \/>\n\t<meta property=\"og:image:type\" content=\"image\/jpeg\" \/>\n<meta name=\"author\" content=\"Reda\u00e7\u00e3o Aconteceu no Vale\" \/>\n<meta name=\"twitter:card\" content=\"summary_large_image\" \/>\n<meta name=\"twitter:creator\" content=\"@noticiadosvales\" \/>\n<meta name=\"twitter:site\" content=\"@noticiadosvales\" \/>\n<meta name=\"twitter:label1\" content=\"Escrito por\" \/>\n\t<meta name=\"twitter:data1\" content=\"Reda\u00e7\u00e3o Aconteceu no Vale\" \/>\n\t<meta name=\"twitter:label2\" content=\"Est. tempo de leitura\" \/>\n\t<meta name=\"twitter:data2\" content=\"3 minutos\" \/>\n<script type=\"application\/ld+json\" class=\"yoast-schema-graph\">{\"@context\":\"https:\\\/\\\/schema.org\",\"@graph\":[{\"@type\":\"Article\",\"@id\":\"https:\\\/\\\/aconteceunovale.com.br\\\/portal\\\/?p=170947#article\",\"isPartOf\":{\"@id\":\"https:\\\/\\\/aconteceunovale.com.br\\\/portal\\\/?p=170947\"},\"author\":{\"name\":\"Reda\u00e7\u00e3o Aconteceu no Vale\",\"@id\":\"https:\\\/\\\/aconteceunovale.com.br\\\/portal\\\/#\\\/schema\\\/person\\\/7d2f26d1483f8a63de73da1ee0754d35\"},\"headline\":\"Novo ministro do Turismo apela para que governantes n\u00e3o decretem lockdown\",\"datePublished\":\"2020-12-17T16:55:31+00:00\",\"dateModified\":\"2020-12-17T16:56:15+00:00\",\"mainEntityOfPage\":{\"@id\":\"https:\\\/\\\/aconteceunovale.com.br\\\/portal\\\/?p=170947\"},\"wordCount\":538,\"commentCount\":0,\"image\":{\"@id\":\"https:\\\/\\\/aconteceunovale.com.br\\\/portal\\\/?p=170947#primaryimage\"},\"thumbnailUrl\":\"https:\\\/\\\/aconteceunovale.com.br\\\/portal\\\/wp-content\\\/uploads\\\/2020\\\/12\\\/gilson_machado.jpg\",\"keywords\":[\"Bolsonaro\",\"Bolsonaro exonera Marcelo \u00c1lvaro Ant\u00f4nio do Minist\u00e9rio do Turismo\",\"B\u00fazios\",\"Carlos Alberto Gomes de Brito\",\"Coronav\u00edrus\",\"Coronav\u00edrus em B\u00fazios\",\"COVID-19\",\"Covid-19 em B\u00fazios\",\"destaque\",\"Embratur\",\"Fechamento de B\u00fazios\",\"Fechamento de hot\u00e9is em B\u00fazios\",\"Fechamento de praias em B\u00fazios\",\"Gilson Machado\",\"Gilson Machado Guimar\u00e3es Neto\",\"Jair Bolsonaro\",\"Justi\u00e7a do Rio de Janeiro determina fechamento de hot\u00e9is e praias de B\u00fazios\",\"Marcelo \u00c1lvaro Ant\u00f4nio\",\"Marcelo \u00c1lvaro Ant\u00f4nio \u00e9 exonerado do Minist\u00e9rio do Turismo\",\"Marcelo Henrique Teixeira Dias\",\"Minist\u00e9rio do Turismo\",\"ministro do Turismo\",\"Novo ministro do Turismo\",\"pandemia\",\"Posse de Gilson Machado\",\"Posse do Novo ministro do Turismo\",\"Rio de Janeiro\"],\"articleSection\":[\"Brasil\",\"Pol\u00edtica\"],\"inLanguage\":\"pt-BR\",\"potentialAction\":[{\"@type\":\"CommentAction\",\"name\":\"Comment\",\"target\":[\"https:\\\/\\\/aconteceunovale.com.br\\\/portal\\\/?p=170947#respond\"]}]},{\"@type\":\"WebPage\",\"@id\":\"https:\\\/\\\/aconteceunovale.com.br\\\/portal\\\/?p=170947\",\"url\":\"https:\\\/\\\/aconteceunovale.com.br\\\/portal\\\/?p=170947\",\"name\":\"Novo ministro do Turismo apela para que governantes n\u00e3o decretem lockdown - Aconteceu no Vale\",\"isPartOf\":{\"@id\":\"https:\\\/\\\/aconteceunovale.com.br\\\/portal\\\/#website\"},\"primaryImageOfPage\":{\"@id\":\"https:\\\/\\\/aconteceunovale.com.br\\\/portal\\\/?p=170947#primaryimage\"},\"image\":{\"@id\":\"https:\\\/\\\/aconteceunovale.com.br\\\/portal\\\/?p=170947#primaryimage\"},\"thumbnailUrl\":\"https:\\\/\\\/aconteceunovale.com.br\\\/portal\\\/wp-content\\\/uploads\\\/2020\\\/12\\\/gilson_machado.jpg\",\"datePublished\":\"2020-12-17T16:55:31+00:00\",\"dateModified\":\"2020-12-17T16:56:15+00:00\",\"author\":{\"@id\":\"https:\\\/\\\/aconteceunovale.com.br\\\/portal\\\/#\\\/schema\\\/person\\\/7d2f26d1483f8a63de73da1ee0754d35\"},\"breadcrumb\":{\"@id\":\"https:\\\/\\\/aconteceunovale.com.br\\\/portal\\\/?p=170947#breadcrumb\"},\"inLanguage\":\"pt-BR\",\"potentialAction\":[{\"@type\":\"ReadAction\",\"target\":[\"https:\\\/\\\/aconteceunovale.com.br\\\/portal\\\/?p=170947\"]}]},{\"@type\":\"ImageObject\",\"inLanguage\":\"pt-BR\",\"@id\":\"https:\\\/\\\/aconteceunovale.com.br\\\/portal\\\/?p=170947#primaryimage\",\"url\":\"https:\\\/\\\/aconteceunovale.com.br\\\/portal\\\/wp-content\\\/uploads\\\/2020\\\/12\\\/gilson_machado.jpg\",\"contentUrl\":\"https:\\\/\\\/aconteceunovale.com.br\\\/portal\\\/wp-content\\\/uploads\\\/2020\\\/12\\\/gilson_machado.jpg\",\"width\":678,\"height\":406,\"caption\":\"Gilson Machado, Ministro empossando de Estado do Turismo, senador Fernando Collor e Presidente Jair Bolsonaro, durante cerim\u00f4nia de Posse do ministro do Turismo\"},{\"@type\":\"BreadcrumbList\",\"@id\":\"https:\\\/\\\/aconteceunovale.com.br\\\/portal\\\/?p=170947#breadcrumb\",\"itemListElement\":[{\"@type\":\"ListItem\",\"position\":1,\"name\":\"In\u00edcio\",\"item\":\"https:\\\/\\\/aconteceunovale.com.br\\\/portal\\\/\"},{\"@type\":\"ListItem\",\"position\":2,\"name\":\"Novo ministro do Turismo apela para que governantes n\u00e3o decretem lockdown\"}]},{\"@type\":\"WebSite\",\"@id\":\"https:\\\/\\\/aconteceunovale.com.br\\\/portal\\\/#website\",\"url\":\"https:\\\/\\\/aconteceunovale.com.br\\\/portal\\\/\",\"name\":\"Aconteceu no Vale\",\"description\":\"Portal de Not\u00edcias\",\"potentialAction\":[{\"@type\":\"SearchAction\",\"target\":{\"@type\":\"EntryPoint\",\"urlTemplate\":\"https:\\\/\\\/aconteceunovale.com.br\\\/portal\\\/?s={search_term_string}\"},\"query-input\":{\"@type\":\"PropertyValueSpecification\",\"valueRequired\":true,\"valueName\":\"search_term_string\"}}],\"inLanguage\":\"pt-BR\"},{\"@type\":\"Person\",\"@id\":\"https:\\\/\\\/aconteceunovale.com.br\\\/portal\\\/#\\\/schema\\\/person\\\/7d2f26d1483f8a63de73da1ee0754d35\",\"name\":\"Reda\u00e7\u00e3o Aconteceu no Vale\",\"description\":\"Equipe de reportagem do Aconteceu no Vale, portal de not\u00edcias do Vale do Jequitinhonha, em Minas Gerais. Cobrimos as 51 cidades do Vale desde 2013. Sugest\u00f5es de pauta e pedidos de corre\u00e7\u00e3o: contato@aconteceunovale.com.br\",\"url\":\"https:\\\/\\\/aconteceunovale.com.br\\\/portal\\\/?author=4\"}]}<\/script>\n<!-- \/ Yoast SEO plugin. -->","yoast_head_json":{"title":"Novo ministro do Turismo apela para que governantes n\u00e3o decretem lockdown - Aconteceu no Vale","robots":{"index":"index","follow":"follow","max-snippet":"max-snippet:-1","max-image-preview":"max-image-preview:large","max-video-preview":"max-video-preview:-1"},"canonical":"https:\/\/aconteceunovale.com.br\/portal\/?p=170947","og_locale":"pt_BR","og_type":"article","og_title":"Novo ministro do Turismo apela para que governantes n\u00e3o decretem lockdown - Aconteceu no Vale","og_description":"O novo ministro do Turismo, Gilson Machado, fez um apelo hoje (17) para que governadores e prefeitos n\u00e3o decretem&nbsp;lockdown&nbsp;(fechamento total) das atividades, em raz\u00e3o da pandemia de covid-19. \u201cO trade (atividades do setor do turismo) n\u00e3o aguenta a decreta\u00e7\u00e3o de um segundo&nbsp;lockdown. O empres\u00e1rio do turismo, que gera emprego e renda, hoje tem mais medo [&hellip;]","og_url":"https:\/\/aconteceunovale.com.br\/portal\/?p=170947","og_site_name":"Aconteceu no Vale","article_publisher":"https:\/\/www.facebook.com\/aconteceunovale\/","article_published_time":"2020-12-17T16:55:31+00:00","article_modified_time":"2020-12-17T16:56:15+00:00","og_image":[{"width":678,"height":406,"url":"https:\/\/aconteceunovale.com.br\/portal\/wp-content\/uploads\/2020\/12\/gilson_machado.jpg","type":"image\/jpeg"}],"author":"Reda\u00e7\u00e3o Aconteceu no Vale","twitter_card":"summary_large_image","twitter_creator":"@noticiadosvales","twitter_site":"@noticiadosvales","twitter_misc":{"Escrito por":"Reda\u00e7\u00e3o Aconteceu no Vale","Est. tempo de leitura":"3 minutos"},"schema":{"@context":"https:\/\/schema.org","@graph":[{"@type":"Article","@id":"https:\/\/aconteceunovale.com.br\/portal\/?p=170947#article","isPartOf":{"@id":"https:\/\/aconteceunovale.com.br\/portal\/?p=170947"},"author":{"name":"Reda\u00e7\u00e3o Aconteceu no Vale","@id":"https:\/\/aconteceunovale.com.br\/portal\/#\/schema\/person\/7d2f26d1483f8a63de73da1ee0754d35"},"headline":"Novo ministro do Turismo apela para que governantes n\u00e3o decretem lockdown","datePublished":"2020-12-17T16:55:31+00:00","dateModified":"2020-12-17T16:56:15+00:00","mainEntityOfPage":{"@id":"https:\/\/aconteceunovale.com.br\/portal\/?p=170947"},"wordCount":538,"commentCount":0,"image":{"@id":"https:\/\/aconteceunovale.com.br\/portal\/?p=170947#primaryimage"},"thumbnailUrl":"https:\/\/aconteceunovale.com.br\/portal\/wp-content\/uploads\/2020\/12\/gilson_machado.jpg","keywords":["Bolsonaro","Bolsonaro exonera Marcelo \u00c1lvaro Ant\u00f4nio do Minist\u00e9rio do Turismo","B\u00fazios","Carlos Alberto Gomes de Brito","Coronav\u00edrus","Coronav\u00edrus em B\u00fazios","COVID-19","Covid-19 em B\u00fazios","destaque","Embratur","Fechamento de B\u00fazios","Fechamento de hot\u00e9is em B\u00fazios","Fechamento de praias em B\u00fazios","Gilson Machado","Gilson Machado Guimar\u00e3es Neto","Jair Bolsonaro","Justi\u00e7a do Rio de Janeiro determina fechamento de hot\u00e9is e praias de B\u00fazios","Marcelo \u00c1lvaro Ant\u00f4nio","Marcelo \u00c1lvaro Ant\u00f4nio \u00e9 exonerado do Minist\u00e9rio do Turismo","Marcelo Henrique Teixeira Dias","Minist\u00e9rio do Turismo","ministro do Turismo","Novo ministro do Turismo","pandemia","Posse de Gilson Machado","Posse do Novo ministro do Turismo","Rio de Janeiro"],"articleSection":["Brasil","Pol\u00edtica"],"inLanguage":"pt-BR","potentialAction":[{"@type":"CommentAction","name":"Comment","target":["https:\/\/aconteceunovale.com.br\/portal\/?p=170947#respond"]}]},{"@type":"WebPage","@id":"https:\/\/aconteceunovale.com.br\/portal\/?p=170947","url":"https:\/\/aconteceunovale.com.br\/portal\/?p=170947","name":"Novo ministro do Turismo apela para que governantes n\u00e3o decretem lockdown - Aconteceu no Vale","isPartOf":{"@id":"https:\/\/aconteceunovale.com.br\/portal\/#website"},"primaryImageOfPage":{"@id":"https:\/\/aconteceunovale.com.br\/portal\/?p=170947#primaryimage"},"image":{"@id":"https:\/\/aconteceunovale.com.br\/portal\/?p=170947#primaryimage"},"thumbnailUrl":"https:\/\/aconteceunovale.com.br\/portal\/wp-content\/uploads\/2020\/12\/gilson_machado.jpg","datePublished":"2020-12-17T16:55:31+00:00","dateModified":"2020-12-17T16:56:15+00:00","author":{"@id":"https:\/\/aconteceunovale.com.br\/portal\/#\/schema\/person\/7d2f26d1483f8a63de73da1ee0754d35"},"breadcrumb":{"@id":"https:\/\/aconteceunovale.com.br\/portal\/?p=170947#breadcrumb"},"inLanguage":"pt-BR","potentialAction":[{"@type":"ReadAction","target":["https:\/\/aconteceunovale.com.br\/portal\/?p=170947"]}]},{"@type":"ImageObject","inLanguage":"pt-BR","@id":"https:\/\/aconteceunovale.com.br\/portal\/?p=170947#primaryimage","url":"https:\/\/aconteceunovale.com.br\/portal\/wp-content\/uploads\/2020\/12\/gilson_machado.jpg","contentUrl":"https:\/\/aconteceunovale.com.br\/portal\/wp-content\/uploads\/2020\/12\/gilson_machado.jpg","width":678,"height":406,"caption":"Gilson Machado, Ministro empossando de Estado do Turismo, senador Fernando Collor e Presidente Jair Bolsonaro, durante cerim\u00f4nia de Posse do ministro do Turismo"},{"@type":"BreadcrumbList","@id":"https:\/\/aconteceunovale.com.br\/portal\/?p=170947#breadcrumb","itemListElement":[{"@type":"ListItem","position":1,"name":"In\u00edcio","item":"https:\/\/aconteceunovale.com.br\/portal\/"},{"@type":"ListItem","position":2,"name":"Novo ministro do Turismo apela para que governantes n\u00e3o decretem lockdown"}]},{"@type":"WebSite","@id":"https:\/\/aconteceunovale.com.br\/portal\/#website","url":"https:\/\/aconteceunovale.com.br\/portal\/","name":"Aconteceu no Vale","description":"Portal de Not\u00edcias","potentialAction":[{"@type":"SearchAction","target":{"@type":"EntryPoint","urlTemplate":"https:\/\/aconteceunovale.com.br\/portal\/?s={search_term_string}"},"query-input":{"@type":"PropertyValueSpecification","valueRequired":true,"valueName":"search_term_string"}}],"inLanguage":"pt-BR"},{"@type":"Person","@id":"https:\/\/aconteceunovale.com.br\/portal\/#\/schema\/person\/7d2f26d1483f8a63de73da1ee0754d35","name":"Reda\u00e7\u00e3o Aconteceu no Vale","description":"Equipe de reportagem do Aconteceu no Vale, portal de not\u00edcias do Vale do Jequitinhonha, em Minas Gerais. Cobrimos as 51 cidades do Vale desde 2013. Sugest\u00f5es de pauta e pedidos de corre\u00e7\u00e3o: contato@aconteceunovale.com.br","url":"https:\/\/aconteceunovale.com.br\/portal\/?author=4"}]}},"_links":{"self":[{"href":"https:\/\/aconteceunovale.com.br\/portal\/index.php?rest_route=\/wp\/v2\/posts\/170947","targetHints":{"allow":["GET"]}}],"collection":[{"href":"https:\/\/aconteceunovale.com.br\/portal\/index.php?rest_route=\/wp\/v2\/posts"}],"about":[{"href":"https:\/\/aconteceunovale.com.br\/portal\/index.php?rest_route=\/wp\/v2\/types\/post"}],"author":[{"embeddable":true,"href":"https:\/\/aconteceunovale.com.br\/portal\/index.php?rest_route=\/wp\/v2\/users\/4"}],"replies":[{"embeddable":true,"href":"https:\/\/aconteceunovale.com.br\/portal\/index.php?rest_route=%2Fwp%2Fv2%2Fcomments&post=170947"}],"version-history":[{"count":1,"href":"https:\/\/aconteceunovale.com.br\/portal\/index.php?rest_route=\/wp\/v2\/posts\/170947\/revisions"}],"predecessor-version":[{"id":170949,"href":"https:\/\/aconteceunovale.com.br\/portal\/index.php?rest_route=\/wp\/v2\/posts\/170947\/revisions\/170949"}],"wp:featuredmedia":[{"embeddable":true,"href":"https:\/\/aconteceunovale.com.br\/portal\/index.php?rest_route=\/wp\/v2\/media\/170948"}],"wp:attachment":[{"href":"https:\/\/aconteceunovale.com.br\/portal\/index.php?rest_route=%2Fwp%2Fv2%2Fmedia&parent=170947"}],"wp:term":[{"taxonomy":"category","embeddable":true,"href":"https:\/\/aconteceunovale.com.br\/portal\/index.php?rest_route=%2Fwp%2Fv2%2Fcategories&post=170947"},{"taxonomy":"post_tag","embeddable":true,"href":"https:\/\/aconteceunovale.com.br\/portal\/index.php?rest_route=%2Fwp%2Fv2%2Ftags&post=170947"}],"curies":[{"name":"wp","href":"https:\/\/api.w.org\/{rel}","templated":true}]}}