{"id":170944,"date":"2020-12-17T12:43:46","date_gmt":"2020-12-17T15:43:46","guid":{"rendered":"https:\/\/aconteceunovale.com.br\/portal\/?p=170944"},"modified":"2020-12-17T12:44:19","modified_gmt":"2020-12-17T15:44:19","slug":"governo-federal-destina-r-20-bilhoes-para-vacinacao-da-populacao-contra-covid-19","status":"publish","type":"post","link":"https:\/\/aconteceunovale.com.br\/portal\/?p=170944","title":{"rendered":"Governo federal destina R$ 20 bilh\u00f5es para vacina\u00e7\u00e3o da popula\u00e7\u00e3o contra Covid-19"},"content":{"rendered":"\n<p class=\"wp-block-paragraph\">O presidente Jair Bolsonaro assinou hoje (17\/12\/2020) uma Medida Provis\u00f3ria (MP) que abre cr\u00e9dito extraordin\u00e1rio de R$ 20 bilh\u00f5es, em favor do Minist\u00e9rio da Sa\u00fade, para a vacina\u00e7\u00e3o da popula\u00e7\u00e3o contra a covid-19. O ato ocorreu durante a cerim\u00f4nia de posse do novo ministro do Turismo, Gilson Machado, no Pal\u00e1cio do Planalto.<img decoding=\"async\" src=\"https:\/\/agenciabrasil.ebc.com.br\/ebc.png?id=1396705&amp;o=node\"><img decoding=\"async\" src=\"https:\/\/agenciabrasil.ebc.com.br\/ebc.gif?id=1396705&amp;o=node\"><\/p>\n\n\n\n<p class=\"wp-block-paragraph\">\u201cT\u00e3o logo tenhamos uma vacina certificada pela Anvisa [Ag\u00eancia Nacional de Vigil\u00e2ncia Sanit\u00e1ria], ela estar\u00e1 a disposi\u00e7\u00e3o de todos no Brasil, de forma gratuita e volunt\u00e1ria\u201d, disse Bolsonaro. A MP deve ser publicada ainda nesta quinta-feira em edi\u00e7\u00e3o extra do&nbsp;<em>Di\u00e1rio Oficial da Uni\u00e3o<\/em>.<\/p>\n\n\n\n<p class=\"wp-block-paragraph\">Em nota, a Secretaria-Geral da Presid\u00eancia explicou que o valor cobrir\u00e1 as despesas com a compra das doses de vacina, seringas, agulhas, log\u00edstica, comunica\u00e7\u00e3o e todas as despesas que sejam necess\u00e1rias para vacinar a popula\u00e7\u00e3o. O montante, ainda segundo a pasta, n\u00e3o \u00e9 destinado a nenhuma vacina espec\u00edfica e poder\u00e1 ser utilizado conforme o planejamento e as necessidades do Minist\u00e9rio da Sa\u00fade.<\/p>\n\n\n\n<p class=\"wp-block-paragraph\">\u201cA medida permitir\u00e1 que as autoridades de sa\u00fade brasileiras fiquem em condi\u00e7\u00f5es de adquirir as primeiras vacinas que tenham o seu uso autorizado pela Ag\u00eancia Nacional de Vigil\u00e2ncia Sanit\u00e1ria (Anvisa) e que apresentem possibilidade de r\u00e1pida disponibiliza\u00e7\u00e3o \u00e0 popula\u00e7\u00e3o brasileira\u201d, diz a nota.<\/p>\n\n\n\n<p class=\"wp-block-paragraph\">De acordo com o governo federal, o valor ser\u00e1 financiado com o uso de super\u00e1vit financeiro de exerc\u00edcios anteriores e, como se trata de um cr\u00e9dito extraordin\u00e1rio, ele n\u00e3o depende da aprova\u00e7\u00e3o da Lei Or\u00e7ament\u00e1ria de 2021. \u201cEmbora a medida em tela seja enviada ao Legislativo para posterior confirma\u00e7\u00e3o, os recursos j\u00e1 ficar\u00e3o dispon\u00edveis imediatamente e poder\u00e3o ser utilizados desde j\u00e1 pelo Minist\u00e9rio da Sa\u00fade. A medida \u00e9 mais uma das a\u00e7\u00f5es empreendidas pelo governo federal visando diminuir os graves impactos econ\u00f4micos pela pandemia do covid-19\u201d, explicou a Secretaria-Geral.<\/p>\n\n\n\n<p class=\"wp-block-paragraph\">De acordo com o Plano Nacional de Operacionaliza\u00e7\u00e3o da Vacina contra a Covid-19, apresentado esta semana pelo\u00a0Minist\u00e9rio da Sa\u00fade, o governo federal j\u00e1 disponibilizou R$ 1,9 bilh\u00e3o de encomenda tecnol\u00f3gica associada \u00e0 aquisi\u00e7\u00e3o de 100,4 milh\u00f5es de doses de vacina pela AstraZeneca\/Fiocruz e R$ 2,5 bilh\u00f5es para ades\u00e3o ao Cons\u00f3rcio Covax Facitity, associado \u00e0 aquisi\u00e7\u00e3o de 42 milh\u00f5es de doses de vacinas.<\/p>\n\n\n\n<p class=\"wp-block-paragraph\">Al\u00e9m disso, h\u00e1 outros R$ 177,6 milh\u00f5es para custeio e investimento na Rede de Frio, na moderniza\u00e7\u00e3o dos Centros de Refer\u00eancia para Imunobiol\u00f3gicos Especiais (CRIEs), no fortalecimento e amplia\u00e7\u00e3o da vigil\u00e2ncia de s\u00edndromes respirat\u00f3rias. Tamb\u00e9m outros R$ 62 milh\u00f5es foram investidos para aquisi\u00e7\u00e3o de mais 300 milh\u00f5es de seringas e agulhas.<\/p>\n\n\n\n<p class=\"has-white-color has-vivid-cyan-blue-background-color has-text-color has-background wp-block-paragraph\">Quer saber as not\u00edcias do <strong>Aconteceu no Vale<\/strong> em primeira m\u00e3o? Siga-nos no Facebook <a rel=\"noreferrer noopener\" href=\"http:\/\/facebook.com\/aconteceunovale\" target=\"_blank\">@aconteceunovale<\/a>, Twitter <a rel=\"noreferrer noopener\" href=\"https:\/\/twitter.com\/noticiadosvales\" target=\"_blank\">@noticiadosvales<\/a> e Instagram <a rel=\"noreferrer noopener\" href=\"https:\/\/www.instagram.com\/aconteceunovale\" target=\"_blank\">@aconteceunovale<\/a>.<\/p>\n","protected":false},"excerpt":{"rendered":"<p>O presidente Jair Bolsonaro assinou hoje (17\/12\/2020) uma Medida Provis\u00f3ria (MP) que abre cr\u00e9dito extraordin\u00e1rio de R$ 20 bilh\u00f5es, em favor do Minist\u00e9rio da Sa\u00fade, para a vacina\u00e7\u00e3o da popula\u00e7\u00e3o contra a covid-19. O ato ocorreu durante a cerim\u00f4nia de posse do novo ministro do Turismo, Gilson Machado, no Pal\u00e1cio do Planalto. \u201cT\u00e3o logo tenhamos [&hellip;]<\/p>\n","protected":false},"author":4,"featured_media":170945,"comment_status":"open","ping_status":"closed","sticky":false,"template":"","format":"standard","meta":{"amp_status":"","footnotes":""},"categories":[6,40240,40242],"tags":[2278,224214,231977,231973,231971,223154,232689,223372,214884,231972,231979,216498,1018,94947,43376,231975,231970,19326,232698,215653,125970,140166,39755,231965,232690,231968,231966,231964,231969,231967,232697,232785,225780,231980,231978,231974,230828,230840,231976],"class_list":["post-170944","post","type-post","status-publish","format-standard","has-post-thumbnail","hentry","category-br","category-politica","category-saude-2","tag-anvisa","tag-astrazeneca","tag-baharat-biontech","tag-biontech","tag-conasems","tag-conass","tag-confira-o-lancamento-do-plano-nacional-de-vacinacao-contra-a-covid-19","tag-coronavac","tag-coronavirus","tag-covax-facility","tag-covaxin","tag-covid-19","tag-destaque","tag-fundacao-oswaldo-cruz","tag-instituto-butantan","tag-instituto-gamaleya","tag-instituto-tecnologico-do-parana","tag-ministerio-da-saude","tag-ministerio-da-saude-lanca-campanha-para-estimular-vacinacao-contra-a-covid-19","tag-novo-coronavirus","tag-oxford","tag-pandemia","tag-pfizer","tag-plano-de-vacinacao-contra-a-covid-19","tag-plano-de-vacinacao-contra-o-coronavirus","tag-plano-de-vacinacao-contra-o-novo-coronavirus","tag-plano-nacional-de-vacinacao-contra-a-covid-19","tag-plano-nacional-de-vacinacao-contra-a-covid-19-tera-quatro-fases","tag-plano-nacional-de-vacinacao-contra-o-novo-coronavirus","tag-plano-nacional-de-vacinacao-contra-o-novo-coronavirus-tera-quatro-fases","tag-presidente-pede-uniao-a-governadores-na-luta-contra-a-covid-19","tag-r-20-bilhoes-para-vacinacao-da-populacao-contra-covid-19","tag-sinovac","tag-sputinik-v","tag-vacina-da-baharat-biontech","tag-vacina-da-biontech","tag-vacina-da-pfizer","tag-vacina-da-sinovac","tag-vacina-do-instituto-gamaleya"],"yoast_head":"<!-- This site is optimized with the Yoast SEO plugin v28.3 - https:\/\/yoast.com\/product\/yoast-seo-wordpress\/ -->\n<title>Governo federal destina R$ 20 bilh\u00f5es para vacina\u00e7\u00e3o da popula\u00e7\u00e3o contra Covid-19 - Aconteceu no Vale<\/title>\n<meta name=\"robots\" content=\"index, follow, max-snippet:-1, max-image-preview:large, max-video-preview:-1\" \/>\n<link rel=\"canonical\" href=\"https:\/\/aconteceunovale.com.br\/portal\/?p=170944\" \/>\n<meta property=\"og:locale\" content=\"pt_BR\" \/>\n<meta property=\"og:type\" content=\"article\" \/>\n<meta property=\"og:title\" content=\"Governo federal destina R$ 20 bilh\u00f5es para vacina\u00e7\u00e3o da popula\u00e7\u00e3o contra Covid-19 - Aconteceu no Vale\" \/>\n<meta property=\"og:description\" content=\"O presidente Jair Bolsonaro assinou hoje (17\/12\/2020) uma Medida Provis\u00f3ria (MP) que abre cr\u00e9dito extraordin\u00e1rio de R$ 20 bilh\u00f5es, em favor do Minist\u00e9rio da Sa\u00fade, para a vacina\u00e7\u00e3o da popula\u00e7\u00e3o contra a covid-19. O ato ocorreu durante a cerim\u00f4nia de posse do novo ministro do Turismo, Gilson Machado, no Pal\u00e1cio do Planalto. \u201cT\u00e3o logo tenhamos [&hellip;]\" \/>\n<meta property=\"og:url\" content=\"https:\/\/aconteceunovale.com.br\/portal\/?p=170944\" \/>\n<meta property=\"og:site_name\" content=\"Aconteceu no Vale\" \/>\n<meta property=\"article:publisher\" content=\"https:\/\/www.facebook.com\/aconteceunovale\/\" \/>\n<meta property=\"article:published_time\" content=\"2020-12-17T15:43:46+00:00\" \/>\n<meta property=\"article:modified_time\" content=\"2020-12-17T15:44:19+00:00\" \/>\n<meta property=\"og:image\" content=\"https:\/\/aconteceunovale.com.br\/portal\/wp-content\/uploads\/2020\/12\/bolsonaro.jpg\" \/>\n\t<meta property=\"og:image:width\" content=\"678\" \/>\n\t<meta property=\"og:image:height\" content=\"406\" \/>\n\t<meta property=\"og:image:type\" content=\"image\/jpeg\" \/>\n<meta name=\"author\" content=\"Reda\u00e7\u00e3o Aconteceu no Vale\" \/>\n<meta name=\"twitter:card\" content=\"summary_large_image\" \/>\n<meta name=\"twitter:creator\" content=\"@noticiadosvales\" \/>\n<meta name=\"twitter:site\" content=\"@noticiadosvales\" \/>\n<meta name=\"twitter:label1\" content=\"Escrito por\" \/>\n\t<meta name=\"twitter:data1\" content=\"Reda\u00e7\u00e3o Aconteceu no Vale\" \/>\n\t<meta name=\"twitter:label2\" content=\"Est. tempo de leitura\" \/>\n\t<meta name=\"twitter:data2\" content=\"2 minutos\" \/>\n<script type=\"application\/ld+json\" class=\"yoast-schema-graph\">{\"@context\":\"https:\\\/\\\/schema.org\",\"@graph\":[{\"@type\":\"Article\",\"@id\":\"https:\\\/\\\/aconteceunovale.com.br\\\/portal\\\/?p=170944#article\",\"isPartOf\":{\"@id\":\"https:\\\/\\\/aconteceunovale.com.br\\\/portal\\\/?p=170944\"},\"author\":{\"name\":\"Reda\u00e7\u00e3o Aconteceu no Vale\",\"@id\":\"https:\\\/\\\/aconteceunovale.com.br\\\/portal\\\/#\\\/schema\\\/person\\\/7d2f26d1483f8a63de73da1ee0754d35\"},\"headline\":\"Governo federal destina R$ 20 bilh\u00f5es para vacina\u00e7\u00e3o da popula\u00e7\u00e3o contra Covid-19\",\"datePublished\":\"2020-12-17T15:43:46+00:00\",\"dateModified\":\"2020-12-17T15:44:19+00:00\",\"mainEntityOfPage\":{\"@id\":\"https:\\\/\\\/aconteceunovale.com.br\\\/portal\\\/?p=170944\"},\"wordCount\":504,\"commentCount\":0,\"image\":{\"@id\":\"https:\\\/\\\/aconteceunovale.com.br\\\/portal\\\/?p=170944#primaryimage\"},\"thumbnailUrl\":\"https:\\\/\\\/aconteceunovale.com.br\\\/portal\\\/wp-content\\\/uploads\\\/2020\\\/12\\\/bolsonaro.jpg\",\"keywords\":[\"Anvisa\",\"AstraZeneca\",\"Baharat Biontech\",\"Biontech\",\"Conasems\",\"CONASS\",\"Confira o lan\u00e7amento do plano nacional de vacina\u00e7\u00e3o contra a Covid-19\",\"CoronaVac\",\"Coronav\u00edrus\",\"Covax Facility\",\"Covaxin\",\"COVID-19\",\"destaque\",\"Funda\u00e7\u00e3o Oswaldo Cruz\",\"Instituto Butantan\",\"Instituto Gamaleya\",\"Instituto Tecnol\u00f3gico do Paran\u00e1\",\"Minist\u00e9rio da Sa\u00fade\",\"Minist\u00e9rio da Sa\u00fade lan\u00e7a campanha para estimular vacina\u00e7\u00e3o contra a Covid-19\",\"Novo coronav\u00edrus\",\"Oxford\",\"pandemia\",\"Pfizer\",\"Plano de vacina\u00e7\u00e3o contra a Covid-19\",\"Plano de vacina\u00e7\u00e3o contra o coronav\u00edrus\",\"Plano de vacina\u00e7\u00e3o contra o novo coronav\u00edrus\",\"Plano nacional de vacina\u00e7\u00e3o contra a Covid-19\",\"Plano nacional de vacina\u00e7\u00e3o contra a Covid-19 ter\u00e1 quatro fases\",\"Plano nacional de vacina\u00e7\u00e3o contra o novo coronav\u00edrus\",\"Plano nacional de vacina\u00e7\u00e3o contra o novo coronav\u00edrus ter\u00e1 quatro fases\",\"Presidente pede uni\u00e3o a governadores na luta contra a Covid-19\",\"R$ 20 bilh\u00f5es para vacina\u00e7\u00e3o da popula\u00e7\u00e3o contra Covid-19\",\"Sinovac\",\"Sputinik V\",\"Vacina da Baharat Biontech\",\"Vacina da Biontech\",\"Vacina da Pfizer\",\"Vacina da Sinovac\",\"Vacina do Instituto Gamaleya\"],\"articleSection\":[\"Brasil\",\"Pol\u00edtica\",\"Sa\u00fade\"],\"inLanguage\":\"pt-BR\",\"potentialAction\":[{\"@type\":\"CommentAction\",\"name\":\"Comment\",\"target\":[\"https:\\\/\\\/aconteceunovale.com.br\\\/portal\\\/?p=170944#respond\"]}]},{\"@type\":\"WebPage\",\"@id\":\"https:\\\/\\\/aconteceunovale.com.br\\\/portal\\\/?p=170944\",\"url\":\"https:\\\/\\\/aconteceunovale.com.br\\\/portal\\\/?p=170944\",\"name\":\"Governo federal destina R$ 20 bilh\u00f5es para vacina\u00e7\u00e3o da popula\u00e7\u00e3o contra Covid-19 - Aconteceu no Vale\",\"isPartOf\":{\"@id\":\"https:\\\/\\\/aconteceunovale.com.br\\\/portal\\\/#website\"},\"primaryImageOfPage\":{\"@id\":\"https:\\\/\\\/aconteceunovale.com.br\\\/portal\\\/?p=170944#primaryimage\"},\"image\":{\"@id\":\"https:\\\/\\\/aconteceunovale.com.br\\\/portal\\\/?p=170944#primaryimage\"},\"thumbnailUrl\":\"https:\\\/\\\/aconteceunovale.com.br\\\/portal\\\/wp-content\\\/uploads\\\/2020\\\/12\\\/bolsonaro.jpg\",\"datePublished\":\"2020-12-17T15:43:46+00:00\",\"dateModified\":\"2020-12-17T15:44:19+00:00\",\"author\":{\"@id\":\"https:\\\/\\\/aconteceunovale.com.br\\\/portal\\\/#\\\/schema\\\/person\\\/7d2f26d1483f8a63de73da1ee0754d35\"},\"breadcrumb\":{\"@id\":\"https:\\\/\\\/aconteceunovale.com.br\\\/portal\\\/?p=170944#breadcrumb\"},\"inLanguage\":\"pt-BR\",\"potentialAction\":[{\"@type\":\"ReadAction\",\"target\":[\"https:\\\/\\\/aconteceunovale.com.br\\\/portal\\\/?p=170944\"]}]},{\"@type\":\"ImageObject\",\"inLanguage\":\"pt-BR\",\"@id\":\"https:\\\/\\\/aconteceunovale.com.br\\\/portal\\\/?p=170944#primaryimage\",\"url\":\"https:\\\/\\\/aconteceunovale.com.br\\\/portal\\\/wp-content\\\/uploads\\\/2020\\\/12\\\/bolsonaro.jpg\",\"contentUrl\":\"https:\\\/\\\/aconteceunovale.com.br\\\/portal\\\/wp-content\\\/uploads\\\/2020\\\/12\\\/bolsonaro.jpg\",\"width\":678,\"height\":406,\"caption\":\"O presidente Jair Bolsonaro durante solenidade de A\u00e7\u00e3o de Gra\u00e7as, no Pal\u00e1cio do Planalto.\"},{\"@type\":\"BreadcrumbList\",\"@id\":\"https:\\\/\\\/aconteceunovale.com.br\\\/portal\\\/?p=170944#breadcrumb\",\"itemListElement\":[{\"@type\":\"ListItem\",\"position\":1,\"name\":\"In\u00edcio\",\"item\":\"https:\\\/\\\/aconteceunovale.com.br\\\/portal\\\/\"},{\"@type\":\"ListItem\",\"position\":2,\"name\":\"Governo federal destina R$ 20 bilh\u00f5es para vacina\u00e7\u00e3o da popula\u00e7\u00e3o contra Covid-19\"}]},{\"@type\":\"WebSite\",\"@id\":\"https:\\\/\\\/aconteceunovale.com.br\\\/portal\\\/#website\",\"url\":\"https:\\\/\\\/aconteceunovale.com.br\\\/portal\\\/\",\"name\":\"Aconteceu no Vale\",\"description\":\"Portal de Not\u00edcias\",\"potentialAction\":[{\"@type\":\"SearchAction\",\"target\":{\"@type\":\"EntryPoint\",\"urlTemplate\":\"https:\\\/\\\/aconteceunovale.com.br\\\/portal\\\/?s={search_term_string}\"},\"query-input\":{\"@type\":\"PropertyValueSpecification\",\"valueRequired\":true,\"valueName\":\"search_term_string\"}}],\"inLanguage\":\"pt-BR\"},{\"@type\":\"Person\",\"@id\":\"https:\\\/\\\/aconteceunovale.com.br\\\/portal\\\/#\\\/schema\\\/person\\\/7d2f26d1483f8a63de73da1ee0754d35\",\"name\":\"Reda\u00e7\u00e3o Aconteceu no Vale\",\"description\":\"Equipe de reportagem do Aconteceu no Vale, portal de not\u00edcias do Vale do Jequitinhonha, em Minas Gerais. Cobrimos as 51 cidades do Vale desde 2013. Sugest\u00f5es de pauta e pedidos de corre\u00e7\u00e3o: contato@aconteceunovale.com.br\",\"url\":\"https:\\\/\\\/aconteceunovale.com.br\\\/portal\\\/?author=4\"}]}<\/script>\n<!-- \/ Yoast SEO plugin. -->","yoast_head_json":{"title":"Governo federal destina R$ 20 bilh\u00f5es para vacina\u00e7\u00e3o da popula\u00e7\u00e3o contra Covid-19 - Aconteceu no Vale","robots":{"index":"index","follow":"follow","max-snippet":"max-snippet:-1","max-image-preview":"max-image-preview:large","max-video-preview":"max-video-preview:-1"},"canonical":"https:\/\/aconteceunovale.com.br\/portal\/?p=170944","og_locale":"pt_BR","og_type":"article","og_title":"Governo federal destina R$ 20 bilh\u00f5es para vacina\u00e7\u00e3o da popula\u00e7\u00e3o contra Covid-19 - Aconteceu no Vale","og_description":"O presidente Jair Bolsonaro assinou hoje (17\/12\/2020) uma Medida Provis\u00f3ria (MP) que abre cr\u00e9dito extraordin\u00e1rio de R$ 20 bilh\u00f5es, em favor do Minist\u00e9rio da Sa\u00fade, para a vacina\u00e7\u00e3o da popula\u00e7\u00e3o contra a covid-19. O ato ocorreu durante a cerim\u00f4nia de posse do novo ministro do Turismo, Gilson Machado, no Pal\u00e1cio do Planalto. \u201cT\u00e3o logo tenhamos [&hellip;]","og_url":"https:\/\/aconteceunovale.com.br\/portal\/?p=170944","og_site_name":"Aconteceu no Vale","article_publisher":"https:\/\/www.facebook.com\/aconteceunovale\/","article_published_time":"2020-12-17T15:43:46+00:00","article_modified_time":"2020-12-17T15:44:19+00:00","og_image":[{"width":678,"height":406,"url":"https:\/\/aconteceunovale.com.br\/portal\/wp-content\/uploads\/2020\/12\/bolsonaro.jpg","type":"image\/jpeg"}],"author":"Reda\u00e7\u00e3o Aconteceu no Vale","twitter_card":"summary_large_image","twitter_creator":"@noticiadosvales","twitter_site":"@noticiadosvales","twitter_misc":{"Escrito por":"Reda\u00e7\u00e3o Aconteceu no Vale","Est. tempo de leitura":"2 minutos"},"schema":{"@context":"https:\/\/schema.org","@graph":[{"@type":"Article","@id":"https:\/\/aconteceunovale.com.br\/portal\/?p=170944#article","isPartOf":{"@id":"https:\/\/aconteceunovale.com.br\/portal\/?p=170944"},"author":{"name":"Reda\u00e7\u00e3o Aconteceu no Vale","@id":"https:\/\/aconteceunovale.com.br\/portal\/#\/schema\/person\/7d2f26d1483f8a63de73da1ee0754d35"},"headline":"Governo federal destina R$ 20 bilh\u00f5es para vacina\u00e7\u00e3o da popula\u00e7\u00e3o contra Covid-19","datePublished":"2020-12-17T15:43:46+00:00","dateModified":"2020-12-17T15:44:19+00:00","mainEntityOfPage":{"@id":"https:\/\/aconteceunovale.com.br\/portal\/?p=170944"},"wordCount":504,"commentCount":0,"image":{"@id":"https:\/\/aconteceunovale.com.br\/portal\/?p=170944#primaryimage"},"thumbnailUrl":"https:\/\/aconteceunovale.com.br\/portal\/wp-content\/uploads\/2020\/12\/bolsonaro.jpg","keywords":["Anvisa","AstraZeneca","Baharat Biontech","Biontech","Conasems","CONASS","Confira o lan\u00e7amento do plano nacional de vacina\u00e7\u00e3o contra a Covid-19","CoronaVac","Coronav\u00edrus","Covax Facility","Covaxin","COVID-19","destaque","Funda\u00e7\u00e3o Oswaldo Cruz","Instituto Butantan","Instituto Gamaleya","Instituto Tecnol\u00f3gico do Paran\u00e1","Minist\u00e9rio da Sa\u00fade","Minist\u00e9rio da Sa\u00fade lan\u00e7a campanha para estimular vacina\u00e7\u00e3o contra a Covid-19","Novo coronav\u00edrus","Oxford","pandemia","Pfizer","Plano de vacina\u00e7\u00e3o contra a Covid-19","Plano de vacina\u00e7\u00e3o contra o coronav\u00edrus","Plano de vacina\u00e7\u00e3o contra o novo coronav\u00edrus","Plano nacional de vacina\u00e7\u00e3o contra a Covid-19","Plano nacional de vacina\u00e7\u00e3o contra a Covid-19 ter\u00e1 quatro fases","Plano nacional de vacina\u00e7\u00e3o contra o novo coronav\u00edrus","Plano nacional de vacina\u00e7\u00e3o contra o novo coronav\u00edrus ter\u00e1 quatro fases","Presidente pede uni\u00e3o a governadores na luta contra a Covid-19","R$ 20 bilh\u00f5es para vacina\u00e7\u00e3o da popula\u00e7\u00e3o contra Covid-19","Sinovac","Sputinik V","Vacina da Baharat Biontech","Vacina da Biontech","Vacina da Pfizer","Vacina da Sinovac","Vacina do Instituto Gamaleya"],"articleSection":["Brasil","Pol\u00edtica","Sa\u00fade"],"inLanguage":"pt-BR","potentialAction":[{"@type":"CommentAction","name":"Comment","target":["https:\/\/aconteceunovale.com.br\/portal\/?p=170944#respond"]}]},{"@type":"WebPage","@id":"https:\/\/aconteceunovale.com.br\/portal\/?p=170944","url":"https:\/\/aconteceunovale.com.br\/portal\/?p=170944","name":"Governo federal destina R$ 20 bilh\u00f5es para vacina\u00e7\u00e3o da popula\u00e7\u00e3o contra Covid-19 - Aconteceu no Vale","isPartOf":{"@id":"https:\/\/aconteceunovale.com.br\/portal\/#website"},"primaryImageOfPage":{"@id":"https:\/\/aconteceunovale.com.br\/portal\/?p=170944#primaryimage"},"image":{"@id":"https:\/\/aconteceunovale.com.br\/portal\/?p=170944#primaryimage"},"thumbnailUrl":"https:\/\/aconteceunovale.com.br\/portal\/wp-content\/uploads\/2020\/12\/bolsonaro.jpg","datePublished":"2020-12-17T15:43:46+00:00","dateModified":"2020-12-17T15:44:19+00:00","author":{"@id":"https:\/\/aconteceunovale.com.br\/portal\/#\/schema\/person\/7d2f26d1483f8a63de73da1ee0754d35"},"breadcrumb":{"@id":"https:\/\/aconteceunovale.com.br\/portal\/?p=170944#breadcrumb"},"inLanguage":"pt-BR","potentialAction":[{"@type":"ReadAction","target":["https:\/\/aconteceunovale.com.br\/portal\/?p=170944"]}]},{"@type":"ImageObject","inLanguage":"pt-BR","@id":"https:\/\/aconteceunovale.com.br\/portal\/?p=170944#primaryimage","url":"https:\/\/aconteceunovale.com.br\/portal\/wp-content\/uploads\/2020\/12\/bolsonaro.jpg","contentUrl":"https:\/\/aconteceunovale.com.br\/portal\/wp-content\/uploads\/2020\/12\/bolsonaro.jpg","width":678,"height":406,"caption":"O presidente Jair Bolsonaro durante solenidade de A\u00e7\u00e3o de Gra\u00e7as, no Pal\u00e1cio do Planalto."},{"@type":"BreadcrumbList","@id":"https:\/\/aconteceunovale.com.br\/portal\/?p=170944#breadcrumb","itemListElement":[{"@type":"ListItem","position":1,"name":"In\u00edcio","item":"https:\/\/aconteceunovale.com.br\/portal\/"},{"@type":"ListItem","position":2,"name":"Governo federal destina R$ 20 bilh\u00f5es para vacina\u00e7\u00e3o da popula\u00e7\u00e3o contra Covid-19"}]},{"@type":"WebSite","@id":"https:\/\/aconteceunovale.com.br\/portal\/#website","url":"https:\/\/aconteceunovale.com.br\/portal\/","name":"Aconteceu no Vale","description":"Portal de Not\u00edcias","potentialAction":[{"@type":"SearchAction","target":{"@type":"EntryPoint","urlTemplate":"https:\/\/aconteceunovale.com.br\/portal\/?s={search_term_string}"},"query-input":{"@type":"PropertyValueSpecification","valueRequired":true,"valueName":"search_term_string"}}],"inLanguage":"pt-BR"},{"@type":"Person","@id":"https:\/\/aconteceunovale.com.br\/portal\/#\/schema\/person\/7d2f26d1483f8a63de73da1ee0754d35","name":"Reda\u00e7\u00e3o Aconteceu no Vale","description":"Equipe de reportagem do Aconteceu no Vale, portal de not\u00edcias do Vale do Jequitinhonha, em Minas Gerais. Cobrimos as 51 cidades do Vale desde 2013. Sugest\u00f5es de pauta e pedidos de corre\u00e7\u00e3o: contato@aconteceunovale.com.br","url":"https:\/\/aconteceunovale.com.br\/portal\/?author=4"}]}},"_links":{"self":[{"href":"https:\/\/aconteceunovale.com.br\/portal\/index.php?rest_route=\/wp\/v2\/posts\/170944","targetHints":{"allow":["GET"]}}],"collection":[{"href":"https:\/\/aconteceunovale.com.br\/portal\/index.php?rest_route=\/wp\/v2\/posts"}],"about":[{"href":"https:\/\/aconteceunovale.com.br\/portal\/index.php?rest_route=\/wp\/v2\/types\/post"}],"author":[{"embeddable":true,"href":"https:\/\/aconteceunovale.com.br\/portal\/index.php?rest_route=\/wp\/v2\/users\/4"}],"replies":[{"embeddable":true,"href":"https:\/\/aconteceunovale.com.br\/portal\/index.php?rest_route=%2Fwp%2Fv2%2Fcomments&post=170944"}],"version-history":[{"count":1,"href":"https:\/\/aconteceunovale.com.br\/portal\/index.php?rest_route=\/wp\/v2\/posts\/170944\/revisions"}],"predecessor-version":[{"id":170946,"href":"https:\/\/aconteceunovale.com.br\/portal\/index.php?rest_route=\/wp\/v2\/posts\/170944\/revisions\/170946"}],"wp:featuredmedia":[{"embeddable":true,"href":"https:\/\/aconteceunovale.com.br\/portal\/index.php?rest_route=\/wp\/v2\/media\/170945"}],"wp:attachment":[{"href":"https:\/\/aconteceunovale.com.br\/portal\/index.php?rest_route=%2Fwp%2Fv2%2Fmedia&parent=170944"}],"wp:term":[{"taxonomy":"category","embeddable":true,"href":"https:\/\/aconteceunovale.com.br\/portal\/index.php?rest_route=%2Fwp%2Fv2%2Fcategories&post=170944"},{"taxonomy":"post_tag","embeddable":true,"href":"https:\/\/aconteceunovale.com.br\/portal\/index.php?rest_route=%2Fwp%2Fv2%2Ftags&post=170944"}],"curies":[{"name":"wp","href":"https:\/\/api.w.org\/{rel}","templated":true}]}}