{"id":170939,"date":"2020-12-17T12:35:41","date_gmt":"2020-12-17T15:35:41","guid":{"rendered":"https:\/\/aconteceunovale.com.br\/portal\/?p=170939"},"modified":"2020-12-17T12:35:55","modified_gmt":"2020-12-17T15:35:55","slug":"brasil-tera-safra-recorde-de-cafe-em-2020-segundo-conab","status":"publish","type":"post","link":"https:\/\/aconteceunovale.com.br\/portal\/?p=170939","title":{"rendered":"Brasil ter\u00e1 safra recorde de caf\u00e9 em 2020, segundo Conab"},"content":{"rendered":"\n<p class=\"wp-block-paragraph\">O Brasil dever\u00e1 encerrar 2020 com uma safra recorde de caf\u00e9, de acordo com estimativa do quarto levantamento da safra de caf\u00e9 2020 divulgado hoje (17\/12) pela Companhia Nacional de Abastecimento (Conab).<\/p>\n\n\n\n<p class=\"wp-block-paragraph\">Segundo o com o levantamento, para a safra de caf\u00e9 2020 no Brasil a expectativa \u00e9 a produ\u00e7\u00e3o de 63,08 milh\u00f5es de sacas beneficiadas de caf\u00e9 ar\u00e1bica e conilon. O&nbsp; Conab informou que essa ser\u00e1 \u201ca maior safra da hist\u00f3ria\u201d, com um aumento de 27,9% na compara\u00e7\u00e3o com a colheita de 2019; e de 2,3% sobre o recorde anterior, obtido em 2018 (61,7 milh\u00f5es de sacas).<\/p>\n\n\n\n<p class=\"wp-block-paragraph\">\u201cAl\u00e9m da bienalidade positiva do caf\u00e9 ar\u00e1bica, o clima tamb\u00e9m contribuiu para o desenvolvimento das lavouras. A produ\u00e7\u00e3o do gr\u00e3o superou a de 2018, chegando a 48,77 milh\u00f5es de sacas. Em rela\u00e7\u00e3o ao ano passado, o aumento \u00e9 de 42,2%. J\u00e1 o conilon, com produ\u00e7\u00e3o estimada em 14,31 milh\u00f5es de sacas, n\u00e3o teve o mesmo desempenho. O volume foi 4,7% menor que o obtido na safra anterior, o que pode ser atribu\u00eddo \u00e0s poucas chuvas nas regi\u00f5es produtoras do Esp\u00edrito Santo, principal produtor da variedade\u201d, informa a Conab.<\/p>\n\n\n\n<p class=\"wp-block-paragraph\">Segundo a companhia, o estado que ter\u00e1 a maior produ\u00e7\u00e3o de caf\u00e9 \u00e9 Minas Gerais, com 34,65 milh\u00f5es de sacas, n\u00famero 41,1% maior do que o obtido em 2019. O carro chefe foi o caf\u00e9 ar\u00e1bica, que responde por mais de 90% do caf\u00e9 do estado.<\/p>\n\n\n\n<p class=\"wp-block-paragraph\">Em segundo lugar est\u00e1 o Esp\u00edrito Santo, que produziu 13,96 milh\u00f5es de sacas ao longo do ano. Na compara\u00e7\u00e3o com o ano anterior, a safra apresenta uma redu\u00e7\u00e3o de 12,41%. Foram 9,19 milh\u00f5es de sacas de conilon e 4,77 milh\u00f5es de sacas de ar\u00e1bica.<\/p>\n\n\n\n<p class=\"wp-block-paragraph\">S\u00e3o Paulo est\u00e1 em terceiro lugar, com 6,18 milh\u00f5es de sacas e aumento de 42,4%. Segundo a Conab, a Bahia totalizar\u00e1 3,99 milh\u00f5es de sacas, o que representa um acr\u00e9scimo de 32,9%, na compara\u00e7\u00e3o com a produ\u00e7\u00e3o obtida em 2019. Rond\u00f4nia produziu 2,44 milh\u00f5es de sacas (crescimento de 11,2%).<\/p>\n\n\n\n<p class=\"wp-block-paragraph\">A Conab informa que, em novembro, as exporta\u00e7\u00f5es brasileiras de caf\u00e9 foram recordes. \u201cO aumento foi de 32% sobre o mesmo m\u00eas de 2019, com o embarque de 4,3 milh\u00f5es de sacas (60 kg), considerando-se a somat\u00f3ria de caf\u00e9 verde, sol\u00favel e torrado\/mo\u00eddo. De julho a novembro, foram 19,8 milh\u00f5es de sacas, o que representa aumento de 15% sobre 2019\u201d.<\/p>\n\n\n\n<p class=\"wp-block-paragraph\">A companhia informou que a competitividade do caf\u00e9 brasileiro no mercado mundial melhorou devido \u00e0 valoriza\u00e7\u00e3o do d\u00f3lar. Cerca de 74% da produ\u00e7\u00e3o da safra 2020\/21 j\u00e1 se encontrava comercializada em novembro. No mesmo per\u00edodo de 2019, este percentual estava em 71%.<\/p>\n\n\n\n<p class=\"has-white-color has-vivid-cyan-blue-background-color has-text-color has-background wp-block-paragraph\">Quer saber as not\u00edcias do <strong>Aconteceu no Vale<\/strong> em primeira m\u00e3o? Siga-nos no Facebook <a rel=\"noreferrer noopener\" href=\"http:\/\/facebook.com\/aconteceunovale\" target=\"_blank\">@aconteceunovale<\/a>, Twitter <a rel=\"noreferrer noopener\" href=\"https:\/\/twitter.com\/noticiadosvales\" target=\"_blank\">@noticiadosvales<\/a> e Instagram <a rel=\"noreferrer noopener\" href=\"https:\/\/www.instagram.com\/aconteceunovale\" target=\"_blank\">@aconteceunovale<\/a>.<\/p>\n","protected":false},"excerpt":{"rendered":"<p>O Brasil dever\u00e1 encerrar 2020 com uma safra recorde de caf\u00e9, de acordo com estimativa do quarto levantamento da safra de caf\u00e9 2020 divulgado hoje (17\/12) pela Companhia Nacional de Abastecimento (Conab). Segundo o com o levantamento, para a safra de caf\u00e9 2020 no Brasil a expectativa \u00e9 a produ\u00e7\u00e3o de 63,08 milh\u00f5es de sacas [&hellip;]<\/p>\n","protected":false},"author":4,"featured_media":165440,"comment_status":"open","ping_status":"closed","sticky":false,"template":"","format":"standard","meta":{"amp_status":"","footnotes":""},"categories":[6],"tags":[232773,48324,232777,27202,29827,232776,1018,232775,116541,232774],"class_list":["post-170939","post","type-post","status-publish","format-standard","has-post-thumbnail","hentry","category-br","tag-brasil-tera-safra-recorde-de-cafe-em-2020","tag-cafe-brasileiro","tag-cafe-conab","tag-cafe-do-brasil","tag-conab","tag-conab-cafe","tag-destaque","tag-estimativa-de-producao-de-cafe-no-brasil","tag-producao-de-cafe-no-brasil","tag-safra-de-cafe-no-brasil"],"yoast_head":"<!-- This site is optimized with the Yoast SEO plugin v28.3 - https:\/\/yoast.com\/product\/yoast-seo-wordpress\/ -->\n<title>Brasil ter\u00e1 safra recorde de caf\u00e9 em 2020, segundo Conab - Aconteceu no Vale<\/title>\n<meta name=\"robots\" content=\"index, follow, max-snippet:-1, max-image-preview:large, max-video-preview:-1\" \/>\n<link rel=\"canonical\" href=\"https:\/\/aconteceunovale.com.br\/portal\/?p=170939\" \/>\n<meta property=\"og:locale\" content=\"pt_BR\" \/>\n<meta property=\"og:type\" content=\"article\" \/>\n<meta property=\"og:title\" content=\"Brasil ter\u00e1 safra recorde de caf\u00e9 em 2020, segundo Conab - Aconteceu no Vale\" \/>\n<meta property=\"og:description\" content=\"O Brasil dever\u00e1 encerrar 2020 com uma safra recorde de caf\u00e9, de acordo com estimativa do quarto levantamento da safra de caf\u00e9 2020 divulgado hoje (17\/12) pela Companhia Nacional de Abastecimento (Conab). Segundo o com o levantamento, para a safra de caf\u00e9 2020 no Brasil a expectativa \u00e9 a produ\u00e7\u00e3o de 63,08 milh\u00f5es de sacas [&hellip;]\" \/>\n<meta property=\"og:url\" content=\"https:\/\/aconteceunovale.com.br\/portal\/?p=170939\" \/>\n<meta property=\"og:site_name\" content=\"Aconteceu no Vale\" \/>\n<meta property=\"article:publisher\" content=\"https:\/\/www.facebook.com\/aconteceunovale\/\" \/>\n<meta property=\"article:published_time\" content=\"2020-12-17T15:35:41+00:00\" \/>\n<meta property=\"article:modified_time\" content=\"2020-12-17T15:35:55+00:00\" \/>\n<meta property=\"og:image\" content=\"https:\/\/aconteceunovale.com.br\/portal\/wp-content\/uploads\/2020\/07\/qualidade_cafe.jpg\" \/>\n\t<meta property=\"og:image:width\" content=\"676\" \/>\n\t<meta property=\"og:image:height\" content=\"450\" \/>\n\t<meta property=\"og:image:type\" content=\"image\/jpeg\" \/>\n<meta name=\"author\" content=\"Reda\u00e7\u00e3o Aconteceu no Vale\" \/>\n<meta name=\"twitter:card\" content=\"summary_large_image\" \/>\n<meta name=\"twitter:creator\" content=\"@noticiadosvales\" \/>\n<meta name=\"twitter:site\" content=\"@noticiadosvales\" \/>\n<meta name=\"twitter:label1\" content=\"Escrito por\" \/>\n\t<meta name=\"twitter:data1\" content=\"Reda\u00e7\u00e3o Aconteceu no Vale\" \/>\n\t<meta name=\"twitter:label2\" content=\"Est. tempo de leitura\" \/>\n\t<meta name=\"twitter:data2\" content=\"2 minutos\" \/>\n<script type=\"application\/ld+json\" class=\"yoast-schema-graph\">{\"@context\":\"https:\\\/\\\/schema.org\",\"@graph\":[{\"@type\":\"Article\",\"@id\":\"https:\\\/\\\/aconteceunovale.com.br\\\/portal\\\/?p=170939#article\",\"isPartOf\":{\"@id\":\"https:\\\/\\\/aconteceunovale.com.br\\\/portal\\\/?p=170939\"},\"author\":{\"name\":\"Reda\u00e7\u00e3o Aconteceu no Vale\",\"@id\":\"https:\\\/\\\/aconteceunovale.com.br\\\/portal\\\/#\\\/schema\\\/person\\\/7d2f26d1483f8a63de73da1ee0754d35\"},\"headline\":\"Brasil ter\u00e1 safra recorde de caf\u00e9 em 2020, segundo Conab\",\"datePublished\":\"2020-12-17T15:35:41+00:00\",\"dateModified\":\"2020-12-17T15:35:55+00:00\",\"mainEntityOfPage\":{\"@id\":\"https:\\\/\\\/aconteceunovale.com.br\\\/portal\\\/?p=170939\"},\"wordCount\":464,\"commentCount\":0,\"image\":{\"@id\":\"https:\\\/\\\/aconteceunovale.com.br\\\/portal\\\/?p=170939#primaryimage\"},\"thumbnailUrl\":\"https:\\\/\\\/aconteceunovale.com.br\\\/portal\\\/wp-content\\\/uploads\\\/2020\\\/07\\\/qualidade_cafe.jpg\",\"keywords\":[\"Brasil ter\u00e1 safra recorde de caf\u00e9 em 2020\",\"caf\u00e9 brasileiro\",\"Caf\u00e9 Conab\",\"caf\u00e9 do Brasil\",\"Conab\",\"Conab caf\u00e9\",\"destaque\",\"Estimativa de produ\u00e7\u00e3o de caf\u00e9 no Brasil\",\"Produ\u00e7\u00e3o de caf\u00e9 no Brasil\",\"Safra de caf\u00e9 no Brasil\"],\"articleSection\":[\"Brasil\"],\"inLanguage\":\"pt-BR\",\"potentialAction\":[{\"@type\":\"CommentAction\",\"name\":\"Comment\",\"target\":[\"https:\\\/\\\/aconteceunovale.com.br\\\/portal\\\/?p=170939#respond\"]}]},{\"@type\":\"WebPage\",\"@id\":\"https:\\\/\\\/aconteceunovale.com.br\\\/portal\\\/?p=170939\",\"url\":\"https:\\\/\\\/aconteceunovale.com.br\\\/portal\\\/?p=170939\",\"name\":\"Brasil ter\u00e1 safra recorde de caf\u00e9 em 2020, segundo Conab - Aconteceu no Vale\",\"isPartOf\":{\"@id\":\"https:\\\/\\\/aconteceunovale.com.br\\\/portal\\\/#website\"},\"primaryImageOfPage\":{\"@id\":\"https:\\\/\\\/aconteceunovale.com.br\\\/portal\\\/?p=170939#primaryimage\"},\"image\":{\"@id\":\"https:\\\/\\\/aconteceunovale.com.br\\\/portal\\\/?p=170939#primaryimage\"},\"thumbnailUrl\":\"https:\\\/\\\/aconteceunovale.com.br\\\/portal\\\/wp-content\\\/uploads\\\/2020\\\/07\\\/qualidade_cafe.jpg\",\"datePublished\":\"2020-12-17T15:35:41+00:00\",\"dateModified\":\"2020-12-17T15:35:55+00:00\",\"author\":{\"@id\":\"https:\\\/\\\/aconteceunovale.com.br\\\/portal\\\/#\\\/schema\\\/person\\\/7d2f26d1483f8a63de73da1ee0754d35\"},\"breadcrumb\":{\"@id\":\"https:\\\/\\\/aconteceunovale.com.br\\\/portal\\\/?p=170939#breadcrumb\"},\"inLanguage\":\"pt-BR\",\"potentialAction\":[{\"@type\":\"ReadAction\",\"target\":[\"https:\\\/\\\/aconteceunovale.com.br\\\/portal\\\/?p=170939\"]}]},{\"@type\":\"ImageObject\",\"inLanguage\":\"pt-BR\",\"@id\":\"https:\\\/\\\/aconteceunovale.com.br\\\/portal\\\/?p=170939#primaryimage\",\"url\":\"https:\\\/\\\/aconteceunovale.com.br\\\/portal\\\/wp-content\\\/uploads\\\/2020\\\/07\\\/qualidade_cafe.jpg\",\"contentUrl\":\"https:\\\/\\\/aconteceunovale.com.br\\\/portal\\\/wp-content\\\/uploads\\\/2020\\\/07\\\/qualidade_cafe.jpg\",\"width\":676,\"height\":450},{\"@type\":\"BreadcrumbList\",\"@id\":\"https:\\\/\\\/aconteceunovale.com.br\\\/portal\\\/?p=170939#breadcrumb\",\"itemListElement\":[{\"@type\":\"ListItem\",\"position\":1,\"name\":\"In\u00edcio\",\"item\":\"https:\\\/\\\/aconteceunovale.com.br\\\/portal\\\/\"},{\"@type\":\"ListItem\",\"position\":2,\"name\":\"Brasil ter\u00e1 safra recorde de caf\u00e9 em 2020, segundo Conab\"}]},{\"@type\":\"WebSite\",\"@id\":\"https:\\\/\\\/aconteceunovale.com.br\\\/portal\\\/#website\",\"url\":\"https:\\\/\\\/aconteceunovale.com.br\\\/portal\\\/\",\"name\":\"Aconteceu no Vale\",\"description\":\"Portal de Not\u00edcias\",\"potentialAction\":[{\"@type\":\"SearchAction\",\"target\":{\"@type\":\"EntryPoint\",\"urlTemplate\":\"https:\\\/\\\/aconteceunovale.com.br\\\/portal\\\/?s={search_term_string}\"},\"query-input\":{\"@type\":\"PropertyValueSpecification\",\"valueRequired\":true,\"valueName\":\"search_term_string\"}}],\"inLanguage\":\"pt-BR\"},{\"@type\":\"Person\",\"@id\":\"https:\\\/\\\/aconteceunovale.com.br\\\/portal\\\/#\\\/schema\\\/person\\\/7d2f26d1483f8a63de73da1ee0754d35\",\"name\":\"Reda\u00e7\u00e3o Aconteceu no Vale\",\"description\":\"Equipe de reportagem do Aconteceu no Vale, portal de not\u00edcias do Vale do Jequitinhonha, em Minas Gerais. Cobrimos as 51 cidades do Vale desde 2013. Sugest\u00f5es de pauta e pedidos de corre\u00e7\u00e3o: contato@aconteceunovale.com.br\",\"url\":\"https:\\\/\\\/aconteceunovale.com.br\\\/portal\\\/?author=4\"}]}<\/script>\n<!-- \/ Yoast SEO plugin. -->","yoast_head_json":{"title":"Brasil ter\u00e1 safra recorde de caf\u00e9 em 2020, segundo Conab - Aconteceu no Vale","robots":{"index":"index","follow":"follow","max-snippet":"max-snippet:-1","max-image-preview":"max-image-preview:large","max-video-preview":"max-video-preview:-1"},"canonical":"https:\/\/aconteceunovale.com.br\/portal\/?p=170939","og_locale":"pt_BR","og_type":"article","og_title":"Brasil ter\u00e1 safra recorde de caf\u00e9 em 2020, segundo Conab - Aconteceu no Vale","og_description":"O Brasil dever\u00e1 encerrar 2020 com uma safra recorde de caf\u00e9, de acordo com estimativa do quarto levantamento da safra de caf\u00e9 2020 divulgado hoje (17\/12) pela Companhia Nacional de Abastecimento (Conab). Segundo o com o levantamento, para a safra de caf\u00e9 2020 no Brasil a expectativa \u00e9 a produ\u00e7\u00e3o de 63,08 milh\u00f5es de sacas [&hellip;]","og_url":"https:\/\/aconteceunovale.com.br\/portal\/?p=170939","og_site_name":"Aconteceu no Vale","article_publisher":"https:\/\/www.facebook.com\/aconteceunovale\/","article_published_time":"2020-12-17T15:35:41+00:00","article_modified_time":"2020-12-17T15:35:55+00:00","og_image":[{"width":676,"height":450,"url":"https:\/\/aconteceunovale.com.br\/portal\/wp-content\/uploads\/2020\/07\/qualidade_cafe.jpg","type":"image\/jpeg"}],"author":"Reda\u00e7\u00e3o Aconteceu no Vale","twitter_card":"summary_large_image","twitter_creator":"@noticiadosvales","twitter_site":"@noticiadosvales","twitter_misc":{"Escrito por":"Reda\u00e7\u00e3o Aconteceu no Vale","Est. tempo de leitura":"2 minutos"},"schema":{"@context":"https:\/\/schema.org","@graph":[{"@type":"Article","@id":"https:\/\/aconteceunovale.com.br\/portal\/?p=170939#article","isPartOf":{"@id":"https:\/\/aconteceunovale.com.br\/portal\/?p=170939"},"author":{"name":"Reda\u00e7\u00e3o Aconteceu no Vale","@id":"https:\/\/aconteceunovale.com.br\/portal\/#\/schema\/person\/7d2f26d1483f8a63de73da1ee0754d35"},"headline":"Brasil ter\u00e1 safra recorde de caf\u00e9 em 2020, segundo Conab","datePublished":"2020-12-17T15:35:41+00:00","dateModified":"2020-12-17T15:35:55+00:00","mainEntityOfPage":{"@id":"https:\/\/aconteceunovale.com.br\/portal\/?p=170939"},"wordCount":464,"commentCount":0,"image":{"@id":"https:\/\/aconteceunovale.com.br\/portal\/?p=170939#primaryimage"},"thumbnailUrl":"https:\/\/aconteceunovale.com.br\/portal\/wp-content\/uploads\/2020\/07\/qualidade_cafe.jpg","keywords":["Brasil ter\u00e1 safra recorde de caf\u00e9 em 2020","caf\u00e9 brasileiro","Caf\u00e9 Conab","caf\u00e9 do Brasil","Conab","Conab caf\u00e9","destaque","Estimativa de produ\u00e7\u00e3o de caf\u00e9 no Brasil","Produ\u00e7\u00e3o de caf\u00e9 no Brasil","Safra de caf\u00e9 no Brasil"],"articleSection":["Brasil"],"inLanguage":"pt-BR","potentialAction":[{"@type":"CommentAction","name":"Comment","target":["https:\/\/aconteceunovale.com.br\/portal\/?p=170939#respond"]}]},{"@type":"WebPage","@id":"https:\/\/aconteceunovale.com.br\/portal\/?p=170939","url":"https:\/\/aconteceunovale.com.br\/portal\/?p=170939","name":"Brasil ter\u00e1 safra recorde de caf\u00e9 em 2020, segundo Conab - Aconteceu no Vale","isPartOf":{"@id":"https:\/\/aconteceunovale.com.br\/portal\/#website"},"primaryImageOfPage":{"@id":"https:\/\/aconteceunovale.com.br\/portal\/?p=170939#primaryimage"},"image":{"@id":"https:\/\/aconteceunovale.com.br\/portal\/?p=170939#primaryimage"},"thumbnailUrl":"https:\/\/aconteceunovale.com.br\/portal\/wp-content\/uploads\/2020\/07\/qualidade_cafe.jpg","datePublished":"2020-12-17T15:35:41+00:00","dateModified":"2020-12-17T15:35:55+00:00","author":{"@id":"https:\/\/aconteceunovale.com.br\/portal\/#\/schema\/person\/7d2f26d1483f8a63de73da1ee0754d35"},"breadcrumb":{"@id":"https:\/\/aconteceunovale.com.br\/portal\/?p=170939#breadcrumb"},"inLanguage":"pt-BR","potentialAction":[{"@type":"ReadAction","target":["https:\/\/aconteceunovale.com.br\/portal\/?p=170939"]}]},{"@type":"ImageObject","inLanguage":"pt-BR","@id":"https:\/\/aconteceunovale.com.br\/portal\/?p=170939#primaryimage","url":"https:\/\/aconteceunovale.com.br\/portal\/wp-content\/uploads\/2020\/07\/qualidade_cafe.jpg","contentUrl":"https:\/\/aconteceunovale.com.br\/portal\/wp-content\/uploads\/2020\/07\/qualidade_cafe.jpg","width":676,"height":450},{"@type":"BreadcrumbList","@id":"https:\/\/aconteceunovale.com.br\/portal\/?p=170939#breadcrumb","itemListElement":[{"@type":"ListItem","position":1,"name":"In\u00edcio","item":"https:\/\/aconteceunovale.com.br\/portal\/"},{"@type":"ListItem","position":2,"name":"Brasil ter\u00e1 safra recorde de caf\u00e9 em 2020, segundo Conab"}]},{"@type":"WebSite","@id":"https:\/\/aconteceunovale.com.br\/portal\/#website","url":"https:\/\/aconteceunovale.com.br\/portal\/","name":"Aconteceu no Vale","description":"Portal de Not\u00edcias","potentialAction":[{"@type":"SearchAction","target":{"@type":"EntryPoint","urlTemplate":"https:\/\/aconteceunovale.com.br\/portal\/?s={search_term_string}"},"query-input":{"@type":"PropertyValueSpecification","valueRequired":true,"valueName":"search_term_string"}}],"inLanguage":"pt-BR"},{"@type":"Person","@id":"https:\/\/aconteceunovale.com.br\/portal\/#\/schema\/person\/7d2f26d1483f8a63de73da1ee0754d35","name":"Reda\u00e7\u00e3o Aconteceu no Vale","description":"Equipe de reportagem do Aconteceu no Vale, portal de not\u00edcias do Vale do Jequitinhonha, em Minas Gerais. Cobrimos as 51 cidades do Vale desde 2013. Sugest\u00f5es de pauta e pedidos de corre\u00e7\u00e3o: contato@aconteceunovale.com.br","url":"https:\/\/aconteceunovale.com.br\/portal\/?author=4"}]}},"_links":{"self":[{"href":"https:\/\/aconteceunovale.com.br\/portal\/index.php?rest_route=\/wp\/v2\/posts\/170939","targetHints":{"allow":["GET"]}}],"collection":[{"href":"https:\/\/aconteceunovale.com.br\/portal\/index.php?rest_route=\/wp\/v2\/posts"}],"about":[{"href":"https:\/\/aconteceunovale.com.br\/portal\/index.php?rest_route=\/wp\/v2\/types\/post"}],"author":[{"embeddable":true,"href":"https:\/\/aconteceunovale.com.br\/portal\/index.php?rest_route=\/wp\/v2\/users\/4"}],"replies":[{"embeddable":true,"href":"https:\/\/aconteceunovale.com.br\/portal\/index.php?rest_route=%2Fwp%2Fv2%2Fcomments&post=170939"}],"version-history":[{"count":1,"href":"https:\/\/aconteceunovale.com.br\/portal\/index.php?rest_route=\/wp\/v2\/posts\/170939\/revisions"}],"predecessor-version":[{"id":170940,"href":"https:\/\/aconteceunovale.com.br\/portal\/index.php?rest_route=\/wp\/v2\/posts\/170939\/revisions\/170940"}],"wp:featuredmedia":[{"embeddable":true,"href":"https:\/\/aconteceunovale.com.br\/portal\/index.php?rest_route=\/wp\/v2\/media\/165440"}],"wp:attachment":[{"href":"https:\/\/aconteceunovale.com.br\/portal\/index.php?rest_route=%2Fwp%2Fv2%2Fmedia&parent=170939"}],"wp:term":[{"taxonomy":"category","embeddable":true,"href":"https:\/\/aconteceunovale.com.br\/portal\/index.php?rest_route=%2Fwp%2Fv2%2Fcategories&post=170939"},{"taxonomy":"post_tag","embeddable":true,"href":"https:\/\/aconteceunovale.com.br\/portal\/index.php?rest_route=%2Fwp%2Fv2%2Ftags&post=170939"}],"curies":[{"name":"wp","href":"https:\/\/api.w.org\/{rel}","templated":true}]}}