{"id":170937,"date":"2020-12-17T12:30:08","date_gmt":"2020-12-17T15:30:08","guid":{"rendered":"https:\/\/aconteceunovale.com.br\/portal\/?p=170937"},"modified":"2020-12-17T12:30:23","modified_gmt":"2020-12-17T15:30:23","slug":"bc-revisa-previsao-de-queda-da-economia-neste-ano","status":"publish","type":"post","link":"https:\/\/aconteceunovale.com.br\/portal\/?p=170937","title":{"rendered":"BC revisa previs\u00e3o de queda da economia neste ano"},"content":{"rendered":"\n<p class=\"wp-block-paragraph\">O Banco Central (BC) espera por uma retra\u00e7\u00e3o menor da economia brasileira neste ano e infla\u00e7\u00e3o mais elevada em rela\u00e7\u00e3o \u00e0 expectativa anterior. Em 2021, a infla\u00e7\u00e3o ser\u00e1 menor e a economia voltar\u00e1 a crescer, segundo proje\u00e7\u00f5es divulgadas&nbsp;hoje&nbsp;(17) no Relat\u00f3rio de Infla\u00e7\u00e3o.<img decoding=\"async\" src=\"https:\/\/agenciabrasil.ebc.com.br\/ebc.png?id=1396691&amp;o=node\"><img decoding=\"async\" src=\"https:\/\/agenciabrasil.ebc.com.br\/ebc.gif?id=1396691&amp;o=node\"><\/p>\n\n\n\n<p class=\"wp-block-paragraph\">A estimativa para a queda do Produto Interno Bruto (PIB), soma de todos os pre\u00e7os, bens e servi\u00e7os produzidos no pa\u00eds, neste ano&nbsp;foi revisada de 5%, em setembro, para 4,4%.<\/p>\n\n\n\n<p class=\"wp-block-paragraph\">Para o BC, a incerteza sobre o ritmo de crescimento em 2021 segue \u201cacima do usual\u201d e depende do \u201carrefecimento gradual\u201d da crise gerada pela pandemia de covid-19, de ajuste fiscal e da continuidade das reformas da economia. Com isso, o BC reduziu a previs\u00e3o de crescimento do PIB, no pr\u00f3ximo ano, de 3,9% para 3,8%.<\/p>\n\n\n\n<p class=\"wp-block-paragraph\">Sobre a economia mundial, o BC avalia que o aumento de casos de covid-19 leva a novas medidas de isolamento social, o que reduz a atividade econ\u00f4mica, mas com efeito esperado apenas no curto prazo. \u201cA ressurg\u00eancia da pandemia em algumas das principais economias tem revertido os ganhos na mobilidade e dever\u00e1 afetar a atividade econ\u00f4mica no curto prazo. No entanto, os resultados promissores nos testes das vacinas contra a covid-19 tendem a trazer melhora da confian\u00e7a e normaliza\u00e7\u00e3o da atividade no m\u00e9dio prazo\u201d, diz no relat\u00f3rio.<\/p>\n\n\n\n<h2 class=\"wp-block-heading\">Infla\u00e7\u00e3o<\/h2>\n\n\n\n<p class=\"wp-block-paragraph\">O BC ajustou a previs\u00e3o de infla\u00e7\u00e3o, calculada pelo \u00cdndice Nacional de Pre\u00e7os ao Consumidor Amplo (IPCA), de 2,1% para 4,3%, em 2020. Para o pr\u00f3ximo ano, a estimativa passou de 2,9% para 3,4%. Para o BC, a infla\u00e7\u00e3o permanecer\u00e1 em 3,4% em 2022 e cair\u00e1 para 3,3% em 2023.<\/p>\n\n\n\n<p class=\"wp-block-paragraph\">\u201cA infla\u00e7\u00e3o ao longo do ano tem refletido basicamente o forte movimento de atividade econ\u00f4mica, associado \u00e0 crise da pandemia de&nbsp;covid-19 e aos programas de cr\u00e9dito e de recomposi\u00e7\u00e3o de renda [como o aux\u00edlio emergencial], em conjunto com press\u00f5es de custos decorrentes do aumento dos pre\u00e7os de&nbsp;<em>commodities<\/em>&nbsp;[produtos prim\u00e1rios com cota\u00e7\u00e3o internacional]&nbsp;e de taxa de c\u00e2mbio em n\u00edveis persistentemente mais elevados\u201d, diz o BC.<\/p>\n\n\n\n<p class=\"wp-block-paragraph\">No relat\u00f3rio, a institui\u00e7\u00e3o acrescenta que \u201cpress\u00f5es localizadas em alguns produtos tamb\u00e9m t\u00eam contribu\u00eddo, como nos casos da carne, do arroz e da soja\u201d.<\/p>\n\n\n\n<h2 class=\"wp-block-heading\">Cr\u00e9dito<\/h2>\n\n\n\n<p class=\"wp-block-paragraph\">O relat\u00f3rio tamb\u00e9m traz proje\u00e7\u00e3o para o crescimento do saldo das opera\u00e7\u00f5es de cr\u00e9dito no pa\u00eds. Essa estimativa subiu de 11,5%, em setembro, para 15,6%. \u201cO aumento decorre tanto da demanda acentuada de cr\u00e9dito das empresas quanto&nbsp;pela recupera\u00e7\u00e3o do cr\u00e9dito \u00e0s fam\u00edlias, em especial no segmento com recursos livres\u201d, afirma&nbsp;o BC.<\/p>\n\n\n\n<p class=\"wp-block-paragraph\">Para 2021, a estimativa de crescimento do estoque de cr\u00e9dito foi elevada para 7,8%, ante previs\u00e3o anterior de 7,3%.<\/p>\n\n\n\n<h2 class=\"wp-block-heading\">Contas externas<\/h2>\n\n\n\n<p class=\"wp-block-paragraph\">A proje\u00e7\u00e3o de d\u00e9ficit em transa\u00e7\u00f5es correntes, que s\u00e3o as compras e vendas de mercadorias e servi\u00e7os e transfer\u00eancias de renda do Brasil com outros pa\u00edses, foi reduzida em 2020 para US$ 7 bilh\u00f5es (0,5% do PIB), refletindo \u201co desempenho favor\u00e1vel das exporta\u00e7\u00f5es. \u201cEssa melhora foi em parte compensada pelo aumento nas importa\u00e7\u00f5es e pelo maior d\u00e9ficit na conta de renda prim\u00e1ria [lucros e dividendos, pagamentos de juros e sal\u00e1rios]\u201d. A previs\u00e3o anterior era de saldo negativo de US$ 10 bilh\u00f5es&nbsp;neste ano.<\/p>\n\n\n\n<p class=\"wp-block-paragraph\">A previs\u00e3o para os investimentos diretos no pa\u00eds (IDP), que v\u00e3o para o setor produtivo da economia, neste ano \u00e9 US$ 36 bilh\u00f5es, com recupera\u00e7\u00e3o em 2021. A previs\u00e3o para esses investimentos no pr\u00f3ximo ano passou de US$ 65 bilh\u00f5es para US$ 60 bilh\u00f5es.<\/p>\n\n\n\n<p class=\"has-white-color has-vivid-cyan-blue-background-color has-text-color has-background wp-block-paragraph\">Quer saber as not\u00edcias do <strong>Aconteceu no Vale<\/strong> em primeira m\u00e3o? Siga-nos no Facebook <a rel=\"noreferrer noopener\" href=\"http:\/\/facebook.com\/aconteceunovale\" target=\"_blank\">@aconteceunovale<\/a>, Twitter <a rel=\"noreferrer noopener\" href=\"https:\/\/twitter.com\/noticiadosvales\" target=\"_blank\">@noticiadosvales<\/a> e Instagram <a rel=\"noreferrer noopener\" href=\"https:\/\/www.instagram.com\/aconteceunovale\" target=\"_blank\">@aconteceunovale<\/a>.<\/p>\n","protected":false},"excerpt":{"rendered":"<p>O Banco Central (BC) espera por uma retra\u00e7\u00e3o menor da economia brasileira neste ano e infla\u00e7\u00e3o mais elevada em rela\u00e7\u00e3o \u00e0 expectativa anterior. Em 2021, a infla\u00e7\u00e3o ser\u00e1 menor e a economia voltar\u00e1 a crescer, segundo proje\u00e7\u00f5es divulgadas&nbsp;hoje&nbsp;(17) no Relat\u00f3rio de Infla\u00e7\u00e3o. A estimativa para a queda do Produto Interno Bruto (PIB), soma de todos [&hellip;]<\/p>\n","protected":false},"author":4,"featured_media":168234,"comment_status":"open","ping_status":"closed","sticky":false,"template":"","format":"standard","meta":{"amp_status":"","footnotes":""},"categories":[6],"tags":[22104,60753,55503,13319,19588,228616,232772,228615],"class_list":["post-170937","post","type-post","status-publish","format-standard","has-post-thumbnail","hentry","category-br","tag-banco-central","tag-bc","tag-economia-brasileira","tag-ipca","tag-pib","tag-previsao-de-queda-da-economia-brasileira","tag-queda-da-economia-brasileira","tag-retracao-da-economia-brasileira"],"yoast_head":"<!-- This site is optimized with the Yoast SEO plugin v28.3 - https:\/\/yoast.com\/product\/yoast-seo-wordpress\/ -->\n<title>BC revisa previs\u00e3o de queda da economia neste ano - Aconteceu no Vale<\/title>\n<meta name=\"robots\" content=\"index, follow, max-snippet:-1, max-image-preview:large, max-video-preview:-1\" \/>\n<link rel=\"canonical\" href=\"https:\/\/aconteceunovale.com.br\/portal\/?p=170937\" \/>\n<meta property=\"og:locale\" content=\"pt_BR\" \/>\n<meta property=\"og:type\" content=\"article\" \/>\n<meta property=\"og:title\" content=\"BC revisa previs\u00e3o de queda da economia neste ano - Aconteceu no Vale\" \/>\n<meta property=\"og:description\" content=\"O Banco Central (BC) espera por uma retra\u00e7\u00e3o menor da economia brasileira neste ano e infla\u00e7\u00e3o mais elevada em rela\u00e7\u00e3o \u00e0 expectativa anterior. Em 2021, a infla\u00e7\u00e3o ser\u00e1 menor e a economia voltar\u00e1 a crescer, segundo proje\u00e7\u00f5es divulgadas&nbsp;hoje&nbsp;(17) no Relat\u00f3rio de Infla\u00e7\u00e3o. A estimativa para a queda do Produto Interno Bruto (PIB), soma de todos [&hellip;]\" \/>\n<meta property=\"og:url\" content=\"https:\/\/aconteceunovale.com.br\/portal\/?p=170937\" \/>\n<meta property=\"og:site_name\" content=\"Aconteceu no Vale\" \/>\n<meta property=\"article:publisher\" content=\"https:\/\/www.facebook.com\/aconteceunovale\/\" \/>\n<meta property=\"article:published_time\" content=\"2020-12-17T15:30:08+00:00\" \/>\n<meta property=\"article:modified_time\" content=\"2020-12-17T15:30:23+00:00\" \/>\n<meta property=\"og:image\" content=\"https:\/\/aconteceunovale.com.br\/portal\/wp-content\/uploads\/2020\/09\/banco_central.jpg\" \/>\n\t<meta property=\"og:image:width\" content=\"678\" \/>\n\t<meta property=\"og:image:height\" content=\"406\" \/>\n\t<meta property=\"og:image:type\" content=\"image\/jpeg\" \/>\n<meta name=\"author\" content=\"Reda\u00e7\u00e3o Aconteceu no Vale\" \/>\n<meta name=\"twitter:card\" content=\"summary_large_image\" \/>\n<meta name=\"twitter:creator\" content=\"@noticiadosvales\" \/>\n<meta name=\"twitter:site\" content=\"@noticiadosvales\" \/>\n<meta name=\"twitter:label1\" content=\"Escrito por\" \/>\n\t<meta name=\"twitter:data1\" content=\"Reda\u00e7\u00e3o Aconteceu no Vale\" \/>\n\t<meta name=\"twitter:label2\" content=\"Est. tempo de leitura\" \/>\n\t<meta name=\"twitter:data2\" content=\"3 minutos\" \/>\n<script type=\"application\/ld+json\" class=\"yoast-schema-graph\">{\"@context\":\"https:\\\/\\\/schema.org\",\"@graph\":[{\"@type\":\"Article\",\"@id\":\"https:\\\/\\\/aconteceunovale.com.br\\\/portal\\\/?p=170937#article\",\"isPartOf\":{\"@id\":\"https:\\\/\\\/aconteceunovale.com.br\\\/portal\\\/?p=170937\"},\"author\":{\"name\":\"Reda\u00e7\u00e3o Aconteceu no Vale\",\"@id\":\"https:\\\/\\\/aconteceunovale.com.br\\\/portal\\\/#\\\/schema\\\/person\\\/7d2f26d1483f8a63de73da1ee0754d35\"},\"headline\":\"BC revisa previs\u00e3o de queda da economia neste ano\",\"datePublished\":\"2020-12-17T15:30:08+00:00\",\"dateModified\":\"2020-12-17T15:30:23+00:00\",\"mainEntityOfPage\":{\"@id\":\"https:\\\/\\\/aconteceunovale.com.br\\\/portal\\\/?p=170937\"},\"wordCount\":652,\"commentCount\":0,\"image\":{\"@id\":\"https:\\\/\\\/aconteceunovale.com.br\\\/portal\\\/?p=170937#primaryimage\"},\"thumbnailUrl\":\"https:\\\/\\\/aconteceunovale.com.br\\\/portal\\\/wp-content\\\/uploads\\\/2020\\\/09\\\/banco_central.jpg\",\"keywords\":[\"banco central\",\"bc\",\"economia brasileira\",\"IPCA\",\"PIB\",\"Previs\u00e3o de queda da economia brasileira\",\"Queda da economia brasileira\",\"Retra\u00e7\u00e3o da economia brasileira\"],\"articleSection\":[\"Brasil\"],\"inLanguage\":\"pt-BR\",\"potentialAction\":[{\"@type\":\"CommentAction\",\"name\":\"Comment\",\"target\":[\"https:\\\/\\\/aconteceunovale.com.br\\\/portal\\\/?p=170937#respond\"]}]},{\"@type\":\"WebPage\",\"@id\":\"https:\\\/\\\/aconteceunovale.com.br\\\/portal\\\/?p=170937\",\"url\":\"https:\\\/\\\/aconteceunovale.com.br\\\/portal\\\/?p=170937\",\"name\":\"BC revisa previs\u00e3o de queda da economia neste ano - Aconteceu no Vale\",\"isPartOf\":{\"@id\":\"https:\\\/\\\/aconteceunovale.com.br\\\/portal\\\/#website\"},\"primaryImageOfPage\":{\"@id\":\"https:\\\/\\\/aconteceunovale.com.br\\\/portal\\\/?p=170937#primaryimage\"},\"image\":{\"@id\":\"https:\\\/\\\/aconteceunovale.com.br\\\/portal\\\/?p=170937#primaryimage\"},\"thumbnailUrl\":\"https:\\\/\\\/aconteceunovale.com.br\\\/portal\\\/wp-content\\\/uploads\\\/2020\\\/09\\\/banco_central.jpg\",\"datePublished\":\"2020-12-17T15:30:08+00:00\",\"dateModified\":\"2020-12-17T15:30:23+00:00\",\"author\":{\"@id\":\"https:\\\/\\\/aconteceunovale.com.br\\\/portal\\\/#\\\/schema\\\/person\\\/7d2f26d1483f8a63de73da1ee0754d35\"},\"breadcrumb\":{\"@id\":\"https:\\\/\\\/aconteceunovale.com.br\\\/portal\\\/?p=170937#breadcrumb\"},\"inLanguage\":\"pt-BR\",\"potentialAction\":[{\"@type\":\"ReadAction\",\"target\":[\"https:\\\/\\\/aconteceunovale.com.br\\\/portal\\\/?p=170937\"]}]},{\"@type\":\"ImageObject\",\"inLanguage\":\"pt-BR\",\"@id\":\"https:\\\/\\\/aconteceunovale.com.br\\\/portal\\\/?p=170937#primaryimage\",\"url\":\"https:\\\/\\\/aconteceunovale.com.br\\\/portal\\\/wp-content\\\/uploads\\\/2020\\\/09\\\/banco_central.jpg\",\"contentUrl\":\"https:\\\/\\\/aconteceunovale.com.br\\\/portal\\\/wp-content\\\/uploads\\\/2020\\\/09\\\/banco_central.jpg\",\"width\":678,\"height\":406,\"caption\":\"Banco Central\"},{\"@type\":\"BreadcrumbList\",\"@id\":\"https:\\\/\\\/aconteceunovale.com.br\\\/portal\\\/?p=170937#breadcrumb\",\"itemListElement\":[{\"@type\":\"ListItem\",\"position\":1,\"name\":\"In\u00edcio\",\"item\":\"https:\\\/\\\/aconteceunovale.com.br\\\/portal\\\/\"},{\"@type\":\"ListItem\",\"position\":2,\"name\":\"BC revisa previs\u00e3o de queda da economia neste ano\"}]},{\"@type\":\"WebSite\",\"@id\":\"https:\\\/\\\/aconteceunovale.com.br\\\/portal\\\/#website\",\"url\":\"https:\\\/\\\/aconteceunovale.com.br\\\/portal\\\/\",\"name\":\"Aconteceu no Vale\",\"description\":\"Portal de Not\u00edcias\",\"potentialAction\":[{\"@type\":\"SearchAction\",\"target\":{\"@type\":\"EntryPoint\",\"urlTemplate\":\"https:\\\/\\\/aconteceunovale.com.br\\\/portal\\\/?s={search_term_string}\"},\"query-input\":{\"@type\":\"PropertyValueSpecification\",\"valueRequired\":true,\"valueName\":\"search_term_string\"}}],\"inLanguage\":\"pt-BR\"},{\"@type\":\"Person\",\"@id\":\"https:\\\/\\\/aconteceunovale.com.br\\\/portal\\\/#\\\/schema\\\/person\\\/7d2f26d1483f8a63de73da1ee0754d35\",\"name\":\"Reda\u00e7\u00e3o Aconteceu no Vale\",\"description\":\"Equipe de reportagem do Aconteceu no Vale, portal de not\u00edcias do Vale do Jequitinhonha, em Minas Gerais. Cobrimos as 51 cidades do Vale desde 2013. Sugest\u00f5es de pauta e pedidos de corre\u00e7\u00e3o: contato@aconteceunovale.com.br\",\"url\":\"https:\\\/\\\/aconteceunovale.com.br\\\/portal\\\/?author=4\"}]}<\/script>\n<!-- \/ Yoast SEO plugin. -->","yoast_head_json":{"title":"BC revisa previs\u00e3o de queda da economia neste ano - Aconteceu no Vale","robots":{"index":"index","follow":"follow","max-snippet":"max-snippet:-1","max-image-preview":"max-image-preview:large","max-video-preview":"max-video-preview:-1"},"canonical":"https:\/\/aconteceunovale.com.br\/portal\/?p=170937","og_locale":"pt_BR","og_type":"article","og_title":"BC revisa previs\u00e3o de queda da economia neste ano - Aconteceu no Vale","og_description":"O Banco Central (BC) espera por uma retra\u00e7\u00e3o menor da economia brasileira neste ano e infla\u00e7\u00e3o mais elevada em rela\u00e7\u00e3o \u00e0 expectativa anterior. Em 2021, a infla\u00e7\u00e3o ser\u00e1 menor e a economia voltar\u00e1 a crescer, segundo proje\u00e7\u00f5es divulgadas&nbsp;hoje&nbsp;(17) no Relat\u00f3rio de Infla\u00e7\u00e3o. A estimativa para a queda do Produto Interno Bruto (PIB), soma de todos [&hellip;]","og_url":"https:\/\/aconteceunovale.com.br\/portal\/?p=170937","og_site_name":"Aconteceu no Vale","article_publisher":"https:\/\/www.facebook.com\/aconteceunovale\/","article_published_time":"2020-12-17T15:30:08+00:00","article_modified_time":"2020-12-17T15:30:23+00:00","og_image":[{"width":678,"height":406,"url":"https:\/\/aconteceunovale.com.br\/portal\/wp-content\/uploads\/2020\/09\/banco_central.jpg","type":"image\/jpeg"}],"author":"Reda\u00e7\u00e3o Aconteceu no Vale","twitter_card":"summary_large_image","twitter_creator":"@noticiadosvales","twitter_site":"@noticiadosvales","twitter_misc":{"Escrito por":"Reda\u00e7\u00e3o Aconteceu no Vale","Est. tempo de leitura":"3 minutos"},"schema":{"@context":"https:\/\/schema.org","@graph":[{"@type":"Article","@id":"https:\/\/aconteceunovale.com.br\/portal\/?p=170937#article","isPartOf":{"@id":"https:\/\/aconteceunovale.com.br\/portal\/?p=170937"},"author":{"name":"Reda\u00e7\u00e3o Aconteceu no Vale","@id":"https:\/\/aconteceunovale.com.br\/portal\/#\/schema\/person\/7d2f26d1483f8a63de73da1ee0754d35"},"headline":"BC revisa previs\u00e3o de queda da economia neste ano","datePublished":"2020-12-17T15:30:08+00:00","dateModified":"2020-12-17T15:30:23+00:00","mainEntityOfPage":{"@id":"https:\/\/aconteceunovale.com.br\/portal\/?p=170937"},"wordCount":652,"commentCount":0,"image":{"@id":"https:\/\/aconteceunovale.com.br\/portal\/?p=170937#primaryimage"},"thumbnailUrl":"https:\/\/aconteceunovale.com.br\/portal\/wp-content\/uploads\/2020\/09\/banco_central.jpg","keywords":["banco central","bc","economia brasileira","IPCA","PIB","Previs\u00e3o de queda da economia brasileira","Queda da economia brasileira","Retra\u00e7\u00e3o da economia brasileira"],"articleSection":["Brasil"],"inLanguage":"pt-BR","potentialAction":[{"@type":"CommentAction","name":"Comment","target":["https:\/\/aconteceunovale.com.br\/portal\/?p=170937#respond"]}]},{"@type":"WebPage","@id":"https:\/\/aconteceunovale.com.br\/portal\/?p=170937","url":"https:\/\/aconteceunovale.com.br\/portal\/?p=170937","name":"BC revisa previs\u00e3o de queda da economia neste ano - Aconteceu no Vale","isPartOf":{"@id":"https:\/\/aconteceunovale.com.br\/portal\/#website"},"primaryImageOfPage":{"@id":"https:\/\/aconteceunovale.com.br\/portal\/?p=170937#primaryimage"},"image":{"@id":"https:\/\/aconteceunovale.com.br\/portal\/?p=170937#primaryimage"},"thumbnailUrl":"https:\/\/aconteceunovale.com.br\/portal\/wp-content\/uploads\/2020\/09\/banco_central.jpg","datePublished":"2020-12-17T15:30:08+00:00","dateModified":"2020-12-17T15:30:23+00:00","author":{"@id":"https:\/\/aconteceunovale.com.br\/portal\/#\/schema\/person\/7d2f26d1483f8a63de73da1ee0754d35"},"breadcrumb":{"@id":"https:\/\/aconteceunovale.com.br\/portal\/?p=170937#breadcrumb"},"inLanguage":"pt-BR","potentialAction":[{"@type":"ReadAction","target":["https:\/\/aconteceunovale.com.br\/portal\/?p=170937"]}]},{"@type":"ImageObject","inLanguage":"pt-BR","@id":"https:\/\/aconteceunovale.com.br\/portal\/?p=170937#primaryimage","url":"https:\/\/aconteceunovale.com.br\/portal\/wp-content\/uploads\/2020\/09\/banco_central.jpg","contentUrl":"https:\/\/aconteceunovale.com.br\/portal\/wp-content\/uploads\/2020\/09\/banco_central.jpg","width":678,"height":406,"caption":"Banco Central"},{"@type":"BreadcrumbList","@id":"https:\/\/aconteceunovale.com.br\/portal\/?p=170937#breadcrumb","itemListElement":[{"@type":"ListItem","position":1,"name":"In\u00edcio","item":"https:\/\/aconteceunovale.com.br\/portal\/"},{"@type":"ListItem","position":2,"name":"BC revisa previs\u00e3o de queda da economia neste ano"}]},{"@type":"WebSite","@id":"https:\/\/aconteceunovale.com.br\/portal\/#website","url":"https:\/\/aconteceunovale.com.br\/portal\/","name":"Aconteceu no Vale","description":"Portal de Not\u00edcias","potentialAction":[{"@type":"SearchAction","target":{"@type":"EntryPoint","urlTemplate":"https:\/\/aconteceunovale.com.br\/portal\/?s={search_term_string}"},"query-input":{"@type":"PropertyValueSpecification","valueRequired":true,"valueName":"search_term_string"}}],"inLanguage":"pt-BR"},{"@type":"Person","@id":"https:\/\/aconteceunovale.com.br\/portal\/#\/schema\/person\/7d2f26d1483f8a63de73da1ee0754d35","name":"Reda\u00e7\u00e3o Aconteceu no Vale","description":"Equipe de reportagem do Aconteceu no Vale, portal de not\u00edcias do Vale do Jequitinhonha, em Minas Gerais. Cobrimos as 51 cidades do Vale desde 2013. Sugest\u00f5es de pauta e pedidos de corre\u00e7\u00e3o: contato@aconteceunovale.com.br","url":"https:\/\/aconteceunovale.com.br\/portal\/?author=4"}]}},"_links":{"self":[{"href":"https:\/\/aconteceunovale.com.br\/portal\/index.php?rest_route=\/wp\/v2\/posts\/170937","targetHints":{"allow":["GET"]}}],"collection":[{"href":"https:\/\/aconteceunovale.com.br\/portal\/index.php?rest_route=\/wp\/v2\/posts"}],"about":[{"href":"https:\/\/aconteceunovale.com.br\/portal\/index.php?rest_route=\/wp\/v2\/types\/post"}],"author":[{"embeddable":true,"href":"https:\/\/aconteceunovale.com.br\/portal\/index.php?rest_route=\/wp\/v2\/users\/4"}],"replies":[{"embeddable":true,"href":"https:\/\/aconteceunovale.com.br\/portal\/index.php?rest_route=%2Fwp%2Fv2%2Fcomments&post=170937"}],"version-history":[{"count":1,"href":"https:\/\/aconteceunovale.com.br\/portal\/index.php?rest_route=\/wp\/v2\/posts\/170937\/revisions"}],"predecessor-version":[{"id":170938,"href":"https:\/\/aconteceunovale.com.br\/portal\/index.php?rest_route=\/wp\/v2\/posts\/170937\/revisions\/170938"}],"wp:featuredmedia":[{"embeddable":true,"href":"https:\/\/aconteceunovale.com.br\/portal\/index.php?rest_route=\/wp\/v2\/media\/168234"}],"wp:attachment":[{"href":"https:\/\/aconteceunovale.com.br\/portal\/index.php?rest_route=%2Fwp%2Fv2%2Fmedia&parent=170937"}],"wp:term":[{"taxonomy":"category","embeddable":true,"href":"https:\/\/aconteceunovale.com.br\/portal\/index.php?rest_route=%2Fwp%2Fv2%2Fcategories&post=170937"},{"taxonomy":"post_tag","embeddable":true,"href":"https:\/\/aconteceunovale.com.br\/portal\/index.php?rest_route=%2Fwp%2Fv2%2Ftags&post=170937"}],"curies":[{"name":"wp","href":"https:\/\/api.w.org\/{rel}","templated":true}]}}