{"id":170929,"date":"2020-12-17T10:04:30","date_gmt":"2020-12-17T13:04:30","guid":{"rendered":"https:\/\/aconteceunovale.com.br\/portal\/?p=170929"},"modified":"2020-12-17T10:06:44","modified_gmt":"2020-12-17T13:06:44","slug":"eleitos-em-2020-devem-ser-diplomados-ate-amanha","status":"publish","type":"post","link":"https:\/\/aconteceunovale.com.br\/portal\/?p=170929","title":{"rendered":"Eleitos em 2020 devem ser diplomados at\u00e9 amanh\u00e3"},"content":{"rendered":"\n<p class=\"wp-block-paragraph\">Em raz\u00e3o da pandemia de covid-19, os Tribunais Regionais Eleitorais (TREs) est\u00e3o diplomando os candidatos eleitos este ano em cerim\u00f4nias virtuais ou com restri\u00e7\u00e3o ao p\u00fablico. O prazo para diploma\u00e7\u00e3o termina amanh\u00e3 (18\/12) e cada tribunal escolheu a data e a forma que melhor se ajusta \u00e0s realidades locais.<img decoding=\"async\" src=\"https:\/\/agenciabrasil.ebc.com.br\/ebc.png?id=1396690&amp;o=node\"><img decoding=\"async\" src=\"https:\/\/agenciabrasil.ebc.com.br\/ebc.gif?id=1396690&amp;o=node\"><\/p>\n\n\n\n<p class=\"wp-block-paragraph\">Em situa\u00e7\u00f5es normais, o Tribunal Superior Eleitoral (TSE) e os TREs realizam eventos p\u00fablicos para essa fase do pleito. A diploma\u00e7\u00e3o encerra o processo eleitoral e habilita o eleito a tomar posse no seu respectivo cargo. Todos os candidatos vitoriosos e suplentes, at\u00e9 a terceira coloca\u00e7\u00e3o, podem emitir o diploma de forma online diretamente no site do TRE de cada estado. Na impossibilidade t\u00e9cnica, ele pode ser retirado no cart\u00f3rio eleitoral da zona do candidato. Nesse caso, o TSE recomenda que o atendimento seja agendado.<\/p>\n\n\n\n<h2 class=\"wp-block-heading\">Elei\u00e7\u00f5es<\/h2>\n\n\n\n<p class=\"wp-block-paragraph\">No caso das elei\u00e7\u00f5es presidenciais, \u00e9 o TSE que faz a diploma\u00e7\u00e3o. Para os eleitos aos demais cargos federais, estaduais e distritais, assim como para os suplentes, a entrega do diploma fica a cargo dos TREs. Nas elei\u00e7\u00f5es municipais, a compet\u00eancia \u00e9 das juntas eleitorais, em geral, com a participa\u00e7\u00e3o dos tribunais regionais.<\/p>\n\n\n\n<p class=\"wp-block-paragraph\">De acordo com o C\u00f3digo Eleitoral, no diploma figuram o nome do candidato, a indica\u00e7\u00e3o da legenda sob a qual concorreu, o cargo para o qual foi eleito ou a sua classifica\u00e7\u00e3o como suplente e, facultativamente, outros dados a crit\u00e9rio do juiz ou do tribunal.<\/p>\n\n\n\n<p class=\"wp-block-paragraph\">A expedi\u00e7\u00e3o dos diplomas ocorre nas 48 horas ap\u00f3s o julgamento das contas do candidato eleito. Segundo o TSE, n\u00e3o s\u00e3o diplomados o eleito do sexo masculino que n\u00e3o provar quita\u00e7\u00e3o com o servi\u00e7o militar obrigat\u00f3rio e o candidato vitorioso cujo registro de candidatura tenha sido indeferido, mesmo que ainda esteja sob aprecia\u00e7\u00e3o judicial.<\/p>\n\n\n\n<p class=\"wp-block-paragraph\">Al\u00e9m disso, enquanto o TSE n\u00e3o decidir sobre eventual Recurso Contra Expedi\u00e7\u00e3o de Diploma (RCED), o diplomado poder\u00e1 exercer o mandato. Esse recurso, previsto no artigo 262 do C\u00f3digo Eleitoral, deve ser interposto no prazo de tr\u00eas dias contados da diploma\u00e7\u00e3o.<\/p>\n\n\n\n<p class=\"wp-block-paragraph\"><a rel=\"noreferrer noopener\" href=\"http:\/\/tse.jus.br\/imprensa\/noticias-tse\/2020\/Dezembro\/eleitos-em-2020-serao-diplomados-a-distancia\" target=\"_blank\">Na p\u00e1gina do TSE<\/a>\u00a0\u00e9 poss\u00edvel conferir como ser\u00e1 a diploma\u00e7\u00e3o em cada estado e seus respectivos canais de divulga\u00e7\u00e3o.<\/p>\n\n\n\n<p class=\"has-white-color has-vivid-cyan-blue-background-color has-text-color has-background wp-block-paragraph\">Quer saber as not\u00edcias do <strong>Aconteceu no Vale<\/strong> em primeira m\u00e3o? Siga-nos no Facebook <a rel=\"noreferrer noopener\" href=\"http:\/\/facebook.com\/aconteceunovale\" target=\"_blank\">@aconteceunovale<\/a>, Twitter <a rel=\"noreferrer noopener\" href=\"https:\/\/twitter.com\/noticiadosvales\" target=\"_blank\">@noticiadosvales<\/a> e Instagram <a rel=\"noreferrer noopener\" href=\"https:\/\/www.instagram.com\/aconteceunovale\" target=\"_blank\">@aconteceunovale<\/a>.<\/p>\n","protected":false},"excerpt":{"rendered":"<p>Em raz\u00e3o da pandemia de covid-19, os Tribunais Regionais Eleitorais (TREs) est\u00e3o diplomando os candidatos eleitos este ano em cerim\u00f4nias virtuais ou com restri\u00e7\u00e3o ao p\u00fablico. O prazo para diploma\u00e7\u00e3o termina amanh\u00e3 (18\/12) e cada tribunal escolheu a data e a forma que melhor se ajusta \u00e0s realidades locais. Em situa\u00e7\u00f5es normais, o Tribunal Superior [&hellip;]<\/p>\n","protected":false},"author":4,"featured_media":170729,"comment_status":"open","ping_status":"closed","sticky":false,"template":"","format":"standard","meta":{"amp_status":"","footnotes":""},"categories":[6,215642,40240],"tags":[232762,232761,232763,232764,205329,60086,213145,94060,267],"class_list":["post-170929","post","type-post","status-publish","format-standard","has-post-thumbnail","hentry","category-br","category-eleicoes-2020","category-politica","tag-diplomacao-dos-candidatos-eleitos-em-2020","tag-diplomacao-dos-eleitos-em-2020","tag-diplomacao-prefeito-eleito","tag-diplomacao-vereador-eleito","tag-eleicoes-2020","tag-eleicoes-municipais","tag-eleicoes-municipais-2020","tag-tribunal-superior-eleitoral","tag-tse"],"yoast_head":"<!-- This site is optimized with the Yoast SEO plugin v28.3 - https:\/\/yoast.com\/product\/yoast-seo-wordpress\/ -->\n<title>Eleitos em 2020 devem ser diplomados at\u00e9 amanh\u00e3 - Aconteceu no Vale<\/title>\n<meta name=\"robots\" content=\"index, follow, max-snippet:-1, max-image-preview:large, max-video-preview:-1\" \/>\n<link rel=\"canonical\" href=\"https:\/\/aconteceunovale.com.br\/portal\/?p=170929\" \/>\n<meta property=\"og:locale\" content=\"pt_BR\" \/>\n<meta property=\"og:type\" content=\"article\" \/>\n<meta property=\"og:title\" content=\"Eleitos em 2020 devem ser diplomados at\u00e9 amanh\u00e3 - Aconteceu no Vale\" \/>\n<meta property=\"og:description\" content=\"Em raz\u00e3o da pandemia de covid-19, os Tribunais Regionais Eleitorais (TREs) est\u00e3o diplomando os candidatos eleitos este ano em cerim\u00f4nias virtuais ou com restri\u00e7\u00e3o ao p\u00fablico. O prazo para diploma\u00e7\u00e3o termina amanh\u00e3 (18\/12) e cada tribunal escolheu a data e a forma que melhor se ajusta \u00e0s realidades locais. Em situa\u00e7\u00f5es normais, o Tribunal Superior [&hellip;]\" \/>\n<meta property=\"og:url\" content=\"https:\/\/aconteceunovale.com.br\/portal\/?p=170929\" \/>\n<meta property=\"og:site_name\" content=\"Aconteceu no Vale\" \/>\n<meta property=\"article:publisher\" content=\"https:\/\/www.facebook.com\/aconteceunovale\/\" \/>\n<meta property=\"article:published_time\" content=\"2020-12-17T13:04:30+00:00\" \/>\n<meta property=\"article:modified_time\" content=\"2020-12-17T13:06:44+00:00\" \/>\n<meta property=\"og:image\" content=\"https:\/\/aconteceunovale.com.br\/portal\/wp-content\/uploads\/2020\/12\/tse_logo.jpg\" \/>\n\t<meta property=\"og:image:width\" content=\"678\" \/>\n\t<meta property=\"og:image:height\" content=\"406\" \/>\n\t<meta property=\"og:image:type\" content=\"image\/jpeg\" \/>\n<meta name=\"author\" content=\"Reda\u00e7\u00e3o Aconteceu no Vale\" \/>\n<meta name=\"twitter:card\" content=\"summary_large_image\" \/>\n<meta name=\"twitter:creator\" content=\"@noticiadosvales\" \/>\n<meta name=\"twitter:site\" content=\"@noticiadosvales\" \/>\n<meta name=\"twitter:label1\" content=\"Escrito por\" \/>\n\t<meta name=\"twitter:data1\" content=\"Reda\u00e7\u00e3o Aconteceu no Vale\" \/>\n\t<meta name=\"twitter:label2\" content=\"Est. tempo de leitura\" \/>\n\t<meta name=\"twitter:data2\" content=\"2 minutos\" \/>\n<script type=\"application\/ld+json\" class=\"yoast-schema-graph\">{\"@context\":\"https:\\\/\\\/schema.org\",\"@graph\":[{\"@type\":\"Article\",\"@id\":\"https:\\\/\\\/aconteceunovale.com.br\\\/portal\\\/?p=170929#article\",\"isPartOf\":{\"@id\":\"https:\\\/\\\/aconteceunovale.com.br\\\/portal\\\/?p=170929\"},\"author\":{\"name\":\"Reda\u00e7\u00e3o Aconteceu no Vale\",\"@id\":\"https:\\\/\\\/aconteceunovale.com.br\\\/portal\\\/#\\\/schema\\\/person\\\/7d2f26d1483f8a63de73da1ee0754d35\"},\"headline\":\"Eleitos em 2020 devem ser diplomados at\u00e9 amanh\u00e3\",\"datePublished\":\"2020-12-17T13:04:30+00:00\",\"dateModified\":\"2020-12-17T13:06:44+00:00\",\"mainEntityOfPage\":{\"@id\":\"https:\\\/\\\/aconteceunovale.com.br\\\/portal\\\/?p=170929\"},\"wordCount\":412,\"commentCount\":0,\"image\":{\"@id\":\"https:\\\/\\\/aconteceunovale.com.br\\\/portal\\\/?p=170929#primaryimage\"},\"thumbnailUrl\":\"https:\\\/\\\/aconteceunovale.com.br\\\/portal\\\/wp-content\\\/uploads\\\/2020\\\/12\\\/tse_logo.jpg\",\"keywords\":[\"Diploma\u00e7\u00e3o dos candidatos eleitos em 2020\",\"Diploma\u00e7\u00e3o dos eleitos em 2020\",\"Diploma\u00e7\u00e3o prefeito eleito\",\"Diploma\u00e7\u00e3o vereador eleito\",\"Elei\u00e7\u00f5es 2020\",\"elei\u00e7\u00f5es municipais\",\"Elei\u00e7\u00f5es municipais 2020\",\"Tribunal Superior Eleitoral\",\"TSE\"],\"articleSection\":[\"Brasil\",\"Elei\u00e7\u00f5es 2020\",\"Pol\u00edtica\"],\"inLanguage\":\"pt-BR\",\"potentialAction\":[{\"@type\":\"CommentAction\",\"name\":\"Comment\",\"target\":[\"https:\\\/\\\/aconteceunovale.com.br\\\/portal\\\/?p=170929#respond\"]}]},{\"@type\":\"WebPage\",\"@id\":\"https:\\\/\\\/aconteceunovale.com.br\\\/portal\\\/?p=170929\",\"url\":\"https:\\\/\\\/aconteceunovale.com.br\\\/portal\\\/?p=170929\",\"name\":\"Eleitos em 2020 devem ser diplomados at\u00e9 amanh\u00e3 - Aconteceu no Vale\",\"isPartOf\":{\"@id\":\"https:\\\/\\\/aconteceunovale.com.br\\\/portal\\\/#website\"},\"primaryImageOfPage\":{\"@id\":\"https:\\\/\\\/aconteceunovale.com.br\\\/portal\\\/?p=170929#primaryimage\"},\"image\":{\"@id\":\"https:\\\/\\\/aconteceunovale.com.br\\\/portal\\\/?p=170929#primaryimage\"},\"thumbnailUrl\":\"https:\\\/\\\/aconteceunovale.com.br\\\/portal\\\/wp-content\\\/uploads\\\/2020\\\/12\\\/tse_logo.jpg\",\"datePublished\":\"2020-12-17T13:04:30+00:00\",\"dateModified\":\"2020-12-17T13:06:44+00:00\",\"author\":{\"@id\":\"https:\\\/\\\/aconteceunovale.com.br\\\/portal\\\/#\\\/schema\\\/person\\\/7d2f26d1483f8a63de73da1ee0754d35\"},\"breadcrumb\":{\"@id\":\"https:\\\/\\\/aconteceunovale.com.br\\\/portal\\\/?p=170929#breadcrumb\"},\"inLanguage\":\"pt-BR\",\"potentialAction\":[{\"@type\":\"ReadAction\",\"target\":[\"https:\\\/\\\/aconteceunovale.com.br\\\/portal\\\/?p=170929\"]}]},{\"@type\":\"ImageObject\",\"inLanguage\":\"pt-BR\",\"@id\":\"https:\\\/\\\/aconteceunovale.com.br\\\/portal\\\/?p=170929#primaryimage\",\"url\":\"https:\\\/\\\/aconteceunovale.com.br\\\/portal\\\/wp-content\\\/uploads\\\/2020\\\/12\\\/tse_logo.jpg\",\"contentUrl\":\"https:\\\/\\\/aconteceunovale.com.br\\\/portal\\\/wp-content\\\/uploads\\\/2020\\\/12\\\/tse_logo.jpg\",\"width\":678,\"height\":406,\"caption\":\"Edif\u00edcio sede do Tribunal Superior Eleitoral (TSE).\"},{\"@type\":\"BreadcrumbList\",\"@id\":\"https:\\\/\\\/aconteceunovale.com.br\\\/portal\\\/?p=170929#breadcrumb\",\"itemListElement\":[{\"@type\":\"ListItem\",\"position\":1,\"name\":\"In\u00edcio\",\"item\":\"https:\\\/\\\/aconteceunovale.com.br\\\/portal\\\/\"},{\"@type\":\"ListItem\",\"position\":2,\"name\":\"Eleitos em 2020 devem ser diplomados at\u00e9 amanh\u00e3\"}]},{\"@type\":\"WebSite\",\"@id\":\"https:\\\/\\\/aconteceunovale.com.br\\\/portal\\\/#website\",\"url\":\"https:\\\/\\\/aconteceunovale.com.br\\\/portal\\\/\",\"name\":\"Aconteceu no Vale\",\"description\":\"Portal de Not\u00edcias\",\"potentialAction\":[{\"@type\":\"SearchAction\",\"target\":{\"@type\":\"EntryPoint\",\"urlTemplate\":\"https:\\\/\\\/aconteceunovale.com.br\\\/portal\\\/?s={search_term_string}\"},\"query-input\":{\"@type\":\"PropertyValueSpecification\",\"valueRequired\":true,\"valueName\":\"search_term_string\"}}],\"inLanguage\":\"pt-BR\"},{\"@type\":\"Person\",\"@id\":\"https:\\\/\\\/aconteceunovale.com.br\\\/portal\\\/#\\\/schema\\\/person\\\/7d2f26d1483f8a63de73da1ee0754d35\",\"name\":\"Reda\u00e7\u00e3o Aconteceu no Vale\",\"description\":\"Equipe de reportagem do Aconteceu no Vale, portal de not\u00edcias do Vale do Jequitinhonha, em Minas Gerais. Cobrimos as 51 cidades do Vale desde 2013. Sugest\u00f5es de pauta e pedidos de corre\u00e7\u00e3o: contato@aconteceunovale.com.br\",\"url\":\"https:\\\/\\\/aconteceunovale.com.br\\\/portal\\\/?author=4\"}]}<\/script>\n<!-- \/ Yoast SEO plugin. -->","yoast_head_json":{"title":"Eleitos em 2020 devem ser diplomados at\u00e9 amanh\u00e3 - Aconteceu no Vale","robots":{"index":"index","follow":"follow","max-snippet":"max-snippet:-1","max-image-preview":"max-image-preview:large","max-video-preview":"max-video-preview:-1"},"canonical":"https:\/\/aconteceunovale.com.br\/portal\/?p=170929","og_locale":"pt_BR","og_type":"article","og_title":"Eleitos em 2020 devem ser diplomados at\u00e9 amanh\u00e3 - Aconteceu no Vale","og_description":"Em raz\u00e3o da pandemia de covid-19, os Tribunais Regionais Eleitorais (TREs) est\u00e3o diplomando os candidatos eleitos este ano em cerim\u00f4nias virtuais ou com restri\u00e7\u00e3o ao p\u00fablico. O prazo para diploma\u00e7\u00e3o termina amanh\u00e3 (18\/12) e cada tribunal escolheu a data e a forma que melhor se ajusta \u00e0s realidades locais. Em situa\u00e7\u00f5es normais, o Tribunal Superior [&hellip;]","og_url":"https:\/\/aconteceunovale.com.br\/portal\/?p=170929","og_site_name":"Aconteceu no Vale","article_publisher":"https:\/\/www.facebook.com\/aconteceunovale\/","article_published_time":"2020-12-17T13:04:30+00:00","article_modified_time":"2020-12-17T13:06:44+00:00","og_image":[{"width":678,"height":406,"url":"https:\/\/aconteceunovale.com.br\/portal\/wp-content\/uploads\/2020\/12\/tse_logo.jpg","type":"image\/jpeg"}],"author":"Reda\u00e7\u00e3o Aconteceu no Vale","twitter_card":"summary_large_image","twitter_creator":"@noticiadosvales","twitter_site":"@noticiadosvales","twitter_misc":{"Escrito por":"Reda\u00e7\u00e3o Aconteceu no Vale","Est. tempo de leitura":"2 minutos"},"schema":{"@context":"https:\/\/schema.org","@graph":[{"@type":"Article","@id":"https:\/\/aconteceunovale.com.br\/portal\/?p=170929#article","isPartOf":{"@id":"https:\/\/aconteceunovale.com.br\/portal\/?p=170929"},"author":{"name":"Reda\u00e7\u00e3o Aconteceu no Vale","@id":"https:\/\/aconteceunovale.com.br\/portal\/#\/schema\/person\/7d2f26d1483f8a63de73da1ee0754d35"},"headline":"Eleitos em 2020 devem ser diplomados at\u00e9 amanh\u00e3","datePublished":"2020-12-17T13:04:30+00:00","dateModified":"2020-12-17T13:06:44+00:00","mainEntityOfPage":{"@id":"https:\/\/aconteceunovale.com.br\/portal\/?p=170929"},"wordCount":412,"commentCount":0,"image":{"@id":"https:\/\/aconteceunovale.com.br\/portal\/?p=170929#primaryimage"},"thumbnailUrl":"https:\/\/aconteceunovale.com.br\/portal\/wp-content\/uploads\/2020\/12\/tse_logo.jpg","keywords":["Diploma\u00e7\u00e3o dos candidatos eleitos em 2020","Diploma\u00e7\u00e3o dos eleitos em 2020","Diploma\u00e7\u00e3o prefeito eleito","Diploma\u00e7\u00e3o vereador eleito","Elei\u00e7\u00f5es 2020","elei\u00e7\u00f5es municipais","Elei\u00e7\u00f5es municipais 2020","Tribunal Superior Eleitoral","TSE"],"articleSection":["Brasil","Elei\u00e7\u00f5es 2020","Pol\u00edtica"],"inLanguage":"pt-BR","potentialAction":[{"@type":"CommentAction","name":"Comment","target":["https:\/\/aconteceunovale.com.br\/portal\/?p=170929#respond"]}]},{"@type":"WebPage","@id":"https:\/\/aconteceunovale.com.br\/portal\/?p=170929","url":"https:\/\/aconteceunovale.com.br\/portal\/?p=170929","name":"Eleitos em 2020 devem ser diplomados at\u00e9 amanh\u00e3 - Aconteceu no Vale","isPartOf":{"@id":"https:\/\/aconteceunovale.com.br\/portal\/#website"},"primaryImageOfPage":{"@id":"https:\/\/aconteceunovale.com.br\/portal\/?p=170929#primaryimage"},"image":{"@id":"https:\/\/aconteceunovale.com.br\/portal\/?p=170929#primaryimage"},"thumbnailUrl":"https:\/\/aconteceunovale.com.br\/portal\/wp-content\/uploads\/2020\/12\/tse_logo.jpg","datePublished":"2020-12-17T13:04:30+00:00","dateModified":"2020-12-17T13:06:44+00:00","author":{"@id":"https:\/\/aconteceunovale.com.br\/portal\/#\/schema\/person\/7d2f26d1483f8a63de73da1ee0754d35"},"breadcrumb":{"@id":"https:\/\/aconteceunovale.com.br\/portal\/?p=170929#breadcrumb"},"inLanguage":"pt-BR","potentialAction":[{"@type":"ReadAction","target":["https:\/\/aconteceunovale.com.br\/portal\/?p=170929"]}]},{"@type":"ImageObject","inLanguage":"pt-BR","@id":"https:\/\/aconteceunovale.com.br\/portal\/?p=170929#primaryimage","url":"https:\/\/aconteceunovale.com.br\/portal\/wp-content\/uploads\/2020\/12\/tse_logo.jpg","contentUrl":"https:\/\/aconteceunovale.com.br\/portal\/wp-content\/uploads\/2020\/12\/tse_logo.jpg","width":678,"height":406,"caption":"Edif\u00edcio sede do Tribunal Superior Eleitoral (TSE)."},{"@type":"BreadcrumbList","@id":"https:\/\/aconteceunovale.com.br\/portal\/?p=170929#breadcrumb","itemListElement":[{"@type":"ListItem","position":1,"name":"In\u00edcio","item":"https:\/\/aconteceunovale.com.br\/portal\/"},{"@type":"ListItem","position":2,"name":"Eleitos em 2020 devem ser diplomados at\u00e9 amanh\u00e3"}]},{"@type":"WebSite","@id":"https:\/\/aconteceunovale.com.br\/portal\/#website","url":"https:\/\/aconteceunovale.com.br\/portal\/","name":"Aconteceu no Vale","description":"Portal de Not\u00edcias","potentialAction":[{"@type":"SearchAction","target":{"@type":"EntryPoint","urlTemplate":"https:\/\/aconteceunovale.com.br\/portal\/?s={search_term_string}"},"query-input":{"@type":"PropertyValueSpecification","valueRequired":true,"valueName":"search_term_string"}}],"inLanguage":"pt-BR"},{"@type":"Person","@id":"https:\/\/aconteceunovale.com.br\/portal\/#\/schema\/person\/7d2f26d1483f8a63de73da1ee0754d35","name":"Reda\u00e7\u00e3o Aconteceu no Vale","description":"Equipe de reportagem do Aconteceu no Vale, portal de not\u00edcias do Vale do Jequitinhonha, em Minas Gerais. Cobrimos as 51 cidades do Vale desde 2013. Sugest\u00f5es de pauta e pedidos de corre\u00e7\u00e3o: contato@aconteceunovale.com.br","url":"https:\/\/aconteceunovale.com.br\/portal\/?author=4"}]}},"_links":{"self":[{"href":"https:\/\/aconteceunovale.com.br\/portal\/index.php?rest_route=\/wp\/v2\/posts\/170929","targetHints":{"allow":["GET"]}}],"collection":[{"href":"https:\/\/aconteceunovale.com.br\/portal\/index.php?rest_route=\/wp\/v2\/posts"}],"about":[{"href":"https:\/\/aconteceunovale.com.br\/portal\/index.php?rest_route=\/wp\/v2\/types\/post"}],"author":[{"embeddable":true,"href":"https:\/\/aconteceunovale.com.br\/portal\/index.php?rest_route=\/wp\/v2\/users\/4"}],"replies":[{"embeddable":true,"href":"https:\/\/aconteceunovale.com.br\/portal\/index.php?rest_route=%2Fwp%2Fv2%2Fcomments&post=170929"}],"version-history":[{"count":1,"href":"https:\/\/aconteceunovale.com.br\/portal\/index.php?rest_route=\/wp\/v2\/posts\/170929\/revisions"}],"predecessor-version":[{"id":170930,"href":"https:\/\/aconteceunovale.com.br\/portal\/index.php?rest_route=\/wp\/v2\/posts\/170929\/revisions\/170930"}],"wp:featuredmedia":[{"embeddable":true,"href":"https:\/\/aconteceunovale.com.br\/portal\/index.php?rest_route=\/wp\/v2\/media\/170729"}],"wp:attachment":[{"href":"https:\/\/aconteceunovale.com.br\/portal\/index.php?rest_route=%2Fwp%2Fv2%2Fmedia&parent=170929"}],"wp:term":[{"taxonomy":"category","embeddable":true,"href":"https:\/\/aconteceunovale.com.br\/portal\/index.php?rest_route=%2Fwp%2Fv2%2Fcategories&post=170929"},{"taxonomy":"post_tag","embeddable":true,"href":"https:\/\/aconteceunovale.com.br\/portal\/index.php?rest_route=%2Fwp%2Fv2%2Ftags&post=170929"}],"curies":[{"name":"wp","href":"https:\/\/api.w.org\/{rel}","templated":true}]}}