{"id":170744,"date":"2020-12-14T13:04:06","date_gmt":"2020-12-14T16:04:06","guid":{"rendered":"https:\/\/aconteceunovale.com.br\/portal\/?p=170744"},"modified":"2020-12-14T13:10:12","modified_gmt":"2020-12-14T16:10:12","slug":"governo-mantem-leitos-de-uti-em-capelinha-e-outros-quatro-municipios-do-vale-do-jequitinhonha","status":"publish","type":"post","link":"https:\/\/aconteceunovale.com.br\/portal\/?p=170744","title":{"rendered":"Governo mant\u00e9m leitos de UTI em Capelinha e outros quatro munic\u00edpios do Vale do Jequitinhonha"},"content":{"rendered":"\n<p>Delibera\u00e7\u00e3o do Governo de Minas Gerais, atrav\u00e9s da Secretaria de Estado de Sa\u00fade (SES-MG), renovou o credenciamento de leitos de UTI (Unidade de Terapia Intensiva) nos munic\u00edpios de Capelinha, Diamantina, Ara\u00e7ua\u00ed, Itaobim e Almenara. A decis\u00e3o foi publicada no dia 9 de dezembro de 2020.<\/p>\n\n\n\n<p>Em Capelinha, no Alto Jequitinhonha, os 10 leitos de UTI criados para o enfrentamento \u00e0 pandemia do novo coronav\u00edrus (que causa da doen\u00e7a Covid-19) permanecer\u00e3o abertos em 2021 e poder\u00e3o ser convertidos para a Rede de Aten\u00e7\u00e3o \u00e0 Sa\u00fade.<\/p>\n\n\n\n<p><em>\u201cOs 10 leitos, que foram criados atrav\u00e9s de uma parceria entre a Funda\u00e7\u00e3o e a Prefeitura de Capelinha para o enfrentamento \u00e0 pandemia de COVID-19, inicialmente come\u00e7aram a funcionar credenciados pelo Governo de Minas. Posteriormente, devido \u00e0 baixa demanda, o Governo descredenciou quatro leitos, por\u00e9m, a Funda\u00e7\u00e3o e a Prefeitura mantiveram a estrutura montada. Uma comitiva composta pelo presidente da Funda\u00e7\u00e3o Hospitalar S\u00e3o Vicente de Paulo, Dr. Nicodemos Evaristo, o prefeito de Capelinha, Tadeu Filipe, e o vice-prefeito eleito para a Gest\u00e3o 2021-2024, Al\u00e9quison Gomes, se reuniu em Belo Horizonte com o deputado estadual Gustavo Valadares, que se juntou aos capelinhenses no pleito junto ao governo mineiro, para mostrar a necessidade de nossa regi\u00e3o contar com o atendimento intensivo na Funda\u00e7\u00e3o\u201d,<\/em> informou a Prefeitura de Capelinha.<\/p>\n\n\n\n<figure class=\"wp-block-gallery columns-1 is-cropped wp-block-gallery-1 is-layout-flex wp-block-gallery-is-layout-flex\"><ul class=\"blocks-gallery-grid\"><li class=\"blocks-gallery-item\"><figure><img loading=\"lazy\" decoding=\"async\" width=\"676\" height=\"450\" src=\"https:\/\/aconteceunovale.com.br\/portal\/wp-content\/uploads\/2020\/11\/uti_covid_cap.jpg\" alt=\"\" data-id=\"169949\" data-full-url=\"https:\/\/aconteceunovale.com.br\/portal\/wp-content\/uploads\/2020\/11\/uti_covid_cap.jpg\" data-link=\"https:\/\/aconteceunovale.com.br\/portal\/?attachment_id=169949\" class=\"wp-image-169949\" srcset=\"https:\/\/aconteceunovale.com.br\/portal\/wp-content\/uploads\/2020\/11\/uti_covid_cap.jpg 676w, https:\/\/aconteceunovale.com.br\/portal\/wp-content\/uploads\/2020\/11\/uti_covid_cap-300x200.jpg 300w, https:\/\/aconteceunovale.com.br\/portal\/wp-content\/uploads\/2020\/11\/uti_covid_cap-631x420.jpg 631w\" sizes=\"auto, (max-width: 676px) 100vw, 676px\" \/><figcaption class=\"blocks-gallery-item__caption\"><em>UTI Covid-19 de Capelinha (Foto: Divulga\u00e7\u00e3o)<\/em><\/figcaption><\/figure><\/li><\/ul><\/figure>\n\n\n\n<p><strong>Confira as cidades beneficiadas no Vale do Jequitinhonha:<\/strong><\/p>\n\n\n\n<figure class=\"wp-block-table\"><table><tbody><tr><td><strong>Munic\u00edpio<\/strong><\/td><td><strong>Hospital<\/strong><\/td><td class=\"has-text-align-center\" data-align=\"center\"><strong>N\u00ba de leitos de UTI<\/strong><\/td><\/tr><tr><td>Capelinha<\/td><td>Hospital S\u00e3o Vicente de Paulo<\/td><td class=\"has-text-align-center\" data-align=\"center\">10<\/td><\/tr><tr><td>Diamantina<\/td><td>Santa Casa de Caridade<\/td><td class=\"has-text-align-center\" data-align=\"center\">20<\/td><\/tr><tr><td>Ara\u00e7ua\u00ed<\/td><td>Hospital S\u00e3o Vicente de Paulo<\/td><td class=\"has-text-align-center\" data-align=\"center\">10<\/td><\/tr><tr><td>Itaobim<\/td><td>Hospital Vale do Jequitinhonha<\/td><td class=\"has-text-align-center\" data-align=\"center\">10<\/td><\/tr><tr><td>Almenara<\/td><td>Hospital Deraldo Guimar\u00e3es<\/td><td class=\"has-text-align-center\" data-align=\"center\">10<\/td><\/tr><\/tbody><\/table><\/figure>\n\n\n\n<div class=\"wp-block-file\"><a href=\"https:\/\/aconteceunovale.com.br\/portal\/wp-content\/uploads\/2020\/12\/Del-3275-Minuta-incentivo-leitos-UTI.pdf\"><strong>&#8211; Leia a delibera\u00e7\u00e3o CIB-SUS\/MG n\u00ba 3.275<\/strong><\/a><a href=\"https:\/\/aconteceunovale.com.br\/portal\/wp-content\/uploads\/2020\/12\/Del-3275-Minuta-incentivo-leitos-UTI.pdf\" class=\"wp-block-file__button\" download><strong>Visualizar<\/strong><\/a><\/div>\n\n\n\n<p class=\"has-white-color has-vivid-cyan-blue-background-color has-text-color has-background\">Quer saber as not\u00edcias do <strong>Aconteceu no Vale<\/strong> em primeira m\u00e3o? Siga-nos no Facebook <a rel=\"noreferrer noopener\" href=\"http:\/\/facebook.com\/aconteceunovale\" target=\"_blank\">@aconteceunovale<\/a>, Twitter <a rel=\"noreferrer noopener\" href=\"https:\/\/twitter.com\/noticiadosvales\" target=\"_blank\">@noticiadosvales<\/a> e Instagram <a rel=\"noreferrer noopener\" href=\"https:\/\/www.instagram.com\/aconteceunovale\" target=\"_blank\">@aconteceunovale<\/a>.<\/p>\n","protected":false},"excerpt":{"rendered":"<p>Delibera\u00e7\u00e3o do Governo de Minas Gerais, atrav\u00e9s da Secretaria de Estado de Sa\u00fade (SES-MG), renovou o credenciamento de leitos de UTI (Unidade de Terapia Intensiva) nos munic\u00edpios de Capelinha, Diamantina, Ara\u00e7ua\u00ed, Itaobim e Almenara. A decis\u00e3o foi publicada no dia 9 de dezembro de 2020. Em Capelinha, no Alto Jequitinhonha, os 10 leitos de UTI [&hellip;]<\/p>\n","protected":false},"author":4,"featured_media":169949,"comment_status":"open","ping_status":"closed","sticky":false,"template":"","format":"standard","meta":{"amp_status":"","footnotes":""},"categories":[40242,120],"tags":[142,186,132,1018,198,232547,21871,391,232553,232551,225629,232549,232555,232548,232554,232552,232550,232556,232561,232564,232565,232563,232562,232560,232557,232559,232558],"class_list":["post-170744","post","type-post","status-publish","format-standard","has-post-thumbnail","hentry","category-saude-2","category-jequi","tag-almenara","tag-aracuai","tag-capelinha","tag-destaque","tag-diamantina","tag-governo-mantem-leitos-de-uti-em-capelinha-e-outros-quatro-municipios-do-vale-do-jequitinhonha","tag-hospital-sao-vicente-de-paulo","tag-itaobim","tag-leitos-de-uti-em-almenara","tag-leitos-de-uti-em-aracuai","tag-leitos-de-uti-em-capelinha","tag-leitos-de-uti-em-diamantina","tag-leitos-de-uti-em-itaobim","tag-uti-capelinha","tag-uti-em-almenara","tag-uti-em-aracuai","tag-uti-em-diamantina","tag-uti-em-itaobim","tag-uti-hospital-de-almenara","tag-uti-hospital-de-aracuai","tag-uti-hospital-de-capelinha","tag-uti-hospital-de-diamantina","tag-uti-hospital-de-itaobim","tag-uti-hospital-deraldo-guimaraes","tag-uti-hospital-sao-vicente-de-paulo","tag-uti-hospital-vale-do-jequitinhonha","tag-uti-santa-casa-de-caridade-de-diamantina"],"_links":{"self":[{"href":"https:\/\/aconteceunovale.com.br\/portal\/index.php?rest_route=\/wp\/v2\/posts\/170744","targetHints":{"allow":["GET"]}}],"collection":[{"href":"https:\/\/aconteceunovale.com.br\/portal\/index.php?rest_route=\/wp\/v2\/posts"}],"about":[{"href":"https:\/\/aconteceunovale.com.br\/portal\/index.php?rest_route=\/wp\/v2\/types\/post"}],"author":[{"embeddable":true,"href":"https:\/\/aconteceunovale.com.br\/portal\/index.php?rest_route=\/wp\/v2\/users\/4"}],"replies":[{"embeddable":true,"href":"https:\/\/aconteceunovale.com.br\/portal\/index.php?rest_route=%2Fwp%2Fv2%2Fcomments&post=170744"}],"version-history":[{"count":4,"href":"https:\/\/aconteceunovale.com.br\/portal\/index.php?rest_route=\/wp\/v2\/posts\/170744\/revisions"}],"predecessor-version":[{"id":170750,"href":"https:\/\/aconteceunovale.com.br\/portal\/index.php?rest_route=\/wp\/v2\/posts\/170744\/revisions\/170750"}],"wp:featuredmedia":[{"embeddable":true,"href":"https:\/\/aconteceunovale.com.br\/portal\/index.php?rest_route=\/wp\/v2\/media\/169949"}],"wp:attachment":[{"href":"https:\/\/aconteceunovale.com.br\/portal\/index.php?rest_route=%2Fwp%2Fv2%2Fmedia&parent=170744"}],"wp:term":[{"taxonomy":"category","embeddable":true,"href":"https:\/\/aconteceunovale.com.br\/portal\/index.php?rest_route=%2Fwp%2Fv2%2Fcategories&post=170744"},{"taxonomy":"post_tag","embeddable":true,"href":"https:\/\/aconteceunovale.com.br\/portal\/index.php?rest_route=%2Fwp%2Fv2%2Ftags&post=170744"}],"curies":[{"name":"wp","href":"https:\/\/api.w.org\/{rel}","templated":true}]}}