{"id":170735,"date":"2020-12-14T11:03:43","date_gmt":"2020-12-14T14:03:43","guid":{"rendered":"https:\/\/aconteceunovale.com.br\/portal\/?p=170735"},"modified":"2020-12-14T11:04:08","modified_gmt":"2020-12-14T14:04:08","slug":"casos-diarios-de-covid-19-no-brasil-se-aproximam-do-pico-de-julho","status":"publish","type":"post","link":"https:\/\/aconteceunovale.com.br\/portal\/?p=170735","title":{"rendered":"Casos di\u00e1rios de Covid-19 no Brasil se aproximam do pico de julho"},"content":{"rendered":"\n<p>Desde o in\u00edcio de novembro, os casos de covid-19 no Brasil voltaram a subir e est\u00e3o quase no mesmo n\u00edvel do pico de julho, em novos casos di\u00e1rios na m\u00e9dia m\u00f3vel de sete dias. Os dados s\u00e3o do Monitora Covid-19, do Instituto de Comunica\u00e7\u00e3o e Informa\u00e7\u00e3o Cient\u00edfica e Tecnol\u00f3gica em Sa\u00fade, da&nbsp;<a href=\"https:\/\/bigdata-covid19.icict.fiocruz.br\/\" target=\"_blank\" rel=\"noreferrer noopener\">Funda\u00e7\u00e3o Oswaldo Cruz<\/a>&nbsp;(ICICT\/Fiocruz).<img decoding=\"async\" src=\"https:\/\/agenciabrasil.ebc.com.br\/ebc.png?id=1396355&amp;o=node\"><img decoding=\"async\" src=\"https:\/\/agenciabrasil.ebc.com.br\/ebc.gif?id=1396355&amp;o=node\"><\/p>\n\n\n\n<p>Durante toda a pandemia, o dia em que foram registrados mais casos novos de covid-19 no pa\u00eds foi 29 de julho, com 46.393. Ap\u00f3s esse dado, a tend\u00eancia geral de cont\u00e1gio se manteve em queda, atingindo o m\u00ednimo de 16.727 casos novos no dia 6 de novembro. Os dados atualizados ontem (13) apontam para 42.630,29 casos novos. Na sexta-feira (11), o pa\u00eds notificou 43.179,86 casos na m\u00e9dia m\u00f3vel de sete dias.<\/p>\n\n\n\n<p>H\u00e1 um m\u00eas, no dia 14 de novembro, a tend\u00eancia de alta era percebida, com 27.917 casos. No domingo passado (6), chegaram a 41.257,14.<\/p>\n\n\n\n<h2 class=\"wp-block-heading\">\u00d3bitos<\/h2>\n\n\n\n<p>No registro de \u00f3bitos em m\u00e9dias m\u00f3veis, o pa\u00eds se manteve num patamar acima de 900 casos por dia entre 23 de maio e 27 de agosto. A queda se manteve constante at\u00e9 o pico m\u00ednimo de 323,86 no dia 11 de novembro. No domingo passado a tend\u00eancia de alta se consolidava com 586,86 e ontem foram 637,29 mortes causadas pela covid-19 no pa\u00eds.<\/p>\n\n\n\n<p>O Brasil acumula 6.901.952 casos de covid-19 e 181.402 \u00f3bitos, segundo os dados divulgados ontem pelo Minist\u00e9rio da Sa\u00fade.<\/p>\n\n\n\n<h2 class=\"wp-block-heading\">Rio de Janeiro<\/h2>\n\n\n\n<p>No estado do Rio de Janeiro, os dados do Monitora Covid-19 apontam para quedas e subidas constantes no n\u00famero de novos casos di\u00e1rios na m\u00e9dia m\u00f3vel de sete dias. O pico de alta foi em 25 de julho, com 3.009 casos, e houve um pico de baixa no dia 10 setembro, com 648,86. Desde ent\u00e3o os registros oscilam na faixa entre mil e 2 mil casos por dia, com poucos dias abaixo de 800. No dia 14 de novembro foram 1.613,86 casos novos e h\u00e1 uma semana, no dia 6 de dezembro, 2.637. Os dados registram 2.578,57 casos novos ontem.<\/p>\n\n\n\n<p>Os \u00f3bitos no estado seguiram um padr\u00e3o parecido, sem uma queda constante nos n\u00fameros. As mortes por covid-19 oscilaram entre 60 e 130 de 1\u00ba de julho a 1\u00ba de novembro, com um pico de baixa no dia 11 de novembro, quando foram 30,14 \u00f3bitos. H\u00e1 uma semana foram 81,43 e ontem 84,43.<\/p>\n\n\n\n<h2 class=\"wp-block-heading\">Leitos<\/h2>\n\n\n\n<p>A prefeitura do Rio de Janeiro informou ontem que a rede municipal possui atualmente 918 leitos para covid-19, sendo 288 em Unidade de Terapia Intensiva (UTI). Em toda a rede do Sistema \u00danico de Sa\u00fade&nbsp; (SUS), que inclui as unidades municipais, estaduais e federais, o munic\u00edpio est\u00e1 com ocupa\u00e7\u00e3o de 93% dos leitos para covid-19 em UTIs e de 92% nos leitos de enfermaria.<\/p>\n\n\n\n<p>Segundo a Secretaria Municipal de Sa\u00fade, a rede SUS na capital est\u00e1 com 1.401 pessoas internadas em leitos especializados para covid-19, sendo 600 em UTIs. Cerca de 400 pessoas aguardam transfer\u00eancia, 205 delas para leitos de UTIs. O n\u00famero de pessoas internadas praticamente dobrou desde o in\u00edcio de novembro.<\/p>\n\n\n\n<p>No dia 3 de novembro n\u00e3o havia fila de espera de leitos para covid-19 na cidade, com total de 881, sendo 251 deles em UTIs. Naquele momento, a rede SUS estava com ocupa\u00e7\u00e3o de 80% dos leitos para covid-19, com 52% em enfermarias. Eram 729 pessoas internadas em leitos especializados na capital, sendo 378 em UTIs.<\/p>\n\n\n\n<p class=\"has-white-color has-vivid-cyan-blue-background-color has-text-color has-background\">Quer saber as not\u00edcias do <strong>Aconteceu no Vale<\/strong> em primeira m\u00e3o? Siga-nos no Facebook <a rel=\"noreferrer noopener\" href=\"http:\/\/facebook.com\/aconteceunovale\" target=\"_blank\">@aconteceunovale<\/a>, Twitter <a rel=\"noreferrer noopener\" href=\"https:\/\/twitter.com\/noticiadosvales\" target=\"_blank\">@noticiadosvales<\/a> e Instagram <a rel=\"noreferrer noopener\" href=\"https:\/\/www.instagram.com\/aconteceunovale\" target=\"_blank\">@aconteceunovale<\/a>.<\/p>\n","protected":false},"excerpt":{"rendered":"<p>Desde o in\u00edcio de novembro, os casos de covid-19 no Brasil voltaram a subir e est\u00e3o quase no mesmo n\u00edvel do pico de julho, em novos casos di\u00e1rios na m\u00e9dia m\u00f3vel de sete dias. Os dados s\u00e3o do Monitora Covid-19, do Instituto de Comunica\u00e7\u00e3o e Informa\u00e7\u00e3o Cient\u00edfica e Tecnol\u00f3gica em Sa\u00fade, da&nbsp;Funda\u00e7\u00e3o Oswaldo Cruz&nbsp;(ICICT\/Fiocruz). Durante [&hellip;]<\/p>\n","protected":false},"author":4,"featured_media":161742,"comment_status":"open","ping_status":"closed","sticky":false,"template":"","format":"standard","meta":{"amp_status":"","footnotes":""},"categories":[6,40242],"tags":[4785,220477,220660,219520,218049,218205,214884,215394,216498,218043,19326,220349,218044,218045,215653,218206,219105,219104,218876,219519,140166,217692,220478,220479,220944,220945],"class_list":["post-170735","post","type-post","status-publish","format-standard","has-post-thumbnail","hentry","category-br","category-saude-2","tag-brasil","tag-brasil-bate-recorde-de-obitos-e-casos-confirmados-em-um-dia","tag-brasil-ultrapassa-marca-de-4-mil-obitos-por-covid-19","tag-casos-confirmados-e-obitos-no-brasil","tag-casos-de-coronavirus-no-brasil","tag-casos-de-covid-19-no-brasil","tag-coronavirus","tag-coronavirus-no-brasil","tag-covid-19","tag-covid-19-no-brasil","tag-ministerio-da-saude","tag-ministerio-da-saude-atualiza-numeros-do-coronavirus-no-brasil","tag-mortes-por-coronavirus-no-brasil","tag-mortes-por-covid-19-no-brasil","tag-novo-coronavirus","tag-numero-de-casos-de-covid-19-confirmados-no-brasil","tag-numeros-da-covid-19-no-brasil","tag-numeros-do-coronavirus-no-brasil","tag-obitos-por-coronavirus-no-brasil","tag-obitos-por-covid-19-no-brasil","tag-pandemia","tag-pandemia-de-coronavirus","tag-recorde-de-obitos-por-coronavirus-no-brasil","tag-recorde-de-obitos-por-covid-19-no-brasil","tag-virus-vai-atingir-70-da-populacao","tag-virus-vai-atingir-70-da-populacao-diz-jair-bolsonaro"],"_links":{"self":[{"href":"https:\/\/aconteceunovale.com.br\/portal\/index.php?rest_route=\/wp\/v2\/posts\/170735","targetHints":{"allow":["GET"]}}],"collection":[{"href":"https:\/\/aconteceunovale.com.br\/portal\/index.php?rest_route=\/wp\/v2\/posts"}],"about":[{"href":"https:\/\/aconteceunovale.com.br\/portal\/index.php?rest_route=\/wp\/v2\/types\/post"}],"author":[{"embeddable":true,"href":"https:\/\/aconteceunovale.com.br\/portal\/index.php?rest_route=\/wp\/v2\/users\/4"}],"replies":[{"embeddable":true,"href":"https:\/\/aconteceunovale.com.br\/portal\/index.php?rest_route=%2Fwp%2Fv2%2Fcomments&post=170735"}],"version-history":[{"count":1,"href":"https:\/\/aconteceunovale.com.br\/portal\/index.php?rest_route=\/wp\/v2\/posts\/170735\/revisions"}],"predecessor-version":[{"id":170736,"href":"https:\/\/aconteceunovale.com.br\/portal\/index.php?rest_route=\/wp\/v2\/posts\/170735\/revisions\/170736"}],"wp:featuredmedia":[{"embeddable":true,"href":"https:\/\/aconteceunovale.com.br\/portal\/index.php?rest_route=\/wp\/v2\/media\/161742"}],"wp:attachment":[{"href":"https:\/\/aconteceunovale.com.br\/portal\/index.php?rest_route=%2Fwp%2Fv2%2Fmedia&parent=170735"}],"wp:term":[{"taxonomy":"category","embeddable":true,"href":"https:\/\/aconteceunovale.com.br\/portal\/index.php?rest_route=%2Fwp%2Fv2%2Fcategories&post=170735"},{"taxonomy":"post_tag","embeddable":true,"href":"https:\/\/aconteceunovale.com.br\/portal\/index.php?rest_route=%2Fwp%2Fv2%2Ftags&post=170735"}],"curies":[{"name":"wp","href":"https:\/\/api.w.org\/{rel}","templated":true}]}}