{"id":170641,"date":"2020-12-11T21:23:12","date_gmt":"2020-12-12T00:23:12","guid":{"rendered":"https:\/\/aconteceunovale.com.br\/portal\/?p=170641"},"modified":"2020-12-11T21:23:37","modified_gmt":"2020-12-12T00:23:37","slug":"mourao-pede-uniao-e-otimismo-para-2021","status":"publish","type":"post","link":"https:\/\/aconteceunovale.com.br\/portal\/?p=170641","title":{"rendered":"Mour\u00e3o pede uni\u00e3o e otimismo para 2021"},"content":{"rendered":"\n<p>O vice-presidente Hamilton Mour\u00e3o publicou hoje (11\/12\/2020) um artigo em que pede uni\u00e3o, esfor\u00e7o e otimismo para o final deste ano e para 2021.<img decoding=\"async\" src=\"https:\/\/agenciabrasil.ebc.com.br\/ebc.png?id=1396233&amp;o=node\"><img decoding=\"async\" src=\"https:\/\/agenciabrasil.ebc.com.br\/ebc.gif?id=1396233&amp;o=node\"><\/p>\n\n\n\n<p>O pr\u00f3ximo ano, segundo o vice-presidente, dever\u00e1 ser caracterizado por \u201cotimismo e cren\u00e7a na vit\u00f3ria, abandonando os sentimentos negativos de que tudo est\u00e1 perdido. N\u00e3o est\u00e1!\u201d, afirma.<\/p>\n\n\n\n<p>Mour\u00e3o reconhece as dificuldades atravessadas por fam\u00edlias brasileiras durante a pandemia de covid-19, principalmente aquelas que perderam membros e amigos por causa da doen\u00e7a. \u201cEnfrentamos um per\u00edodo de incompar\u00e1veis desafios, notadamente no campo da luta pela vida contra a pandemia do coronav\u00edrus. Per\u00edodo de luto, sofrimento e dor para milhares de fam\u00edlias que perderam seus entes queridos, seus amigos, nossos irm\u00e3os brasileiros, apesar de toda a nossa participa\u00e7\u00e3o, empenho e vontade de vencer esta doen\u00e7a.\u201d<\/p>\n\n\n\n<p>Em tom de otimismo, o vice-presidente afirma que \u00e9 necess\u00e1rio potencializar o lado promissor do Brasil com uni\u00e3o. Assim, haver\u00e1 \u201cfonte de energia para aumentar nossa disposi\u00e7\u00e3o e para cada vez mais construir (ou reconstruir) o nosso Brasil\u201d. Mour\u00e3o cita ainda F\u00e1bio Faria, ministro das Comunica\u00e7\u00f5es, cuja frase o vice-presidente toma a liberdade de parafrasear: \u201c\u00c9 oportuno e necess\u00e1rio um armist\u00edcio patri\u00f3tico\u201d. Mour\u00e3o fala ainda sobre a quest\u00e3o do desmatamento na Amaz\u00f4nia, e afirma que houve uma campanha internacional equivocada sobre a &#8220;forma como cuidamos do nosso verde.&#8221;<\/p>\n\n\n\n<p>Sobre diverg\u00eancias pol\u00edticas e conflitos, Mour\u00e3o assegura que s\u00e3o caracter\u00edsticas fundamentais de uma democracia, e que tamb\u00e9m \u00e9 poss\u00edvel avan\u00e7ar mesmo com opini\u00f5es divergentes. \u201cPosicionamentos e ressalvas sempre haver\u00e1, pois esses s\u00e3o importantes tra\u00e7os de nossa democracia. No entanto, a flexibilidade e o di\u00e1logo s\u00e3o a regra. O benef\u00edcio final \u00e9 ineg\u00e1vel.\u201d<\/p>\n\n\n\n<p>O vice-presidente encerra o artigo com um apelo \u00e0 uni\u00e3o e \u00e0 soma de esfor\u00e7os para o pa\u00eds. \u201cCabe a n\u00f3s, brasileiros, nos unirmos neste objetivo: ajudar o nosso Pa\u00eds, de m\u00e3os dadas e, principalmente, com pensamentos e a\u00e7\u00f5es positivas\u201d, conclui.<\/p>\n\n\n\n<figure class=\"wp-block-gallery columns-1 is-cropped wp-block-gallery-1 is-layout-flex wp-block-gallery-is-layout-flex\"><ul class=\"blocks-gallery-grid\"><li class=\"blocks-gallery-item\"><figure><img loading=\"lazy\" decoding=\"async\" width=\"678\" height=\"406\" src=\"https:\/\/aconteceunovale.com.br\/portal\/wp-content\/uploads\/2020\/12\/mourao.jpg\" alt=\"\" data-id=\"170642\" data-full-url=\"https:\/\/aconteceunovale.com.br\/portal\/wp-content\/uploads\/2020\/12\/mourao.jpg\" data-link=\"https:\/\/aconteceunovale.com.br\/portal\/?attachment_id=170642\" class=\"wp-image-170642\" srcset=\"https:\/\/aconteceunovale.com.br\/portal\/wp-content\/uploads\/2020\/12\/mourao.jpg 678w, https:\/\/aconteceunovale.com.br\/portal\/wp-content\/uploads\/2020\/12\/mourao-300x180.jpg 300w\" sizes=\"auto, (max-width: 678px) 100vw, 678px\" \/><figcaption class=\"blocks-gallery-item__caption\"><em>Hamilton Mour\u00e3o &#8211; Foto: Fabio Rodrigues Pozzebom\/Ag\u00eancia Brasil<\/em><\/figcaption><\/figure><\/li><\/ul><\/figure>\n\n\n\n<h2 class=\"wp-block-heading\"><strong>Leia o artigo na \u00edntegra<\/strong><\/h2>\n\n\n\n<p><strong><em>EM NOME DO BEM COMUM<\/em><\/strong><\/p>\n\n\n\n<p><em>\u201cVamos superar obst\u00e1culos e incertezas, com clareza, determina\u00e7\u00e3o e paci\u00eancia\u201d.<\/em><\/p>\n\n\n\n<p><em>Em nome do bem comum, \u00e9 chegado o momento de voltarmos a olhar para a frente, passando a visualizar o \u201ccopo meio cheio\u201d. Estamos chegando ao fim de 2020! Enfrentamos um per\u00edodo de incompar\u00e1veis desafios, notadamente no campo da luta pela vida contra a pandemia do coronav\u00edrus. Per\u00edodo de luto, sofrimento e dor para milhares de fam\u00edlias que perderam seus entes queridos, seus amigos, nossos irm\u00e3os brasileiros, apesar de toda a nossa participa\u00e7\u00e3o, empenho e vontade de vencer esta doen\u00e7a.<\/em><\/p>\n\n\n\n<p><em>Tamb\u00e9m passamos pelo desafio do per\u00edodo de seca na Amaz\u00f4nia e no Pantanal, com as queimadas que assolam anualmente o Pa\u00eds. Enfrentamos a quest\u00e3o do desmatamento na Amaz\u00f4nia, que preocupa todos n\u00f3s. Fomos acusados, em campanha internacional, de forma equivocada, de n\u00e3o cuidarmos do nosso verde. E vivenciamos um processo eleitoral diferente do que est\u00e1vamos acostumados, com candidatos e eleitores a dist\u00e2ncia.<\/em><\/p>\n\n\n\n<p><em>As nossas respostas aos desafios t\u00eam sido dadas com trabalho conjunto, s\u00e9rio, com muito empenho e dedica\u00e7\u00e3o, sempre com olhar nos verdadeiros protagonistas: os filhos do nosso Brasil. Perante estes cen\u00e1rios \u2013 e, apesar da tristeza inevit\u00e1vel diante do covid-19, que, em algumas regi\u00f5es, retorna numa segunda onda \u2013, quero aqui refletir sobre o lado promissor que o Brasil nos reserva e sobre como podemos otimiz\u00e1-lo, melhor\u00e1-lo, aproveit\u00e1-lo em benef\u00edcio de n\u00f3s mesmos e da nossa Na\u00e7\u00e3o.<\/em><\/p>\n\n\n\n<p><em>Precisamos nos unir e passar a enxergar a janela de luz que cada ramo de atividade e de estilo de vida nos apresenta. E, dela, fazer fonte de energia para aumentar nossa disposi\u00e7\u00e3o e para cada vez mais construir (ou reconstruir) n\u00f3s mesmos e nosso querido Brasil. Enxergar este potencial sob um novo olhar \u00e9 uma medida necess\u00e1ria e urgente para alinharmos nossos pensamentos em aspectos otimistas, aspectos positivos que, durante a luta que enfrentamos, cada um descobre em si.<\/em><\/p>\n\n\n\n<p><em>A atmosfera e as narrativas de derrota, de pessimismo e de inseguran\u00e7a t\u00eam de ficar para tr\u00e1s. \u00c9 lament\u00e1vel, um verdadeiro desservi\u00e7o, vermos somente a apologia ao ruim, ao que n\u00e3o deu certo. N\u00e3o \u00e9 saud\u00e1vel para nossas vidas e para o nosso Pa\u00eds. A cultura de s\u00f3 vender manchetes negativas, pol\u00eamicas e especulativas deve dar lugar ao gosto e \u00e0 atra\u00e7\u00e3o por ler e ouvir o lado positivo do nosso engajamento. \u00c9 tempo de somar, juntar, multiplicar a\u00e7\u00f5es e sentimentos bons. Nas palavras do nosso Ministro das Comunica\u00e7\u00f5es: \u201c\u00c9 oportuno e necess\u00e1rio um armist\u00edcio patri\u00f3tico\u201d.<\/em><\/p>\n\n\n\n<p><em>Temos uma classe empresarial patri\u00f3tica e comprometida em ajudar. Temos, em todos os Estados brasileiros, federa\u00e7\u00f5es, ind\u00fastrias, associa\u00e7\u00f5es e entidades conscientes dos seus pap\u00e9is de promotoras do desenvolvimento e dispostas a cooperarem. Estamos com o setor agropecu\u00e1rio em franco crescimento, com uma pol\u00edtica arrojada e desenvolvimentista sendo levada a efeito. Hoje, somos refer\u00eancia mundial de agroprodu\u00e7\u00e3o.<\/em><\/p>\n\n\n\n<p><em>A discuss\u00e3o e a aprova\u00e7\u00e3o de uma legisla\u00e7\u00e3o mais din\u00e2mica, eficiente e moderna ao Pa\u00eds t\u00eam sido sempre a t\u00f4nica dos embates. Os nossos parlamentares querem somar, em que pese uma pequena exce\u00e7\u00e3o deixe prevalecer a vis\u00e3o pol\u00edtico-ideol\u00f3gica sem sentido e inoportuna. Posicionamentos e ressalvas sempre haver\u00e1, pois esses s\u00e3o importantes tra\u00e7os de nossa democracia. No entanto, a flexibilidade e o di\u00e1logo s\u00e3o a regra. O benef\u00edcio final \u00e9 ineg\u00e1vel.<\/em><\/p>\n\n\n\n<p><em>No tocante \u00e0 imagem do Brasil no exterior, lembro que quem fala pelo Brasil \u00e9 o brasileiro. Participo de in\u00fameros f\u00f3runs e reuni\u00f5es, nos quais todos veem no Brasil uma oportunidade de investimento futuro, nos quais resta percebida, sim, a batalha di\u00e1ria do nosso Presidente Bolsonaro e sua equipe ministerial na busca de solu\u00e7\u00f5es para efetivar esta atratividade.<\/em><\/p>\n\n\n\n<p><em>Minha ideia maior nestas palavras \u00e9, como Vice-Presidente da Rep\u00fablica, deixar claro que vamos superar obst\u00e1culos e incertezas, com clareza, determina\u00e7\u00e3o e paci\u00eancia. Tenhamos f\u00e9 e lutemos para isso, arregacemos nossas mangas, cada qual nas suas possibilidades e na sua realidade. Somos brasileiros e brasileiras, todos de bem! Pessoas dignas que acordam cedo para cumprir suas obriga\u00e7\u00f5es de trabalho, de lar, de estudos. Somos pessoas que enfrentam lutas di\u00e1rias e, mesmo assim, est\u00e3o sempre dispon\u00edveis \u00e0 alegria, a um sorriso, a um abra\u00e7o, a uma boa dan\u00e7a, a um futebol&#8230;<\/em><\/p>\n\n\n\n<p><em>Vamos contagiar nosso Pa\u00eds com este sentimento de esperan\u00e7a t\u00e3o nosso: a alegria de viver e de buscar o melhor! Vamos nos unir pela causa comum de atravessarmos as crises da melhor maneira poss\u00edvel. Somar esfor\u00e7os e possibilidades, cada um do jeito e da maneira que puder. Temos muito a fazer&#8230; E faremos!<\/em><\/p>\n\n\n\n<p><em>Que o resto deste ano se caracterize por otimismo e cren\u00e7a na vit\u00f3ria, abandonando os sentimentos negativos de que tudo est\u00e1 perdido. N\u00e3o est\u00e1!<\/em><\/p>\n\n\n\n<p><em>Cabe a n\u00f3s, brasileiros, nos unirmos neste objetivo: ajudar nosso Pa\u00eds, de m\u00e3os dadas e, principalmente, com pensamentos e a\u00e7\u00f5es positivas!<\/em><\/p>\n\n\n\n<p class=\"has-white-color has-vivid-cyan-blue-background-color has-text-color has-background\">Quer saber as not\u00edcias do <strong>Aconteceu no Vale<\/strong> em primeira m\u00e3o? Siga-nos no Facebook <a rel=\"noreferrer noopener\" href=\"http:\/\/facebook.com\/aconteceunovale\" target=\"_blank\">@aconteceunovale<\/a>, Twitter <a rel=\"noreferrer noopener\" href=\"https:\/\/twitter.com\/noticiadosvales\" target=\"_blank\">@noticiadosvales<\/a> e Instagram <a rel=\"noreferrer noopener\" href=\"https:\/\/www.instagram.com\/aconteceunovale\" target=\"_blank\">@aconteceunovale<\/a>.<\/p>\n","protected":false},"excerpt":{"rendered":"<p>O vice-presidente Hamilton Mour\u00e3o publicou hoje (11\/12\/2020) um artigo em que pede uni\u00e3o, esfor\u00e7o e otimismo para o final deste ano e para 2021. O pr\u00f3ximo ano, segundo o vice-presidente, dever\u00e1 ser caracterizado por \u201cotimismo e cren\u00e7a na vit\u00f3ria, abandonando os sentimentos negativos de que tudo est\u00e1 perdido. N\u00e3o est\u00e1!\u201d, afirma. Mour\u00e3o reconhece as dificuldades [&hellip;]<\/p>\n","protected":false},"author":4,"featured_media":170642,"comment_status":"open","ping_status":"closed","sticky":false,"template":"","format":"standard","meta":{"amp_status":"","footnotes":""},"categories":[6,40240],"tags":[232363,232366,232368,232367,232370,232369,232372,232371,1018,232362,177538,232364,232365,129876,37866,221815],"class_list":["post-170641","post","type-post","status-publish","format-standard","has-post-thumbnail","hentry","category-br","category-politica-2","tag-artigo-em-nome-do-bem-comum","tag-artigo-em-nome-do-bem-comum-completo","tag-artigo-em-nome-do-bem-comum-hamilton-mourao","tag-artigo-em-nome-do-bem-comum-mourao","tag-artigo-hamilton-mourao","tag-artigo-mourao","tag-artigo-vice-presidente-da-republica","tag-artigo-vice-presidente-do-brasil","tag-destaque","tag-em-nome-do-bem-comum","tag-hamilton-mourao","tag-integra-do-artigo-em-nome-do-bem-comum","tag-ler-artigo-em-nome-do-bem-comum","tag-mourao","tag-vice-presidente-da-republica","tag-vice-presidente-do-brasil"],"_links":{"self":[{"href":"https:\/\/aconteceunovale.com.br\/portal\/index.php?rest_route=\/wp\/v2\/posts\/170641","targetHints":{"allow":["GET"]}}],"collection":[{"href":"https:\/\/aconteceunovale.com.br\/portal\/index.php?rest_route=\/wp\/v2\/posts"}],"about":[{"href":"https:\/\/aconteceunovale.com.br\/portal\/index.php?rest_route=\/wp\/v2\/types\/post"}],"author":[{"embeddable":true,"href":"https:\/\/aconteceunovale.com.br\/portal\/index.php?rest_route=\/wp\/v2\/users\/4"}],"replies":[{"embeddable":true,"href":"https:\/\/aconteceunovale.com.br\/portal\/index.php?rest_route=%2Fwp%2Fv2%2Fcomments&post=170641"}],"version-history":[{"count":1,"href":"https:\/\/aconteceunovale.com.br\/portal\/index.php?rest_route=\/wp\/v2\/posts\/170641\/revisions"}],"predecessor-version":[{"id":170643,"href":"https:\/\/aconteceunovale.com.br\/portal\/index.php?rest_route=\/wp\/v2\/posts\/170641\/revisions\/170643"}],"wp:featuredmedia":[{"embeddable":true,"href":"https:\/\/aconteceunovale.com.br\/portal\/index.php?rest_route=\/wp\/v2\/media\/170642"}],"wp:attachment":[{"href":"https:\/\/aconteceunovale.com.br\/portal\/index.php?rest_route=%2Fwp%2Fv2%2Fmedia&parent=170641"}],"wp:term":[{"taxonomy":"category","embeddable":true,"href":"https:\/\/aconteceunovale.com.br\/portal\/index.php?rest_route=%2Fwp%2Fv2%2Fcategories&post=170641"},{"taxonomy":"post_tag","embeddable":true,"href":"https:\/\/aconteceunovale.com.br\/portal\/index.php?rest_route=%2Fwp%2Fv2%2Ftags&post=170641"}],"curies":[{"name":"wp","href":"https:\/\/api.w.org\/{rel}","templated":true}]}}