{"id":170638,"date":"2020-12-11T21:14:37","date_gmt":"2020-12-12T00:14:37","guid":{"rendered":"https:\/\/aconteceunovale.com.br\/portal\/?p=170638"},"modified":"2020-12-11T21:15:19","modified_gmt":"2020-12-12T00:15:19","slug":"covid-19-brasil-passa-dos-180-mil-obitos-desde-o-inicio-da-pandemia","status":"publish","type":"post","link":"https:\/\/aconteceunovale.com.br\/portal\/?p=170638","title":{"rendered":"Covid-19: Brasil passa dos 180 mil \u00f3bitos desde o in\u00edcio da pandemia"},"content":{"rendered":"\n<p>Desde o in\u00edcio da pandemia, mais de 180 mil pessoas morreram no Brasil devido ao novo coronav\u00edrus. Com 672 novas vidas perdidas acrescidas \u00e0s estat\u00edsticas do Minist\u00e9rio da Sa\u00fade em 24 horas desde o boletim de ontem (10), o total de \u00f3bitos chegou a 180.437. A pasta ainda investiga se a morte de 2.296 pessoas foi por covid-19.<\/p>\n\n\n\n<p>J\u00e1 o n\u00famero de pessoas infectadas acumulado foi para 6.836.227. Entre ontem e hoje, foram registrados por secretarias de sa\u00fade dos estados 54.428 novos diagn\u00f3sticos positivos de covid-19. Foi o 3\u00ba dia seguido com mais de 50 mil novos casos di\u00e1rios, retomando o ritmo de contamina\u00e7\u00e3o de julho e agosto. Ontem, o painel do Minist\u00e9rio da Sa\u00fade trazia 6.781.799 de casos acumulados.<\/p>\n\n\n\n<p>Os dados est\u00e3o na atualiza\u00e7\u00e3o di\u00e1ria do Minist\u00e9rio da Sa\u00fade, divulgada no in\u00edcio da noite desta sexta-feira (11\/12\/2020). O balan\u00e7o consiste na consolida\u00e7\u00e3o das informa\u00e7\u00f5es fornecidas pelas secretarias estaduais de sa\u00fade.<\/p>\n\n\n\n<p>Ainda conforme a atualiza\u00e7\u00e3o do \u00f3rg\u00e3o, h\u00e1 701.045 pacientes em acompanhamento. Outras 5.954.745 pessoas se recuperaram da doen\u00e7a.<\/p>\n\n\n\n<p><strong>Situa\u00e7\u00e3o epidemiol\u00f3gica da covid-19 no Brasil em 11\/12\/2020<\/strong><\/p>\n\n\n\n<figure class=\"wp-block-image size-large\"><img loading=\"lazy\" decoding=\"async\" width=\"754\" height=\"425\" src=\"https:\/\/aconteceunovale.com.br\/portal\/wp-content\/uploads\/2020\/12\/corona_br_11dezembro.jpeg\" alt=\"\" class=\"wp-image-170639\" srcset=\"https:\/\/aconteceunovale.com.br\/portal\/wp-content\/uploads\/2020\/12\/corona_br_11dezembro.jpeg 754w, https:\/\/aconteceunovale.com.br\/portal\/wp-content\/uploads\/2020\/12\/corona_br_11dezembro-300x169.jpeg 300w, https:\/\/aconteceunovale.com.br\/portal\/wp-content\/uploads\/2020\/12\/corona_br_11dezembro-696x392.jpeg 696w, https:\/\/aconteceunovale.com.br\/portal\/wp-content\/uploads\/2020\/12\/corona_br_11dezembro-745x420.jpeg 745w\" sizes=\"auto, (max-width: 754px) 100vw, 754px\" \/><\/figure>\n\n\n\n<p class=\"has-white-color has-vivid-cyan-blue-background-color has-text-color has-background\">Quer saber as not\u00edcias do <strong>Aconteceu no Vale<\/strong> em primeira m\u00e3o? Siga-nos no Facebook <a rel=\"noreferrer noopener\" href=\"http:\/\/facebook.com\/aconteceunovale\" target=\"_blank\">@aconteceunovale<\/a>, Twitter <a rel=\"noreferrer noopener\" href=\"https:\/\/twitter.com\/noticiadosvales\" target=\"_blank\">@noticiadosvales<\/a> e Instagram <a rel=\"noreferrer noopener\" href=\"https:\/\/www.instagram.com\/aconteceunovale\" target=\"_blank\">@aconteceunovale<\/a>.<\/p>\n","protected":false},"excerpt":{"rendered":"<p>Desde o in\u00edcio da pandemia, mais de 180 mil pessoas morreram no Brasil devido ao novo coronav\u00edrus. Com 672 novas vidas perdidas acrescidas \u00e0s estat\u00edsticas do Minist\u00e9rio da Sa\u00fade em 24 horas desde o boletim de ontem (10), o total de \u00f3bitos chegou a 180.437. A pasta ainda investiga se a morte de 2.296 pessoas [&hellip;]<\/p>\n","protected":false},"author":4,"featured_media":170639,"comment_status":"open","ping_status":"closed","sticky":false,"template":"","format":"standard","meta":{"amp_status":"","footnotes":""},"categories":[6,40242],"tags":[4785,220477,220660,219520,218049,218205,214884,215394,216498,218043,232361,19326,220349,218044,218045,215653,218206,219105,219104,218876,219519,140166,217692,220478,220479,232360,220944,220945],"class_list":["post-170638","post","type-post","status-publish","format-standard","has-post-thumbnail","hentry","category-br","category-saude-2","tag-brasil","tag-brasil-bate-recorde-de-obitos-e-casos-confirmados-em-um-dia","tag-brasil-ultrapassa-marca-de-4-mil-obitos-por-covid-19","tag-casos-confirmados-e-obitos-no-brasil","tag-casos-de-coronavirus-no-brasil","tag-casos-de-covid-19-no-brasil","tag-coronavirus","tag-coronavirus-no-brasil","tag-covid-19","tag-covid-19-no-brasil","tag-covid-19-brasil-passa-dos-180-mil-obitos-desde-o-inicio-da-pandemia","tag-ministerio-da-saude","tag-ministerio-da-saude-atualiza-numeros-do-coronavirus-no-brasil","tag-mortes-por-coronavirus-no-brasil","tag-mortes-por-covid-19-no-brasil","tag-novo-coronavirus","tag-numero-de-casos-de-covid-19-confirmados-no-brasil","tag-numeros-da-covid-19-no-brasil","tag-numeros-do-coronavirus-no-brasil","tag-obitos-por-coronavirus-no-brasil","tag-obitos-por-covid-19-no-brasil","tag-pandemia","tag-pandemia-de-coronavirus","tag-recorde-de-obitos-por-coronavirus-no-brasil","tag-recorde-de-obitos-por-covid-19-no-brasil","tag-situacao-epidemiologica-da-covid-19-no-brasil-em-11-12-2020","tag-virus-vai-atingir-70-da-populacao","tag-virus-vai-atingir-70-da-populacao-diz-jair-bolsonaro"],"_links":{"self":[{"href":"https:\/\/aconteceunovale.com.br\/portal\/index.php?rest_route=\/wp\/v2\/posts\/170638","targetHints":{"allow":["GET"]}}],"collection":[{"href":"https:\/\/aconteceunovale.com.br\/portal\/index.php?rest_route=\/wp\/v2\/posts"}],"about":[{"href":"https:\/\/aconteceunovale.com.br\/portal\/index.php?rest_route=\/wp\/v2\/types\/post"}],"author":[{"embeddable":true,"href":"https:\/\/aconteceunovale.com.br\/portal\/index.php?rest_route=\/wp\/v2\/users\/4"}],"replies":[{"embeddable":true,"href":"https:\/\/aconteceunovale.com.br\/portal\/index.php?rest_route=%2Fwp%2Fv2%2Fcomments&post=170638"}],"version-history":[{"count":1,"href":"https:\/\/aconteceunovale.com.br\/portal\/index.php?rest_route=\/wp\/v2\/posts\/170638\/revisions"}],"predecessor-version":[{"id":170640,"href":"https:\/\/aconteceunovale.com.br\/portal\/index.php?rest_route=\/wp\/v2\/posts\/170638\/revisions\/170640"}],"wp:featuredmedia":[{"embeddable":true,"href":"https:\/\/aconteceunovale.com.br\/portal\/index.php?rest_route=\/wp\/v2\/media\/170639"}],"wp:attachment":[{"href":"https:\/\/aconteceunovale.com.br\/portal\/index.php?rest_route=%2Fwp%2Fv2%2Fmedia&parent=170638"}],"wp:term":[{"taxonomy":"category","embeddable":true,"href":"https:\/\/aconteceunovale.com.br\/portal\/index.php?rest_route=%2Fwp%2Fv2%2Fcategories&post=170638"},{"taxonomy":"post_tag","embeddable":true,"href":"https:\/\/aconteceunovale.com.br\/portal\/index.php?rest_route=%2Fwp%2Fv2%2Ftags&post=170638"}],"curies":[{"name":"wp","href":"https:\/\/api.w.org\/{rel}","templated":true}]}}