{"id":170634,"date":"2020-12-11T21:08:12","date_gmt":"2020-12-12T00:08:12","guid":{"rendered":"https:\/\/aconteceunovale.com.br\/portal\/?p=170634"},"modified":"2020-12-11T21:09:09","modified_gmt":"2020-12-12T00:09:09","slug":"seis-pessoas-sao-indiciadas-por-morte-em-loja-do-carrefour","status":"publish","type":"post","link":"https:\/\/aconteceunovale.com.br\/portal\/?p=170634","title":{"rendered":"Seis pessoas s\u00e3o indiciadas por morte em supermercado"},"content":{"rendered":"\n<p>A Pol\u00edcia Civil do Rio Grande do Sul indiciou seis pessoas pela morte do aut\u00f4nomo Jo\u00e3o Alberto Silveira Freitas, espancado por seguran\u00e7as de uma loja do supermercado Carrefour, em Porto Alegre, no dia 19 de novembro deste ano.<img decoding=\"async\" src=\"https:\/\/agenciabrasil.ebc.com.br\/ebc.png?id=1396190&amp;o=node\"><img decoding=\"async\" src=\"https:\/\/agenciabrasil.ebc.com.br\/ebc.gif?id=1396190&amp;o=node\"><\/p>\n\n\n\n<p>Al\u00e9m dos seguran\u00e7as Giovane Gaspar da Silva e Magno Braz Borges, que foram filmados espancando Freitas, a delegada Roberta Mariana Bertoldo da Silva tamb\u00e9m indiciou por homic\u00eddio triplamente qualificado a funcion\u00e1ria Adriana Alves Dutra e outros tr\u00eas empregados da rede de hipermercados: Paulo Francisco da Silva, Kleiton Silva Santos e Rafael Rezende.<\/p>\n\n\n\n<p>Em v\u00eddeos gravados por testemunhas, Adriana aparece filmando as agress\u00f5es de Silva e Borges contra Freitas e amea\u00e7ando pessoas que usavam seus celulares para registrar os fatos. Nas filmagens, Francisco \u00e9 flagrado impedindo a mulher de Freitas de se aproximar do marido, enquanto Santos e Rezende ajudam Silva e Borges a imobilizar o aut\u00f4nomo que, em dado momento, alerta que n\u00e3o consegue respirar com os seguran\u00e7as sobre ele.<\/p>\n\n\n\n<p>\u201cA conclus\u00e3o do inqu\u00e9rito faz uma constru\u00e7\u00e3o que consegue, atrav\u00e9s das provas coletadas, trazer elementos que deixam n\u00edtido que h\u00e1 sim um tratamento desumano e degradante naquela a\u00e7\u00e3o\u201d, disse a delegada-chefe da Pol\u00edcia Civil do Rio Grande do Sul, Nadine Farias Anflor, a respeito das conclus\u00f5es apresentadas pela delegada Roberta Mariana.<\/p>\n\n\n\n<p>Com base nas provas reunidas no \u00e2mbito do inqu\u00e9rito policial, os seis r\u00e9us foram indiciados por homic\u00eddio qualificado cometido por motivo torpe, por meio da asfixia da v\u00edtima, que n\u00e3o teve como se defender. Em seus depoimentos, eles asseguraram que Freitas teria dado in\u00edcio \u00e0 confus\u00e3o, amea\u00e7ando funcion\u00e1rios e clientes da loja.&nbsp;<\/p>\n\n\n\n<p>C\u00e2meras de seguran\u00e7a registraram o momento em que, ao ser escoltado para fora do estabelecimento, o aut\u00f4nomo atinge Silva com um soco, sendo logo imobilizado por Borges, enquanto Silva passa a desferir uma s\u00e9rie de golpes contra sua cabe\u00e7a.<\/p>\n\n\n\n<figure class=\"wp-block-gallery columns-1 is-cropped wp-block-gallery-1 is-layout-flex wp-block-gallery-is-layout-flex\"><ul class=\"blocks-gallery-grid\"><li class=\"blocks-gallery-item\"><figure><img loading=\"lazy\" decoding=\"async\" width=\"678\" height=\"407\" src=\"https:\/\/aconteceunovale.com.br\/portal\/wp-content\/uploads\/2020\/12\/joao_alberto.jpg\" alt=\"\" data-id=\"170635\" data-full-url=\"https:\/\/aconteceunovale.com.br\/portal\/wp-content\/uploads\/2020\/12\/joao_alberto.jpg\" data-link=\"https:\/\/aconteceunovale.com.br\/portal\/?attachment_id=170635\" class=\"wp-image-170635\" srcset=\"https:\/\/aconteceunovale.com.br\/portal\/wp-content\/uploads\/2020\/12\/joao_alberto.jpg 678w, https:\/\/aconteceunovale.com.br\/portal\/wp-content\/uploads\/2020\/12\/joao_alberto-300x180.jpg 300w\" sizes=\"auto, (max-width: 678px) 100vw, 678px\" \/><figcaption class=\"blocks-gallery-item__caption\"><em>Foto: Reprodu\u00e7\u00e3o<\/em><\/figcaption><\/figure><\/li><\/ul><\/figure>\n\n\n\n<h2 class=\"wp-block-heading\">Racismo<\/h2>\n\n\n\n<p>Negro, Freitas foi espancado e morreu na v\u00e9spera do Dia da Consci\u00eancia Negra no Brasil. \u00c0s autoridades policiais e a jornalistas, parentes afirmaram que o aut\u00f4nomo foi v\u00edtima de racismo. A divulga\u00e7\u00e3o das imagens registradas por testemunhas causou como\u00e7\u00e3o, motivando a realiza\u00e7\u00e3o de protestos diante de lojas da rede em v\u00e1rias cidades brasileiras, o que levou o Carrefour a, entre outras coisas, anunciar o fim da terceiriza\u00e7\u00e3o do servi\u00e7o de seguran\u00e7a em toda a rede brasileira.<\/p>\n\n\n\n<p>Em seu relat\u00f3rio, a delegada Roberta Mariana aponta os efeitos do racismo estrutural sobre as rela\u00e7\u00f5es sociais ao dizer que, no decorrer da investiga\u00e7\u00e3o, \u201cn\u00e3o se encontram justificativas capazes de explicar as a\u00e7\u00f5es de viol\u00eancia cometidas n\u00e3o s\u00f3 por quem agrediu [Freitas] fisicamente, mas, tamb\u00e9m, por quem deu suporte a tais condutas, omitindo-se em fazer cess\u00e1-las.\u201d<\/p>\n\n\n\n<p>\u201cA an\u00e1lise conjunta das provas produzidas nos permite identificar que a exacerba\u00e7\u00e3o das agress\u00f5es impostas \u00e0 v\u00edtima, em dado momento subjugada por seis pessoas, decorre de sua fragiliza\u00e7\u00e3o socioecon\u00f4mica\u201d, conclui a delegada ao citar o advogado e fil\u00f3sofo S\u00edlvio Almeida, para quem a sociedade, em fun\u00e7\u00e3o do racismo estrutural, \u201cnaturaliza a viol\u00eancia contra pessoas negras\u201d, j\u00e1 que \u201cconstitui n\u00e3o s\u00f3 as rela\u00e7\u00f5es conscientes, mas, tamb\u00e9m, as rela\u00e7\u00f5es inconscientes\u201d.<\/p>\n\n\n\n<p>Ao apresentar suas conclus\u00f5es, a delegada tamb\u00e9m recomenda \u00e0 Justi\u00e7a que mantenha as pris\u00f5es preventivas dos seguran\u00e7as Silva e Borges, e determine a deten\u00e7\u00e3o preventiva dos outros quatro indiciados.<\/p>\n\n\n\n<p>A\u00a0reportagem\u00a0n\u00e3o conseguiu contato com os advogados dos indiciados.\u00a0Em nota, a\u00a0assessoria do Carrefour informou que a empresa ainda n\u00e3o teve acesso \u00e0 conclus\u00e3o do inqu\u00e9rito policial, e segue \u00e0 disposi\u00e7\u00e3o dos \u00f3rg\u00e3os respons\u00e1veis para contribuir com todas as informa\u00e7\u00f5es necess\u00e1rias.\u00a0\u00a0<\/p>\n\n\n\n<p>A Vector, empresa de seguran\u00e7a privada que prestava servi\u00e7os \u00e0 rede francesa, desligou os funcion\u00e1rios envolvidos no epis\u00f3dio.<\/p>\n\n\n\n<p class=\"has-white-color has-vivid-cyan-blue-background-color has-text-color has-background\">Quer saber as not\u00edcias do <strong>Aconteceu no Vale<\/strong> em primeira m\u00e3o? Siga-nos no Facebook <a rel=\"noreferrer noopener\" href=\"http:\/\/facebook.com\/aconteceunovale\" target=\"_blank\">@aconteceunovale<\/a>, Twitter <a rel=\"noreferrer noopener\" href=\"https:\/\/twitter.com\/noticiadosvales\" target=\"_blank\">@noticiadosvales<\/a> e Instagram <a rel=\"noreferrer noopener\" href=\"https:\/\/www.instagram.com\/aconteceunovale\" target=\"_blank\">@aconteceunovale<\/a>.<\/p>\n","protected":false},"excerpt":{"rendered":"<p>A Pol\u00edcia Civil do Rio Grande do Sul indiciou seis pessoas pela morte do aut\u00f4nomo Jo\u00e3o Alberto Silveira Freitas, espancado por seguran\u00e7as de uma loja do supermercado Carrefour, em Porto Alegre, no dia 19 de novembro deste ano. Al\u00e9m dos seguran\u00e7as Giovane Gaspar da Silva e Magno Braz Borges, que foram filmados espancando Freitas, a [&hellip;]<\/p>\n","protected":false},"author":4,"featured_media":170635,"comment_status":"open","ping_status":"closed","sticky":false,"template":"","format":"standard","meta":{"amp_status":"","footnotes":""},"categories":[6],"tags":[232354,188607,230944,232353,1018,23196,230942,232351,230940,230945,232356,232352,232349,232348,230941,232358,230946,230943,232355,232350,169713,4613,232357,232347,232359],"class_list":{"0":"post-170634","1":"post","2":"type-post","3":"status-publish","4":"format-standard","5":"has-post-thumbnail","6":"hentry","7":"category-br","8":"tag-adriana-alves-dutra","9":"tag-carrefour","10":"tag-carrefour-porto-alegre","11":"tag-delegada-roberta-mariana-bertoldo-da-silva","12":"tag-destaque","13":"tag-dia-da-consciencia-negra","15":"tag-giovane-gaspar-da-silva","17":"tag-joao-alberto-silveira-freitas","18":"tag-kleiton-silva-santos","19":"tag-magno-braz-borges","20":"tag-morte-de-homem-negro-em-loja-do-carrefour","21":"tag-morte-em-loja-do-carrefour","22":"tag-morto-no-carrefour","23":"tag-nadine-farias-anflor","24":"tag-nego-beto","26":"tag-paulo-francisco-da-silva","27":"tag-pcrs","28":"tag-policia-civil-do-rio-grande-do-sul","29":"tag-porto-alegre","30":"tag-rafael-rezende","31":"tag-seis-pessoas-sao-indiciadas-por-morte-em-loja-do-carrefour","32":"tag-vector"},"_links":{"self":[{"href":"https:\/\/aconteceunovale.com.br\/portal\/index.php?rest_route=\/wp\/v2\/posts\/170634","targetHints":{"allow":["GET"]}}],"collection":[{"href":"https:\/\/aconteceunovale.com.br\/portal\/index.php?rest_route=\/wp\/v2\/posts"}],"about":[{"href":"https:\/\/aconteceunovale.com.br\/portal\/index.php?rest_route=\/wp\/v2\/types\/post"}],"author":[{"embeddable":true,"href":"https:\/\/aconteceunovale.com.br\/portal\/index.php?rest_route=\/wp\/v2\/users\/4"}],"replies":[{"embeddable":true,"href":"https:\/\/aconteceunovale.com.br\/portal\/index.php?rest_route=%2Fwp%2Fv2%2Fcomments&post=170634"}],"version-history":[{"count":2,"href":"https:\/\/aconteceunovale.com.br\/portal\/index.php?rest_route=\/wp\/v2\/posts\/170634\/revisions"}],"predecessor-version":[{"id":170637,"href":"https:\/\/aconteceunovale.com.br\/portal\/index.php?rest_route=\/wp\/v2\/posts\/170634\/revisions\/170637"}],"wp:featuredmedia":[{"embeddable":true,"href":"https:\/\/aconteceunovale.com.br\/portal\/index.php?rest_route=\/wp\/v2\/media\/170635"}],"wp:attachment":[{"href":"https:\/\/aconteceunovale.com.br\/portal\/index.php?rest_route=%2Fwp%2Fv2%2Fmedia&parent=170634"}],"wp:term":[{"taxonomy":"category","embeddable":true,"href":"https:\/\/aconteceunovale.com.br\/portal\/index.php?rest_route=%2Fwp%2Fv2%2Fcategories&post=170634"},{"taxonomy":"post_tag","embeddable":true,"href":"https:\/\/aconteceunovale.com.br\/portal\/index.php?rest_route=%2Fwp%2Fv2%2Ftags&post=170634"}],"curies":[{"name":"wp","href":"https:\/\/api.w.org\/{rel}","templated":true}]}}