{"id":170531,"date":"2020-12-10T11:45:54","date_gmt":"2020-12-10T14:45:54","guid":{"rendered":"https:\/\/aconteceunovale.com.br\/portal\/?p=170531"},"modified":"2020-12-10T16:29:33","modified_gmt":"2020-12-10T19:29:33","slug":"chuva-continua-volumosa-em-minas-gerais-e-estados-vizinhos","status":"publish","type":"post","link":"https:\/\/aconteceunovale.com.br\/portal\/?p=170531","title":{"rendered":"Chuva continua volumosa em Minas Gerais e estados vizinhos"},"content":{"rendered":"\n<p>Grandes volumes de chuva foram observados em \u00e1reas dos Estados do Esp\u00edrito Santo, Minas Gerais e\u00a0<a rel=\"noreferrer noopener\" href=\"https:\/\/www.climatempo.com.br\/previsao-do-tempo\/cidade\/321\/riodejaneiro-rj\" target=\"_blank\">Rio De Janeiro<\/a>\u00a0por causa da influ\u00eancia da Zona de Converg\u00eancia do Atl\u00e2ntico Sul (ZCAS).<\/p>\n\n\n\n<p>Em v\u00e1rias localidades desses estados, apenas no per\u00edodo de 24 horas, o acumulado de chuva superou 100 mm pela medi\u00e7\u00e3o do Cemaden &#8211; Centro Nacional de Monitoramento e Alertas de Desastres Naturais.<\/p>\n\n\n\n<h2 class=\"wp-block-heading\"><strong>Volumes de chuva<\/strong><\/h2>\n\n\n\n<p>Confira alguns volumes de chuva registrados no Esp\u00edrito Santo, em Minas Gerais e no Rio de Janeiro, no per\u00edodo de 24 horas entre 2h30 do dia 9 de dezembro at\u00e9 2h30 de 10 de dezembro de 2020.<\/p>\n\n\n\n<ul class=\"wp-block-list\"><li><strong>Serra (ES)<\/strong>: 143,3 MM, sendo que metade dessa chuva caiu em cerca de 6 horas.<\/li><\/ul>\n\n\n\n<ul class=\"wp-block-list\"><li><strong>Rio acima (MG)<\/strong>: 140,6 mm.<\/li><\/ul>\n\n\n\n<ul class=\"wp-block-list\"><li><strong>Nova Friburgo (RJ)<\/strong>: 127,9 mm. O acumulado de chuva na regi\u00e3o da Granja Spinelli, em Nova Friburgo, j\u00e1 chegou h\u00e1 quase 326 mm nos \u00faltimos tr\u00eas dias. A m\u00e9dia de chuva normal para regi\u00e3o serrana do Rio de janeiro em dezembro varia de 250 a 300 mm.<\/li><\/ul>\n\n\n\n<ul class=\"wp-block-list\"><li>Em <strong>Nova Lima (MG)<\/strong>, na grande\u00a0<a rel=\"noreferrer noopener\" href=\"https:\/\/www.climatempo.com.br\/previsao-do-tempo\/cidade\/107\/belohorizonte-mg\" target=\"_blank\">Belo Horizonte<\/a>,\u00a0choveu 119,11 mm<\/li><\/ul>\n\n\n\n<ul class=\"wp-block-list\"><li>Em <strong>At\u00edlio Viv\u00e1cqua (ES)<\/strong>: 118,6 mm<\/li><\/ul>\n\n\n\n<ul class=\"wp-block-list\"><li>Em <strong>Raposos (MG)<\/strong>: 117 mm<\/li><\/ul>\n\n\n\n<ul class=\"wp-block-list\"><li>Em <strong>Fund\u00e3o (ES)<\/strong>: 116,1 mm. Cerca de 80 mm ca\u00edram em apenas 6 horas<\/li><\/ul>\n\n\n\n<p>Esses foram os maiores acumulados, mas em muitas localidades de Minas Gerais, do Esp\u00edrito Santo e do Rio de Janeiro, os acumulados de chuva em 24 horas ficaram entre 80 e quase 100 mm.<\/p>\n\n\n\n<h2 class=\"wp-block-heading\"><strong>Previs\u00e3o de mais chuva<\/strong><\/h2>\n\n\n\n<p>A Zona de Converg\u00eancia do Atl\u00e2ntico Sul continua bastante ativa sobre a regi\u00e3o Sudeste do Brasil nesta quinta-feira.<\/p>\n\n\n\n<p>A chuva vai continuar frequente e h\u00e1 risco de chuva forte e volumosa nos tr\u00eas estados. A maior preocupa\u00e7\u00e3o neste momento \u00e9 com a regi\u00e3o centro-sul do Esp\u00edrito Santo que deve receber ainda grandes volumes de \u00e1gua at\u00e9 ao final do dia.<\/p>\n\n\n\n<p>Por causa do volume de chuva excessivo que vem sendo acumulado desde o in\u00edcio dessa semana, o risco de transbordamento de c\u00f3rregos e rios, alagamentos em centros urbanos e tamb\u00e9m deslizamentos de terra podem come\u00e7ar a ocorrer nos pr\u00f3ximos dias.<\/p>\n\n\n\n<p>As grandes \u00e1reas de instabilidade da ZCAS v\u00e3o provocar mais chuva sobre esses estados nesta sexta-feira. As \u00e1reas de instabilidade enfraquecem durante o fim de semana, o que vai permitir per\u00edodos com sol forte. A maioria das \u00e1reas do Esp\u00edrito Santo deve passar o pr\u00f3ximo domingo com sol e sem chuva.<\/p>\n\n\n\n<h2 class=\"wp-block-heading\"><strong>Sobre a Climatempo<\/strong><\/h2>\n\n\n\n<p>Com solidez de 30 anos de mercado e fornecendo assessoria meteorol\u00f3gica de qualidade para os principais segmentos, a Climatempo \u00e9 sin\u00f4nimo de inova\u00e7\u00e3o. Foi a primeira empresa privada a oferecer an\u00e1lises customizadas para diversos setores do mercado, boletins informativos para meios de comunica\u00e7\u00e3o, canal 24 horas nas principais operadoras de TV por assinatura e posicionamento digital consolidado com website e aplicativos, que juntos somam 20 milh\u00f5es de usu\u00e1rios mensais.<\/p>\n\n\n\n<p>Em 2015, passou a investir ainda mais em tecnologia e inova\u00e7\u00e3o com a instala\u00e7\u00e3o do LABS Climatempo no Parque Tecnol\u00f3gico de S\u00e3o Jos\u00e9 dos Campos (SP). O LABS atua na pesquisa e no desenvolvimento de solu\u00e7\u00f5es para tempo severo, energias renov\u00e1veis (e\u00f3lica e solar), hidrologia, comercializa\u00e7\u00e3o e gera\u00e7\u00e3o de energia, navega\u00e7\u00e3o interior, oceanografia e cidades inteligentes. Principal empresa de consultoria meteorol\u00f3gica do pa\u00eds, em 2019 a Climatempo uniu for\u00e7as com a norueguesa StormGeo, l\u00edder global em intelig\u00eancia meteorol\u00f3gica e solu\u00e7\u00f5es para suporte \u00e0 decis\u00e3o.<\/p>\n\n\n\n<p>A fus\u00e3o estrat\u00e9gica d\u00e1 \u00e0 Climatempo acesso a novos produtos e sistemas que ir\u00e3o fortalecer ainda mais suas compet\u00eancias e alcance, incluindo solu\u00e7\u00f5es focadas nos setores de servi\u00e7os de energia renov\u00e1vel. O Grupo segue presidido pelo meteorologista Carlos Magno que, com mais de 35 anos de carreira, foi um dos primeiros comunicadores da profiss\u00e3o no pa\u00eds.<\/p>\n\n\n\n<p class=\"has-white-color has-vivid-cyan-blue-background-color has-text-color has-background\">Quer saber as not\u00edcias do <strong>Aconteceu no Vale<\/strong> em primeira m\u00e3o? Siga-nos no Facebook <a rel=\"noreferrer noopener\" href=\"http:\/\/facebook.com\/aconteceunovale\" target=\"_blank\">@aconteceunovale<\/a>, Twitter <a rel=\"noreferrer noopener\" href=\"https:\/\/twitter.com\/noticiadosvales\" target=\"_blank\">@noticiadosvales<\/a> e Instagram <a rel=\"noreferrer noopener\" href=\"https:\/\/www.instagram.com\/aconteceunovale\" target=\"_blank\">@aconteceunovale<\/a>.<\/p>\n","protected":false},"excerpt":{"rendered":"<p>Grandes volumes de chuva foram observados em \u00e1reas dos Estados do Esp\u00edrito Santo, Minas Gerais e\u00a0Rio De Janeiro\u00a0por causa da influ\u00eancia da Zona de Converg\u00eancia do Atl\u00e2ntico Sul (ZCAS). Em v\u00e1rias localidades desses estados, apenas no per\u00edodo de 24 horas, o acumulado de chuva superou 100 mm pela medi\u00e7\u00e3o do Cemaden &#8211; Centro Nacional de [&hellip;]<\/p>\n","protected":false},"author":4,"featured_media":170532,"comment_status":"open","ping_status":"closed","sticky":false,"template":"","format":"standard","meta":{"amp_status":"","footnotes":""},"categories":[123],"tags":[33073,59463,59462,232217,232219,232216,232218,232226,232228,32561,232224,232225,232227,232223,232222,214888,187484,63400,1018,71053,22559,1496,232229,1956,18764,18765,4322,232230,232221,232220],"class_list":["post-170531","post","type-post","status-publish","format-standard","has-post-thumbnail","hentry","category-gerais","tag-atilio-vivacqua","tag-cemaden","tag-centro-nacional-de-monitoramento-e-alertas-de-desastres-naturais","tag-chuva-continua-volumosa-em-minas-gerais","tag-chuva-continua-volumosa-em-minas-gerais-e-estados-vizinhos","tag-chuva-continua-volumosa-no-espirito-santo","tag-chuva-continua-volumosa-no-rio-de-janeiro","tag-chuva-em-atilio-vivacqua","tag-chuva-em-fundao","tag-chuva-em-minas-gerais","tag-chuva-em-nova-friburgo","tag-chuva-em-nova-lima","tag-chuva-em-raposos","tag-chuva-em-rio-acima","tag-chuva-em-serra","tag-chuva-no-espirito-santo","tag-chuva-no-rio-de-janeiro","tag-climatempo","tag-destaque","tag-fundao","tag-nova-friburgo","tag-nova-lima","tag-previsao-de-chuvas","tag-previsao-do-tempo","tag-raposos","tag-rio-acima","tag-serra","tag-sobre-a-climatempo","tag-zcas","tag-zona-de-convergencia-do-atlantico-sul"],"_links":{"self":[{"href":"https:\/\/aconteceunovale.com.br\/portal\/index.php?rest_route=\/wp\/v2\/posts\/170531","targetHints":{"allow":["GET"]}}],"collection":[{"href":"https:\/\/aconteceunovale.com.br\/portal\/index.php?rest_route=\/wp\/v2\/posts"}],"about":[{"href":"https:\/\/aconteceunovale.com.br\/portal\/index.php?rest_route=\/wp\/v2\/types\/post"}],"author":[{"embeddable":true,"href":"https:\/\/aconteceunovale.com.br\/portal\/index.php?rest_route=\/wp\/v2\/users\/4"}],"replies":[{"embeddable":true,"href":"https:\/\/aconteceunovale.com.br\/portal\/index.php?rest_route=%2Fwp%2Fv2%2Fcomments&post=170531"}],"version-history":[{"count":1,"href":"https:\/\/aconteceunovale.com.br\/portal\/index.php?rest_route=\/wp\/v2\/posts\/170531\/revisions"}],"predecessor-version":[{"id":170533,"href":"https:\/\/aconteceunovale.com.br\/portal\/index.php?rest_route=\/wp\/v2\/posts\/170531\/revisions\/170533"}],"wp:featuredmedia":[{"embeddable":true,"href":"https:\/\/aconteceunovale.com.br\/portal\/index.php?rest_route=\/wp\/v2\/media\/170532"}],"wp:attachment":[{"href":"https:\/\/aconteceunovale.com.br\/portal\/index.php?rest_route=%2Fwp%2Fv2%2Fmedia&parent=170531"}],"wp:term":[{"taxonomy":"category","embeddable":true,"href":"https:\/\/aconteceunovale.com.br\/portal\/index.php?rest_route=%2Fwp%2Fv2%2Fcategories&post=170531"},{"taxonomy":"post_tag","embeddable":true,"href":"https:\/\/aconteceunovale.com.br\/portal\/index.php?rest_route=%2Fwp%2Fv2%2Ftags&post=170531"}],"curies":[{"name":"wp","href":"https:\/\/api.w.org\/{rel}","templated":true}]}}