{"id":170524,"date":"2020-12-10T11:03:37","date_gmt":"2020-12-10T14:03:37","guid":{"rendered":"https:\/\/aconteceunovale.com.br\/portal\/?p=170524"},"modified":"2020-12-10T16:30:41","modified_gmt":"2020-12-10T19:30:41","slug":"ministerio-da-saude-confirma-primeiro-caso-de-reinfeccao-por-covid-19-no-brasil","status":"publish","type":"post","link":"https:\/\/aconteceunovale.com.br\/portal\/?p=170524","title":{"rendered":"Minist\u00e9rio da Sa\u00fade confirma primeiro caso de reinfec\u00e7\u00e3o por Covid-19 no Brasil"},"content":{"rendered":"\n<p>O Minist\u00e9rio da Sa\u00fade (MS) confirmou hoje (10\/12\/2020) o primeiro caso de reinfec\u00e7\u00e3o por Covid-19 no Brasil. Segundo a pasta, o diagn\u00f3stico ocorreu em uma profissional da \u00e1rea de sa\u00fade, de 37 anos, residente em Natal. Ela teve a doen\u00e7a em junho, se curou e teve o resultado positivo novamente diagnosticado em outubro, 116 dias ap\u00f3s o primeiro diagn\u00f3stico.<\/p>\n\n\n\n<p>Em nota, o MS disse que recebeu, no \u00faltimo dia 9, um relat\u00f3rio do Laborat\u00f3rio de V\u00edrus Respirat\u00f3rios e do Sarampo da Fiocruz\/RJ, refer\u00eancia nacional para a Covid-19 no Brasil, com os resultados laboratoriais de duas amostras cl\u00ednicas de, at\u00e9 ent\u00e3o, um caso suspeito de reinfec\u00e7\u00e3o da doen\u00e7a pelo coronav\u00edrus.<\/p>\n\n\n\n<p>Ap\u00f3s an\u00e1lise das duas amostras enviadas ao laborat\u00f3rio houve a confirma\u00e7\u00e3o dos resultados via metodologia de RT-PCR em tempo real.<\/p>\n\n\n\n<p>\u201cAs an\u00e1lises realizadas permitem confirmar a reinfec\u00e7\u00e3o pelo v\u00edrus SARS-CoV-2, ap\u00f3s sequenciamento do genoma completo viral que identificou duas linhagens distintas&#8221;, disse o MS por meio de nota.<\/p>\n\n\n\n<p>O minist\u00e9rio disse ainda que o resultado refor\u00e7a a necessidade da ado\u00e7\u00e3o do uso cont\u00ednuo de m\u00e1scaras, higieniza\u00e7\u00e3o constante das m\u00e3os e o uso de \u00e1lcool em gel.<\/p>\n\n\n\n<p class=\"has-white-color has-vivid-cyan-blue-background-color has-text-color has-background\">Quer saber as not\u00edcias do <strong>Aconteceu no Vale<\/strong> em primeira m\u00e3o? Siga-nos no Facebook <a rel=\"noreferrer noopener\" href=\"http:\/\/facebook.com\/aconteceunovale\" target=\"_blank\">@aconteceunovale<\/a>, Twitter <a rel=\"noreferrer noopener\" href=\"https:\/\/twitter.com\/noticiadosvales\" target=\"_blank\">@noticiadosvales<\/a> e Instagram <a rel=\"noreferrer noopener\" href=\"https:\/\/www.instagram.com\/aconteceunovale\" target=\"_blank\">@aconteceunovale<\/a>.<\/p>\n","protected":false},"excerpt":{"rendered":"<p>O Minist\u00e9rio da Sa\u00fade (MS) confirmou hoje (10\/12\/2020) o primeiro caso de reinfec\u00e7\u00e3o por Covid-19 no Brasil. Segundo a pasta, o diagn\u00f3stico ocorreu em uma profissional da \u00e1rea de sa\u00fade, de 37 anos, residente em Natal. Ela teve a doen\u00e7a em junho, se curou e teve o resultado positivo novamente diagnosticado em outubro, 116 dias [&hellip;]<\/p>\n","protected":false},"author":4,"featured_media":166711,"comment_status":"open","ping_status":"closed","sticky":false,"template":"","format":"standard","meta":{"amp_status":"","footnotes":""},"categories":[28848],"tags":[232213,1018,24222,19326,232210,232211,1154,232215,232214,232212],"class_list":["post-170524","post","type-post","status-publish","format-standard","has-post-thumbnail","hentry","category-mundo","tag-caso-de-reinfeccao-por-covid-19-no-brasil","tag-destaque","tag-fiocruz","tag-ministerio-da-saude","tag-ministerio-da-saude-confirma-primeiro-caso-de-reinfeccao-por-covid-19-no-brasil","tag-ministerio-da-saude-do-brasil","tag-natal","tag-primeira-reinfeccao-por-covid-19-no-brasil","tag-primeiro-caso-de-reinfeccao-por-covid-19-no-brasil","tag-reinfeccao-por-covid-19-no-brasil"],"_links":{"self":[{"href":"https:\/\/aconteceunovale.com.br\/portal\/index.php?rest_route=\/wp\/v2\/posts\/170524","targetHints":{"allow":["GET"]}}],"collection":[{"href":"https:\/\/aconteceunovale.com.br\/portal\/index.php?rest_route=\/wp\/v2\/posts"}],"about":[{"href":"https:\/\/aconteceunovale.com.br\/portal\/index.php?rest_route=\/wp\/v2\/types\/post"}],"author":[{"embeddable":true,"href":"https:\/\/aconteceunovale.com.br\/portal\/index.php?rest_route=\/wp\/v2\/users\/4"}],"replies":[{"embeddable":true,"href":"https:\/\/aconteceunovale.com.br\/portal\/index.php?rest_route=%2Fwp%2Fv2%2Fcomments&post=170524"}],"version-history":[{"count":1,"href":"https:\/\/aconteceunovale.com.br\/portal\/index.php?rest_route=\/wp\/v2\/posts\/170524\/revisions"}],"predecessor-version":[{"id":170525,"href":"https:\/\/aconteceunovale.com.br\/portal\/index.php?rest_route=\/wp\/v2\/posts\/170524\/revisions\/170525"}],"wp:featuredmedia":[{"embeddable":true,"href":"https:\/\/aconteceunovale.com.br\/portal\/index.php?rest_route=\/wp\/v2\/media\/166711"}],"wp:attachment":[{"href":"https:\/\/aconteceunovale.com.br\/portal\/index.php?rest_route=%2Fwp%2Fv2%2Fmedia&parent=170524"}],"wp:term":[{"taxonomy":"category","embeddable":true,"href":"https:\/\/aconteceunovale.com.br\/portal\/index.php?rest_route=%2Fwp%2Fv2%2Fcategories&post=170524"},{"taxonomy":"post_tag","embeddable":true,"href":"https:\/\/aconteceunovale.com.br\/portal\/index.php?rest_route=%2Fwp%2Fv2%2Ftags&post=170524"}],"curies":[{"name":"wp","href":"https:\/\/api.w.org\/{rel}","templated":true}]}}