{"id":170483,"date":"2020-12-09T17:15:09","date_gmt":"2020-12-09T20:15:09","guid":{"rendered":"https:\/\/aconteceunovale.com.br\/portal\/?p=170483"},"modified":"2020-12-09T17:21:05","modified_gmt":"2020-12-09T20:21:05","slug":"ifmg-oferta-3-720-vagas-para-o-vestibular-2021","status":"publish","type":"post","link":"https:\/\/aconteceunovale.com.br\/portal\/?p=170483","title":{"rendered":"IFMG oferta 3.720 vagas para o vestibular 2021"},"content":{"rendered":"\n<p>Come\u00e7ou nesta segunda-feira, 7 de dezembro de 2020, o per\u00edodo de inscri\u00e7\u00f5es para o vestibular do IFMG. Neste processo seletivo para ingresso de novos alunos no primeiro semestre de 2021, s\u00e3o oferecidas 3.720 vagas em 88 cursos t\u00e9cnicos e de gradua\u00e7\u00e3o. S\u00e3o oportunidades de estudar gratuitamente, j\u00e1 que o IFMG \u00e9 uma institui\u00e7\u00e3o de ensino p\u00fablica, vinculada ao Minist\u00e9rio da Educa\u00e7\u00e3o.&nbsp;<strong><a rel=\"noreferrer noopener\" href=\"https:\/\/processoseletivo.ifmg.edu.br\/\" target=\"_blank\">Clique aqui e acesse o site de inscri\u00e7\u00f5es!<\/a><\/strong><\/p>\n\n\n\n<p>Devido \u00e0 pandemia de Covid-19, este vestibular est\u00e1 com novidades em rela\u00e7\u00e3o \u00e0 sele\u00e7\u00e3o dos cursos t\u00e9cnicos. Para manter o distanciamento social, ao inv\u00e9s da tradicional aplica\u00e7\u00e3o de provas, ser\u00e1 feita a an\u00e1lise do desempenho escolar dos inscritos. Outra mudan\u00e7a diz respeito \u00e0 oferta de cursos e vagas, que foi dividida em dois momentos. Nesta primeira oferta, 15 dos 18 campi est\u00e3o participando.\u00a0As vagas previstas s\u00e3o para as unidades em Arcos, Bambu\u00ed, Betim, Congonhas, Conselheiro Lafaiete, Formiga, Governador Valadares, Ibirit\u00e9, Ipatinga, Itabirito, Ouro Branco, Piumhi, Ponte Nova, Ribeir\u00e3o das Neves e S\u00e3o Jo\u00e3o Evangelista. Em uma segunda oferta, com data a ser definida a partir de fevereiro de 2021, ser\u00e1 a vez dos campi de Ouro Preto, Sabar\u00e1 e Santa Luzia.<\/p>\n\n\n\n<h2 class=\"wp-block-heading\">Inscri\u00e7\u00e3o para cursos t\u00e9cnicos<\/h2>\n\n\n\n<p>A oferta do ensino t\u00e9cnico envolve duas modalidades. Para jovens que est\u00e3o concluindo o Ensino Fundamental, existe a op\u00e7\u00e3o do curso t\u00e9cnico integrado ao Ensino M\u00e9dio, que possibilita a forma\u00e7\u00e3o t\u00e9cnica simult\u00e2nea ao ensino regular. Quem j\u00e1 se formou no Ensino M\u00e9dio, pode optar por um curso t\u00e9cnico subsequente e ter uma forma\u00e7\u00e3o profissional dentro de, no m\u00e1ximo, dois anos.<\/p>\n\n\n\n<p>Para se inscrever nos cursos integrados, os estudantes dever\u00e3o providenciar, junto \u00e0s escolas de origem, documento que comprove o desempenho nas disciplinas de L\u00edngua Portuguesa e Matem\u00e1tica no 7\u00ba e 8\u00ba anos do Ensino Fundamental. J\u00e1 os candidatos que desejam entrar em um curso subsequente dever\u00e3o apresentar documento contendo as notas em L\u00edngua Portuguesa e Matem\u00e1tica do 1\u00ba e 2\u00ba anos do Ensino M\u00e9dio. A classifica\u00e7\u00e3o ser\u00e1 processada a partir da m\u00e9dia simples das notas obtidas nas duas disciplinas. Para os cursos avaliados por meio de conceitos, foi criada uma tabela de equival\u00eancia, que pode ser consultada nos editais.<\/p>\n\n\n\n<p><strong><a href=\"https:\/\/www2.ifmg.edu.br\/portal\/noticias\/ifmg-oferta-3720-vagas-para-o-vestibular-2021\/passo-a-passo-tecnico-integrado-e-subs-rev3.pdf\" target=\"_blank\" rel=\"noreferrer noopener\">Acesse o passo a passo para se inscrever em um dos cursos t\u00e9cnicos!<\/a><\/strong><\/p>\n\n\n\n<h2 class=\"wp-block-heading\">Processo seletivo da gradua\u00e7\u00e3o<\/h2>\n\n\n\n<p>No caso do vestibular dos cursos de gradua\u00e7\u00e3o, a sele\u00e7\u00e3o ser\u00e1 realizada com o aproveitamento das notas de uma das \u00faltimas tr\u00eas edi\u00e7\u00f5es do Exame Nacional do Ensino M\u00e9dio (Enem 2018, 2019 ou 2020). Para ingressar em um curso superior, existe ainda a possibilidade de tentar uma vaga pelo SISU, uma vez que metade das vagas da gradua\u00e7\u00e3o ser\u00e3o disponibilizadas nesse sistema, ap\u00f3s divulga\u00e7\u00e3o do resultado do Enem 2020, no ano que vem.<\/p>\n\n\n\n<h2 class=\"wp-block-heading\">A\u00e7\u00f5es afirmativas<\/h2>\n\n\n\n<p>Do total de vagas, 50% est\u00e3o reservadas \u00e0 inclus\u00e3o social pelas a\u00e7\u00f5es afirmativas destinadas a candidatos que tenham estudado em escolas p\u00fablicas, respeitando a propor\u00e7\u00e3o m\u00ednima de autodeclarados pretos, pardos e ind\u00edgenas do \u00faltimo censo do IBGE. Os outros 50% s\u00e3o destinados \u00e0 ampla concorr\u00eancia e a uma vaga espec\u00edfica (V3985) destinada a candidatos que n\u00e3o se enquadrarem nos demais grupos de cotas.<\/p>\n\n\n\n<p>As regras do Processo Seletivo 2021\/1 &#8211; 1\u00aa oferta est\u00e3o elencadas em tr\u00eas editais, publicados nesta p\u00e1gina, por onde tamb\u00e9m \u00e9 realizada a inscri\u00e7\u00e3o, a partir da pr\u00f3xima segunda-feira. A taxa de participa\u00e7\u00e3o \u00e9 de R$ 25, mas pedidos de isen\u00e7\u00e3o podem ser feitos at\u00e9 o dia 16 de dezembro. O prazo para se inscrever termina em 7 de janeiro de 2021. Candidatos surdos que precisarem esclarecer d\u00favidas devem enviar mensagem para o e-mail&nbsp;vestibular@ifmg.edu.br.<\/p>\n\n\n\n<p class=\"has-white-color has-vivid-green-cyan-background-color has-text-color has-background\"><strong><a rel=\"noreferrer noopener\" href=\"https:\/\/www.gestaodeconcursos.com.br\/site\/site\/DetalheConcurso.aspx?CodigoConcurso=1393\" target=\"_blank\">Inscri\u00e7\u00e3o para cursos t\u00e9cnicos<\/a><\/strong><\/p>\n\n\n\n<p class=\"has-white-color has-vivid-green-cyan-background-color has-text-color has-background\"><strong><a href=\"https:\/\/www.gestaodeconcursos.com.br\/site\/site\/DetalheConcurso.aspx?CodigoConcurso=1394\" target=\"_blank\" rel=\"noreferrer noopener\">Inscri\u00e7\u00e3o para cursos de gradua\u00e7\u00e3o<\/a><\/strong><\/p>\n\n\n\n<p class=\"has-white-color has-vivid-green-cyan-background-color has-text-color has-background\"><strong><a href=\"https:\/\/processoseletivo.ifmg.edu.br\/\" target=\"_blank\" rel=\"noreferrer noopener\">Site do Processo Seletivo 2021\/1<\/a><\/strong><\/p>\n\n\n\n<p class=\"has-white-color has-vivid-green-cyan-background-color has-text-color has-background\"><strong><a href=\"https:\/\/processoseletivo.ifmg.edu.br\/curso-tecnico\/\" target=\"_blank\" rel=\"noreferrer noopener\">Cursos e vagas &#8211; T\u00e9cnico Integrado ao Ensino M\u00e9dio<\/a><\/strong><\/p>\n\n\n\n<p class=\"has-white-color has-vivid-green-cyan-background-color has-text-color has-background\"><strong><a href=\"https:\/\/processoseletivo.ifmg.edu.br\/curso-tecnico-subsequentes\/\" target=\"_blank\" rel=\"noreferrer noopener\">Cursos e vagas &#8211; T\u00e9cnico Subsequente<\/a><\/strong><\/p>\n\n\n\n<p class=\"has-white-color has-vivid-green-cyan-background-color has-text-color has-background\"><strong><a href=\"https:\/\/processoseletivo.ifmg.edu.br\/curso-superior\/\" target=\"_blank\" rel=\"noreferrer noopener\">Cursos e vagas &#8211; Gradua\u00e7\u00e3o<\/a><\/strong><\/p>\n\n\n\n<p class=\"has-white-color has-vivid-green-cyan-background-color has-text-color has-background\"><strong><a href=\"https:\/\/youtu.be\/tWiHsqG1Mro\" target=\"_blank\" rel=\"noreferrer noopener\">Informa\u00e7\u00f5es em Libras sobre o Processo Seletivo 2021\/1<\/a><\/strong><\/p>\n\n\n\n<h2 class=\"wp-block-heading\"><strong>Assista \u00e0 live que explica as regras dos editais:<\/strong><\/h2>\n\n\n\n<figure class=\"wp-block-embed is-type-rich is-provider-incorporar-manipulador wp-block-embed-incorporar-manipulador wp-embed-aspect-16-9 wp-has-aspect-ratio\"><div class=\"wp-block-embed__wrapper\">\n<iframe loading=\"lazy\" title=\"Processo Seletivo 2021\/1 - leitura comentada dos editais\" width=\"696\" height=\"392\" src=\"https:\/\/www.youtube.com\/embed\/peSSNtnW6PU?feature=oembed\" frameborder=\"0\" allow=\"accelerometer; autoplay; clipboard-write; encrypted-media; gyroscope; picture-in-picture\" allowfullscreen><\/iframe>\n<\/div><\/figure>\n\n\n\n<p class=\"has-white-color has-vivid-cyan-blue-background-color has-text-color has-background\">Quer saber as not\u00edcias do <strong>Aconteceu no Vale<\/strong> em primeira m\u00e3o? Siga-nos no Facebook <a rel=\"noreferrer noopener\" href=\"http:\/\/facebook.com\/aconteceunovale\" target=\"_blank\">@aconteceunovale<\/a>, Twitter <a rel=\"noreferrer noopener\" href=\"https:\/\/twitter.com\/noticiadosvales\" target=\"_blank\">@noticiadosvales<\/a> e Instagram <a rel=\"noreferrer noopener\" href=\"https:\/\/www.instagram.com\/aconteceunovale\" target=\"_blank\">@aconteceunovale<\/a>.<\/p>\n","protected":false},"excerpt":{"rendered":"<p>Come\u00e7ou nesta segunda-feira, 7 de dezembro de 2020, o per\u00edodo de inscri\u00e7\u00f5es para o vestibular do IFMG. Neste processo seletivo para ingresso de novos alunos no primeiro semestre de 2021, s\u00e3o oferecidas 3.720 vagas em 88 cursos t\u00e9cnicos e de gradua\u00e7\u00e3o. S\u00e3o oportunidades de estudar gratuitamente, j\u00e1 que o IFMG \u00e9 uma institui\u00e7\u00e3o de ensino [&hellip;]<\/p>\n","protected":false},"author":4,"featured_media":170485,"comment_status":"open","ping_status":"closed","sticky":false,"template":"","format":"standard","meta":{"amp_status":"","footnotes":""},"categories":[40238,121,123],"tags":[1514,192,1495,1527,1528,1513,247,1494,160,232157,201,1499,1529,211,1783,217,211444,3674,1779,1498,162,232158,579,232159],"class_list":["post-170483","post","type-post","status-publish","format-standard","has-post-thumbnail","hentry","category-educacao-2","category-leste","category-gerais","tag-arcos","tag-bambui","tag-betim","tag-congonhas","tag-conselheiro-lafaiete","tag-formiga","tag-governador-valadares","tag-ibirite","tag-ifmg","tag-ifmg-oferta-3-720-vagas-para-o-vestibular-2021","tag-ipatinga","tag-itabirito","tag-ouro-branco","tag-ouro-preto","tag-piumhi","tag-ponte-nova","tag-processo-seletivo-ifmg","tag-ribeirao-das-neves","tag-sabara","tag-santa-luzia","tag-sao-joao-evangelista","tag-vestibular-2021-ifmg","tag-vestibular-ifmg","tag-vestibular-ifmg-2021"],"_links":{"self":[{"href":"https:\/\/aconteceunovale.com.br\/portal\/index.php?rest_route=\/wp\/v2\/posts\/170483","targetHints":{"allow":["GET"]}}],"collection":[{"href":"https:\/\/aconteceunovale.com.br\/portal\/index.php?rest_route=\/wp\/v2\/posts"}],"about":[{"href":"https:\/\/aconteceunovale.com.br\/portal\/index.php?rest_route=\/wp\/v2\/types\/post"}],"author":[{"embeddable":true,"href":"https:\/\/aconteceunovale.com.br\/portal\/index.php?rest_route=\/wp\/v2\/users\/4"}],"replies":[{"embeddable":true,"href":"https:\/\/aconteceunovale.com.br\/portal\/index.php?rest_route=%2Fwp%2Fv2%2Fcomments&post=170483"}],"version-history":[{"count":2,"href":"https:\/\/aconteceunovale.com.br\/portal\/index.php?rest_route=\/wp\/v2\/posts\/170483\/revisions"}],"predecessor-version":[{"id":170487,"href":"https:\/\/aconteceunovale.com.br\/portal\/index.php?rest_route=\/wp\/v2\/posts\/170483\/revisions\/170487"}],"wp:featuredmedia":[{"embeddable":true,"href":"https:\/\/aconteceunovale.com.br\/portal\/index.php?rest_route=\/wp\/v2\/media\/170485"}],"wp:attachment":[{"href":"https:\/\/aconteceunovale.com.br\/portal\/index.php?rest_route=%2Fwp%2Fv2%2Fmedia&parent=170483"}],"wp:term":[{"taxonomy":"category","embeddable":true,"href":"https:\/\/aconteceunovale.com.br\/portal\/index.php?rest_route=%2Fwp%2Fv2%2Fcategories&post=170483"},{"taxonomy":"post_tag","embeddable":true,"href":"https:\/\/aconteceunovale.com.br\/portal\/index.php?rest_route=%2Fwp%2Fv2%2Ftags&post=170483"}],"curies":[{"name":"wp","href":"https:\/\/api.w.org\/{rel}","templated":true}]}}