{"id":170476,"date":"2020-12-09T13:39:16","date_gmt":"2020-12-09T16:39:16","guid":{"rendered":"https:\/\/aconteceunovale.com.br\/portal\/?p=170476"},"modified":"2020-12-09T13:40:17","modified_gmt":"2020-12-09T16:40:17","slug":"eleicoes-2020-prazo-para-prestacao-de-contas-termina-dia-15-de-dezembro","status":"publish","type":"post","link":"https:\/\/aconteceunovale.com.br\/portal\/?p=170476","title":{"rendered":"Elei\u00e7\u00f5es 2020: prazo para presta\u00e7\u00e3o de contas termina dia 15 de dezembro"},"content":{"rendered":"\n<p>Todos os candidatos e diret\u00f3rios partid\u00e1rios que disputaram as Elei\u00e7\u00f5es 2020 t\u00eam at\u00e9 o dia 15 de dezembro para apresentar a presta\u00e7\u00e3o de contas final de campanha. A presta\u00e7\u00e3o de contas deve ser feita por meio do\u00a0Sistema de Presta\u00e7\u00e3o de Contas Eleitorais (SPCE).<\/p>\n\n\n\n<p>Al\u00e9m disso, os candidatos e partidos devem entregar, nos cart\u00f3rios eleitorais, uma m\u00eddia f\u00edsica (pen drive, por exemplo) com c\u00f3pia dos documentos inseridos no sistema. Em Minas Gerais, \u00e9 obrigat\u00f3rio agendar essa entrega. O agendamento, que deve ser feito no&nbsp;<a href=\"http:\/\/apps.tre-mg.jus.br\/AgendaBiometria\/publico\/index.jsp\" target=\"_blank\" rel=\"noreferrer noopener\">site do TRE<\/a>, \u00e9 necess\u00e1rio para se evitar filas e aglomera\u00e7\u00f5es nos cart\u00f3rios eleitorais, em fun\u00e7\u00e3o da pandemia de covid-19. Os cart\u00f3rios eleitorais funcionam para esse atendimento nos dias \u00fateis, das 8h \u00e0s 17h, na capital; e das 12h \u00e0s 18h no interior.<\/p>\n\n\n\n<p>Para a entrega da m\u00eddia f\u00edsica, h\u00e1 prazos diferentes para eleitos e n\u00e3o eleitos. Os candidatos que foram eleitos, incluindo at\u00e9 o terceiro suplente no caso de vereador, devem entregar a m\u00eddia nos cart\u00f3rios tamb\u00e9m at\u00e9 o dia 15 de dezembro. J\u00e1 para os candidatos n\u00e3o eleitos e para os diret\u00f3rios partid\u00e1rios, o prazo ser\u00e1 de 7 de janeiro a 8 de mar\u00e7o de 2021.&nbsp;<\/p>\n\n\n\n<p>\u00c9 importante destacar que, tanto para os eleitos como para os n\u00e3o eleitos e diret\u00f3rios partid\u00e1rios, a tempestividade da apresenta\u00e7\u00e3o das contas ser\u00e1 aferida com o envio dos dados pela internet at\u00e9 o prazo fixado de 15 de dezembro de 2020.<\/p>\n\n\n\n<p><strong>Transpar\u00eancia<\/strong><\/p>\n\n\n\n<p>Toda a documenta\u00e7\u00e3o entregue \u00e0 Justi\u00e7a Eleitoral por partidos e candidatos \u00e9 disponibilizada na \u00edntegra no&nbsp;<a href=\"https:\/\/www.tse.jus.br\/eleicoes\/eleicoes-2020\/prestacao-de-contas\/consulta-publica-aos-documentos-comprobatorios-das-prestacoes-de-contas-eleicoes-2020\" target=\"_blank\" rel=\"noreferrer noopener\">Portal do TSE<\/a>&nbsp;para consulta p\u00fablica. A medida permite que candidatos, partidos, profissionais da imprensa, \u00f3rg\u00e3os de fiscaliza\u00e7\u00e3o e qualquer cidad\u00e3o tenham acesso aos documentos comprobat\u00f3rios das presta\u00e7\u00f5es de contas dos candidatos e das legendas nas elei\u00e7\u00f5es deste ano.<\/p>\n\n\n\n<p>De igual forma, no PJe tamb\u00e9m \u00e9 poss\u00edvel acompanhar a tramita\u00e7\u00e3o de cada processo individual de presta\u00e7\u00e3o de contas, podendo ser verificado, entre outros documentos, o parecer t\u00e9cnico do analista das contas, o parecer do Minist\u00e9rio P\u00fablico Eleitoral e a senten\u00e7a que julgar\u00e1 a as contas. Para acessar o processo do candidato prestador das contas, o interessado dever\u00e1 acessar o&nbsp;<a href=\"http:\/\/divulgacandcontas.tse.jus.br\/divulga\/#\/\" target=\"_blank\" rel=\"noreferrer noopener\">DivulgaCandContas<\/a>, selecionar o candidato e, no lado direito do tela, clicar o n\u00ba do processo.<\/p>\n\n\n\n<p>Confira todas as regras para a presta\u00e7\u00e3o de contas previstas na\u00a0<a rel=\"noreferrer noopener\" href=\"http:\/\/www.tse.jus.br\/legislacao\/compilada\/res\/2019\/resolucao-no-23-607-de-17-de-dezembro-de-2019\" target=\"_blank\">Resolu\u00e7\u00e3o TSE n\u00ba 23.607\/2019<\/a>.<\/p>\n\n\n\n<p class=\"has-white-color has-vivid-cyan-blue-background-color has-text-color has-background\">Quer saber as not\u00edcias do <strong>Aconteceu no Vale<\/strong> em primeira m\u00e3o? Siga-nos no Facebook <a rel=\"noreferrer noopener\" href=\"http:\/\/facebook.com\/aconteceunovale\" target=\"_blank\">@aconteceunovale<\/a>, Twitter <a rel=\"noreferrer noopener\" href=\"https:\/\/twitter.com\/noticiadosvales\" target=\"_blank\">@noticiadosvales<\/a> e Instagram <a rel=\"noreferrer noopener\" href=\"https:\/\/www.instagram.com\/aconteceunovale\" target=\"_blank\">@aconteceunovale<\/a>.<\/p>\n","protected":false},"excerpt":{"rendered":"<p>Todos os candidatos e diret\u00f3rios partid\u00e1rios que disputaram as Elei\u00e7\u00f5es 2020 t\u00eam at\u00e9 o dia 15 de dezembro para apresentar a presta\u00e7\u00e3o de contas final de campanha. A presta\u00e7\u00e3o de contas deve ser feita por meio do\u00a0Sistema de Presta\u00e7\u00e3o de Contas Eleitorais (SPCE). Al\u00e9m disso, os candidatos e partidos devem entregar, nos cart\u00f3rios eleitorais, uma [&hellip;]<\/p>\n","protected":false},"author":4,"featured_media":170477,"comment_status":"open","ping_status":"closed","sticky":false,"template":"","format":"standard","meta":{"amp_status":"","footnotes":""},"categories":[6,215642],"tags":[205329,232147,232148,231014,114127,232149,232150],"class_list":["post-170476","post","type-post","status-publish","format-standard","has-post-thumbnail","hentry","category-br","category-eleicoes-2020","tag-eleicoes-2020","tag-eleicoes-2020-prestacao-de-contas","tag-prestacao-de-contas-candidatos","tag-prestacao-de-contas-eleicoes-2020","tag-prestacao-de-contas-eleitorais","tag-prestacao-de-contas-partidos","tag-spce"],"_links":{"self":[{"href":"https:\/\/aconteceunovale.com.br\/portal\/index.php?rest_route=\/wp\/v2\/posts\/170476","targetHints":{"allow":["GET"]}}],"collection":[{"href":"https:\/\/aconteceunovale.com.br\/portal\/index.php?rest_route=\/wp\/v2\/posts"}],"about":[{"href":"https:\/\/aconteceunovale.com.br\/portal\/index.php?rest_route=\/wp\/v2\/types\/post"}],"author":[{"embeddable":true,"href":"https:\/\/aconteceunovale.com.br\/portal\/index.php?rest_route=\/wp\/v2\/users\/4"}],"replies":[{"embeddable":true,"href":"https:\/\/aconteceunovale.com.br\/portal\/index.php?rest_route=%2Fwp%2Fv2%2Fcomments&post=170476"}],"version-history":[{"count":1,"href":"https:\/\/aconteceunovale.com.br\/portal\/index.php?rest_route=\/wp\/v2\/posts\/170476\/revisions"}],"predecessor-version":[{"id":170478,"href":"https:\/\/aconteceunovale.com.br\/portal\/index.php?rest_route=\/wp\/v2\/posts\/170476\/revisions\/170478"}],"wp:featuredmedia":[{"embeddable":true,"href":"https:\/\/aconteceunovale.com.br\/portal\/index.php?rest_route=\/wp\/v2\/media\/170477"}],"wp:attachment":[{"href":"https:\/\/aconteceunovale.com.br\/portal\/index.php?rest_route=%2Fwp%2Fv2%2Fmedia&parent=170476"}],"wp:term":[{"taxonomy":"category","embeddable":true,"href":"https:\/\/aconteceunovale.com.br\/portal\/index.php?rest_route=%2Fwp%2Fv2%2Fcategories&post=170476"},{"taxonomy":"post_tag","embeddable":true,"href":"https:\/\/aconteceunovale.com.br\/portal\/index.php?rest_route=%2Fwp%2Fv2%2Ftags&post=170476"}],"curies":[{"name":"wp","href":"https:\/\/api.w.org\/{rel}","templated":true}]}}