{"id":170471,"date":"2020-12-09T11:38:24","date_gmt":"2020-12-09T14:38:24","guid":{"rendered":"https:\/\/aconteceunovale.com.br\/portal\/?p=170471"},"modified":"2020-12-09T11:38:40","modified_gmt":"2020-12-09T14:38:40","slug":"governador-de-minas-e-ministro-da-saude-discutem-vacinacao-contra-o-novo-coronavirus","status":"publish","type":"post","link":"https:\/\/aconteceunovale.com.br\/portal\/?p=170471","title":{"rendered":"Governador de Minas e ministro da Sa\u00fade discutem vacina\u00e7\u00e3o contra o novo coronav\u00edrus"},"content":{"rendered":"\n<p>O governador Romeu Zema participou nesta ter\u00e7a-feira (8\/12) de uma reuni\u00e3o, por videoconfer\u00eancia, com o ministro da Sa\u00fade, Eduardo Pazuello, e demais governadores para tratar da implementa\u00e7\u00e3o do Plano Nacional de Imuniza\u00e7\u00e3o (PNI) contra a covid-19 e planejamento estrat\u00e9gico para a vacina\u00e7\u00e3o no pa\u00eds. A expectativa \u00e9 de que a campanha de vacina\u00e7\u00e3o tenha in\u00edcio entre janeiro e fevereiro do ano que vem.&nbsp;<\/p>\n\n\n\n<p>Segundo o Minist\u00e9rio da Sa\u00fade, o Brasil j\u00e1 conta com acordos tecnol\u00f3gicos e de inten\u00e7\u00e3o para a aquisi\u00e7\u00e3o de cerca de 300 milh\u00f5es de doses de vacinas de diferentes fornecedoras ao longo de todo o ano de 2021.&nbsp;<\/p>\n\n\n\n<p>Zema ressaltou que qualquer defini\u00e7\u00e3o sobre a vacina\u00e7\u00e3o funcionar\u00e1 em conson\u00e2ncia com o PNI, do governo federal, e o Plano de Conting\u00eancia da Vacina\u00e7\u00e3o contra covid-19, elaborado pela&nbsp;<a href=\"http:\/\/saude.mg.gov.br\/\" target=\"_blank\" rel=\"noreferrer noopener\">Secretaria de Estado de&nbsp;Sa\u00fade (SES-MG)<\/a>.&nbsp;<\/p>\n\n\n\n<p>\u201cEst\u00e1 definido que o processo de vacina\u00e7\u00e3o ser\u00e1 conduzido em n\u00edvel nacional. O Minist\u00e9rio da Sa\u00fade \u00e9 quem est\u00e1 adquirindo as vacinas e far\u00e1 a distribui\u00e7\u00e3o por todo o pa\u00eds. Nenhum munic\u00edpio ou estado ser\u00e1 prejudicado ou privilegiado em rela\u00e7\u00e3o \u00e0 vacina\u00e7\u00e3o\u201d, disse Zema.&nbsp;<\/p>\n\n\n\n<p>O governador lembrou que o&nbsp;<a href=\"http:\/\/mg.gov.br\/\" target=\"_blank\" rel=\"noreferrer noopener\">Governo de Minas<\/a>&nbsp;j\u00e1 adquiriu diversos insumos necess\u00e1rios, como 50 milh\u00f5es de seringas e 700 refrigeradores, preparando o estado para receber a vacina e executar as a\u00e7\u00f5es estrat\u00e9gicas para sua aplica\u00e7\u00e3o.<\/p>\n\n\n\n<p>\u201cA vacina\u00e7\u00e3o \u00e9 muito importante e o Estado\u00a0j\u00e1 est\u00e1 todo preparado. J\u00e1 compramos mais de 50 milh\u00f5es de seringas e 700 refrigeradores, de forma que, quando a vacina chegar, toda esta estrutura est\u00e1 pronta, al\u00e9m dos profissionais orientados para conduzir este processo da forma mais c\u00e9lere, organizada e segura\u201d, concluiu o governador.<\/p>\n\n\n\n<p class=\"has-white-color has-vivid-cyan-blue-background-color has-text-color has-background\">Quer saber as not\u00edcias do <strong>Aconteceu no Vale<\/strong> em primeira m\u00e3o? Siga-nos no Facebook <a rel=\"noreferrer noopener\" href=\"http:\/\/facebook.com\/aconteceunovale\" target=\"_blank\">@aconteceunovale<\/a>, Twitter <a rel=\"noreferrer noopener\" href=\"https:\/\/twitter.com\/noticiadosvales\" target=\"_blank\">@noticiadosvales<\/a> e Instagram <a rel=\"noreferrer noopener\" href=\"https:\/\/www.instagram.com\/aconteceunovale\" target=\"_blank\">@aconteceunovale<\/a>.<\/p>\n","protected":false},"excerpt":{"rendered":"<p>O governador Romeu Zema participou nesta ter\u00e7a-feira (8\/12) de uma reuni\u00e3o, por videoconfer\u00eancia, com o ministro da Sa\u00fade, Eduardo Pazuello, e demais governadores para tratar da implementa\u00e7\u00e3o do Plano Nacional de Imuniza\u00e7\u00e3o (PNI) contra a covid-19 e planejamento estrat\u00e9gico para a vacina\u00e7\u00e3o no pa\u00eds. A expectativa \u00e9 de que a campanha de vacina\u00e7\u00e3o tenha in\u00edcio [&hellip;]<\/p>\n","protected":false},"author":4,"featured_media":170472,"comment_status":"open","ping_status":"closed","sticky":false,"template":"","format":"standard","meta":{"amp_status":"","footnotes":""},"categories":[6,123,40242],"tags":[214884,216498,1018,221803,232137,184213,6546,232139,231100,134903,232138,178207,52113,232140,231098,181383],"class_list":["post-170471","post","type-post","status-publish","format-standard","has-post-thumbnail","hentry","category-br","category-gerais","category-saude-2","tag-coronavirus","tag-covid-19","tag-destaque","tag-eduardo-pazuello","tag-governador-de-minas-e-ministro-da-saude-discutem-vacinacao-contra-o-novo-coronavirus","tag-governador-romeu-zema","tag-governo-de-minas","tag-imunizacao-contra-coronavirus","tag-imunizacao-contra-covid-19","tag-pni","tag-reuniao-entre-zema-e-pazuello","tag-romeu-zema","tag-ses-mg","tag-vacinacao-contra-coronavirus","tag-vacinacao-contra-covid-19","tag-zema"],"_links":{"self":[{"href":"https:\/\/aconteceunovale.com.br\/portal\/index.php?rest_route=\/wp\/v2\/posts\/170471","targetHints":{"allow":["GET"]}}],"collection":[{"href":"https:\/\/aconteceunovale.com.br\/portal\/index.php?rest_route=\/wp\/v2\/posts"}],"about":[{"href":"https:\/\/aconteceunovale.com.br\/portal\/index.php?rest_route=\/wp\/v2\/types\/post"}],"author":[{"embeddable":true,"href":"https:\/\/aconteceunovale.com.br\/portal\/index.php?rest_route=\/wp\/v2\/users\/4"}],"replies":[{"embeddable":true,"href":"https:\/\/aconteceunovale.com.br\/portal\/index.php?rest_route=%2Fwp%2Fv2%2Fcomments&post=170471"}],"version-history":[{"count":1,"href":"https:\/\/aconteceunovale.com.br\/portal\/index.php?rest_route=\/wp\/v2\/posts\/170471\/revisions"}],"predecessor-version":[{"id":170473,"href":"https:\/\/aconteceunovale.com.br\/portal\/index.php?rest_route=\/wp\/v2\/posts\/170471\/revisions\/170473"}],"wp:featuredmedia":[{"embeddable":true,"href":"https:\/\/aconteceunovale.com.br\/portal\/index.php?rest_route=\/wp\/v2\/media\/170472"}],"wp:attachment":[{"href":"https:\/\/aconteceunovale.com.br\/portal\/index.php?rest_route=%2Fwp%2Fv2%2Fmedia&parent=170471"}],"wp:term":[{"taxonomy":"category","embeddable":true,"href":"https:\/\/aconteceunovale.com.br\/portal\/index.php?rest_route=%2Fwp%2Fv2%2Fcategories&post=170471"},{"taxonomy":"post_tag","embeddable":true,"href":"https:\/\/aconteceunovale.com.br\/portal\/index.php?rest_route=%2Fwp%2Fv2%2Ftags&post=170471"}],"curies":[{"name":"wp","href":"https:\/\/api.w.org\/{rel}","templated":true}]}}