{"id":170469,"date":"2020-12-09T11:31:44","date_gmt":"2020-12-09T14:31:44","guid":{"rendered":"https:\/\/aconteceunovale.com.br\/portal\/?p=170469"},"modified":"2020-12-09T11:32:39","modified_gmt":"2020-12-09T14:32:39","slug":"operacao-vetus-combate-violencia-contra-idosos","status":"publish","type":"post","link":"https:\/\/aconteceunovale.com.br\/portal\/?p=170469","title":{"rendered":"Opera\u00e7\u00e3o Vetus combate viol\u00eancia contra idosos"},"content":{"rendered":"\n<p>Realizada em Minas Gerais, outros 25 estados e Distrito Federal desde o dia 1\/10, a Opera\u00e7\u00e3o Vetus faz parte de uma a\u00e7\u00e3o in\u00e9dita, coordenada pelo Minist\u00e9rio da Justi\u00e7a e Seguran\u00e7a P\u00fablica (MJSP) e contou com diversas opera\u00e7\u00f5es integradas.<\/p>\n\n\n\n<p>O aumento de den\u00fancias de abuso registradas durante o per\u00edodo da pandemia, pelo Disque 100, do Minist\u00e9rio da Mulher, Fam\u00edlia e Direitos Humanos, foi um dos pontos de aten\u00e7\u00e3o da opera\u00e7\u00e3o.<\/p>\n\n\n\n<p><strong>Minas Gerais<\/strong><\/p>\n\n\n\n<p>De outubro para c\u00e1, a\u00a0\u00a0Pol\u00edcia\u00a0Civil de\u00a0Minas\u00a0Gerais (PCMG)\u00a0apurou mais de 2 mil den\u00fancias. Houve a instaura\u00e7\u00e3o de 690 procedimentos investigativos, atendimento a mais de 3 mil pessoas idosas v\u00edtimas de viol\u00eancia e pris\u00e3o de 301 suspeitos de agress\u00f5es em todo o estado.<\/p>\n\n\n\n<p>O coordenador de Opera\u00e7\u00f5es da Superintend\u00eancia de Investiga\u00e7\u00e3o e Pol\u00edcia Judici\u00e1ria (SIPJ) da PCMG, delegado Alo\u00edsio Daniel Fagundes, destacou ainda outros n\u00fameros. \u201cNo dia 4\/12, foram cumpridas quase 400 medidas cautelares\/medidas protetivas\/mandados e cerca de 350 visitas em resid\u00eancias e institui\u00e7\u00f5es de longa perman\u00eancia. Tivemos a\u00e7\u00f5es em 252 munic\u00edpios de Minas Gerais com o empenho de mais de 1,7 mil policiais civis, em 19 departamentos\u201d.<\/p>\n\n\n\n<p><strong>Alerta<\/strong><\/p>\n\n\n\n<p>A titular da Delegacia Especializada em Atendimento \u00e0 Pessoa com Defici\u00eancia e ao Idoso, em Belo Horizonte, delegada Marcelle Bacellar, falou sobre a triste realidade dos idosos internados nas institui\u00e7\u00f5es de perman\u00eancia. \u201cApesar de n\u00e3o termos constatado em BH casos de maus tratos, \u00e9 poss\u00edvel perceber em muitas dessas institui\u00e7\u00f5es que os idosos est\u00e3o abandonados pela fam\u00edlia. Pedem para ir embora n\u00e3o por n\u00e3o gostarem de viver naquele lugar, mas por sentirem falta dos familiares\u201d, relatou.<\/p>\n\n\n\n<p>\u201cPrecisamos cuidar dos nossos idosos, romper com esse ciclo de viol\u00eancia que se apresenta como cultural na nossa sociedade. Assumir essa responsabilidade e denunciar e buscar solu\u00e7\u00f5es para esta parcela da popula\u00e7\u00e3o que vem sendo negligenciada\u201d, finalizou a delegada Luisa Drummond, que responde pela Divis\u00e3o Especializada em Atendimento \u00e0 Mulher, ao Idoso e \u00e0 Pessoa com Defici\u00eancia e V\u00edtimas de Intoler\u00e2ncias.<\/p>\n\n\n\n<p class=\"has-white-color has-vivid-cyan-blue-background-color has-text-color has-background\">Quer saber as not\u00edcias do <strong>Aconteceu no Vale<\/strong> em primeira m\u00e3o? Siga-nos no Facebook <a rel=\"noreferrer noopener\" href=\"http:\/\/facebook.com\/aconteceunovale\" target=\"_blank\">@aconteceunovale<\/a>, Twitter <a rel=\"noreferrer noopener\" href=\"https:\/\/twitter.com\/noticiadosvales\" target=\"_blank\">@noticiadosvales<\/a> e Instagram <a rel=\"noreferrer noopener\" href=\"https:\/\/www.instagram.com\/aconteceunovale\" target=\"_blank\">@aconteceunovale<\/a>.<\/p>\n","protected":false},"excerpt":{"rendered":"<p>Realizada em Minas Gerais, outros 25 estados e Distrito Federal desde o dia 1\/10, a Opera\u00e7\u00e3o Vetus faz parte de uma a\u00e7\u00e3o in\u00e9dita, coordenada pelo Minist\u00e9rio da Justi\u00e7a e Seguran\u00e7a P\u00fablica (MJSP) e contou com diversas opera\u00e7\u00f5es integradas. O aumento de den\u00fancias de abuso registradas durante o per\u00edodo da pandemia, pelo Disque 100, do Minist\u00e9rio [&hellip;]<\/p>\n","protected":false},"author":4,"featured_media":75628,"comment_status":"open","ping_status":"closed","sticky":false,"template":"","format":"standard","meta":{"amp_status":"","footnotes":""},"categories":[6,123],"tags":[232136,232135,1828,229872,19903,188751,198659,232133,232132,604,232134],"class_list":["post-170469","post","type-post","status-publish","format-standard","has-post-thumbnail","hentry","category-br","category-gerais","tag-delegada-marcelle-bacellar","tag-delegado-aloisio-daniel-fagundes","tag-direitos-humanos","tag-disque-100","tag-ministerio-da-justica","tag-ministerio-da-mulher","tag-mjsp","tag-operacao-vetus","tag-operacao-vetus-combate-violencia-contra-idosos","tag-pcmg","tag-violencia-contra-idosos-em-minas-gerias"],"_links":{"self":[{"href":"https:\/\/aconteceunovale.com.br\/portal\/index.php?rest_route=\/wp\/v2\/posts\/170469","targetHints":{"allow":["GET"]}}],"collection":[{"href":"https:\/\/aconteceunovale.com.br\/portal\/index.php?rest_route=\/wp\/v2\/posts"}],"about":[{"href":"https:\/\/aconteceunovale.com.br\/portal\/index.php?rest_route=\/wp\/v2\/types\/post"}],"author":[{"embeddable":true,"href":"https:\/\/aconteceunovale.com.br\/portal\/index.php?rest_route=\/wp\/v2\/users\/4"}],"replies":[{"embeddable":true,"href":"https:\/\/aconteceunovale.com.br\/portal\/index.php?rest_route=%2Fwp%2Fv2%2Fcomments&post=170469"}],"version-history":[{"count":1,"href":"https:\/\/aconteceunovale.com.br\/portal\/index.php?rest_route=\/wp\/v2\/posts\/170469\/revisions"}],"predecessor-version":[{"id":170470,"href":"https:\/\/aconteceunovale.com.br\/portal\/index.php?rest_route=\/wp\/v2\/posts\/170469\/revisions\/170470"}],"wp:featuredmedia":[{"embeddable":true,"href":"https:\/\/aconteceunovale.com.br\/portal\/index.php?rest_route=\/wp\/v2\/media\/75628"}],"wp:attachment":[{"href":"https:\/\/aconteceunovale.com.br\/portal\/index.php?rest_route=%2Fwp%2Fv2%2Fmedia&parent=170469"}],"wp:term":[{"taxonomy":"category","embeddable":true,"href":"https:\/\/aconteceunovale.com.br\/portal\/index.php?rest_route=%2Fwp%2Fv2%2Fcategories&post=170469"},{"taxonomy":"post_tag","embeddable":true,"href":"https:\/\/aconteceunovale.com.br\/portal\/index.php?rest_route=%2Fwp%2Fv2%2Ftags&post=170469"}],"curies":[{"name":"wp","href":"https:\/\/api.w.org\/{rel}","templated":true}]}}