{"id":170463,"date":"2020-12-09T11:10:00","date_gmt":"2020-12-09T14:10:00","guid":{"rendered":"https:\/\/aconteceunovale.com.br\/portal\/?p=170463"},"modified":"2020-12-09T11:11:26","modified_gmt":"2020-12-09T14:11:26","slug":"homem-se-agarra-em-arvore-e-escapa-de-enxurrada-em-uberlandia","status":"publish","type":"post","link":"https:\/\/aconteceunovale.com.br\/portal\/?p=170463","title":{"rendered":"Homem se agarra em \u00e1rvore e escapa de enxurrada em Uberl\u00e2ndia"},"content":{"rendered":"\n<p>Uma chuva forte que caiu no in\u00edcio da noite de ontem (8\/12\/2020) em Uberl\u00e2ndia (MG), localizada no Tri\u00e2ngulo Mineiro, deixou a cidade com v\u00e1rios pontos de alagamento. O bairro Santa M\u00f4nica e o Centro foram os locais mais atingidos. Motoristas ficaram com os carros parados por causa das inunda\u00e7\u00f5es em vias p\u00fablicas e alguns ve\u00edculos foram levados pela correnteza. Equipes da Defesa Civil, do Corpo de Bombeiros e da Pol\u00edcia Militar (PM) foram acionadas para atender as ocorr\u00eancias.\u00a0<\/p>\n\n\n\n<p>De acordo com o Corpo de Bombeiros, quinze pessoas foram socorridas. Nenhuma delas ficou ferida.&nbsp;<\/p>\n\n\n\n<p>Em um v\u00eddeo, publicado nas redes sociais, \u00e9 poss\u00edvel ver um homem agarrado a uma \u00e1rvore e se segurando para n\u00e3o ser levado pela enxurrada. Em outras&nbsp;imagens, os motoristas falam sobre estarem presos dentro de carros em avenidas alagadas. Alguns subiram no teto dos ve\u00edculos.&nbsp;<\/p>\n\n\n\n<p>Ao todo foram atendidos 38 chamados em diversos locais da cidade, segundo os bombeiros. A maioria dos atendimentos foi para alagamentos de resid\u00eancias ou ruas; resgate de pessoas em ve\u00edculos sendo arrastados por enxurradas e socorro de pessoas ilhadas em v\u00e1rias situa\u00e7\u00f5es.&nbsp;<\/p>\n\n\n\n<p>A avenida Rondon Pacheco, uma das principais da cidade, ficou completamente alagada. Nela \u00e9 poss\u00edvel ver, pelos v\u00eddeos, carros empilhados por causa da enxurrada.\u00a0<\/p>\n\n\n\n<figure class=\"wp-block-embed is-type-rich is-provider-incorporar-manipulador wp-block-embed-incorporar-manipulador wp-embed-aspect-4-3 wp-has-aspect-ratio\"><div class=\"wp-block-embed__wrapper\">\n<iframe loading=\"lazy\" title=\"Homem se agarra em \u00e1rvore durante temporal em Uberl\u00e2ndia\" width=\"696\" height=\"522\" src=\"https:\/\/www.youtube.com\/embed\/IqWvGbq1e64?feature=oembed\" frameborder=\"0\" allow=\"accelerometer; autoplay; clipboard-write; encrypted-media; gyroscope; picture-in-picture\" allowfullscreen><\/iframe>\n<\/div><\/figure>\n\n\n\n<figure class=\"wp-block-embed is-type-rich is-provider-incorporar-manipulador wp-block-embed-incorporar-manipulador wp-embed-aspect-16-9 wp-has-aspect-ratio\"><div class=\"wp-block-embed__wrapper\">\n<iframe loading=\"lazy\" title=\"Alagamento em Uberl\u00e2ndia\" width=\"696\" height=\"392\" src=\"https:\/\/www.youtube.com\/embed\/ImgvA3g2QmU?feature=oembed\" frameborder=\"0\" allow=\"accelerometer; autoplay; clipboard-write; encrypted-media; gyroscope; picture-in-picture\" allowfullscreen><\/iframe>\n<\/div><\/figure>\n\n\n\n<figure class=\"wp-block-embed is-type-rich is-provider-incorporar-manipulador wp-block-embed-incorporar-manipulador wp-embed-aspect-16-9 wp-has-aspect-ratio\"><div class=\"wp-block-embed__wrapper\">\n<iframe loading=\"lazy\" title=\"Motoristas ficam ilhados durante temporal em Uberl\u00e2ndia\" width=\"696\" height=\"392\" src=\"https:\/\/www.youtube.com\/embed\/H7GFZ0pmZdA?feature=oembed\" frameborder=\"0\" allow=\"accelerometer; autoplay; clipboard-write; encrypted-media; gyroscope; picture-in-picture\" allowfullscreen><\/iframe>\n<\/div><\/figure>\n\n\n\n<h2 class=\"wp-block-heading\"><strong>Fortes chuvas<\/strong><\/h2>\n\n\n\n<p>De acordo com o Instituto Nacional de Meteorologia (Inmet), nesta semana, os moradores dos estados de Minas Gerais, Goi\u00e1s, Mato Grosso e Rio de Janeiro devem esperar fortes chuvas. O instituto explica que os temporais ocorrem devido \u00e0 zona de converg\u00eancia do Atl\u00e2ntico Sul (ZCAS) &#8211; fen\u00f4meno caracterizado pelo ac\u00famulo de nuvens &#8211; entre as regi\u00f5es Norte e Sudeste. A previs\u00e3o \u00e9 de temporais acompanhados de granizo e rajadas de vento.<\/p>\n\n\n\n<p class=\"has-white-color has-vivid-cyan-blue-background-color has-text-color has-background\">Quer saber as not\u00edcias do <strong>Aconteceu no Vale<\/strong> em primeira m\u00e3o? Siga-nos no Facebook <a rel=\"noreferrer noopener\" href=\"http:\/\/facebook.com\/aconteceunovale\" target=\"_blank\">@aconteceunovale<\/a>, Twitter <a rel=\"noreferrer noopener\" href=\"https:\/\/twitter.com\/noticiadosvales\" target=\"_blank\">@noticiadosvales<\/a> e Instagram <a rel=\"noreferrer noopener\" href=\"https:\/\/www.instagram.com\/aconteceunovale\" target=\"_blank\">@aconteceunovale<\/a>.<\/p>\n","protected":false},"excerpt":{"rendered":"<p>Uma chuva forte que caiu no in\u00edcio da noite de ontem (8\/12\/2020) em Uberl\u00e2ndia (MG), localizada no Tri\u00e2ngulo Mineiro, deixou a cidade com v\u00e1rios pontos de alagamento. O bairro Santa M\u00f4nica e o Centro foram os locais mais atingidos. Motoristas ficaram com os carros parados por causa das inunda\u00e7\u00f5es em vias p\u00fablicas e alguns ve\u00edculos [&hellip;]<\/p>\n","protected":false},"author":4,"featured_media":170467,"comment_status":"open","ping_status":"closed","sticky":false,"template":"","format":"standard","meta":{"amp_status":"","footnotes":""},"categories":[123],"tags":[232130,232128,232123,1018,232124,232131,232126,232127,232121,232129,232120,232125,232122,221],"class_list":["post-170463","post","type-post","status-publish","format-standard","has-post-thumbnail","hentry","category-gerais","tag-agarrado-em-arvore-em-uberlandia","tag-alagamentos-em-uberlandia","tag-chuva-em-uberlandia","tag-destaque","tag-enxurrada-em-uberlandia","tag-filmagem-de-enxurrada-de-dentro-de-carro-em-uberlandia","tag-forte-chuva-em-uberlandia","tag-forte-temporal-em-uberlandia","tag-homem-se-agarra-em-arvore-e-escapa-de-enxurrada-em-uberlandia","tag-ilhados-em-uberlandia","tag-motoristas-ficam-ilhados-durante-temporal-em-uberlandia","tag-tempestade-em-uberlandia","tag-temporal-em-uberlandia","tag-uberlandia"],"_links":{"self":[{"href":"https:\/\/aconteceunovale.com.br\/portal\/index.php?rest_route=\/wp\/v2\/posts\/170463","targetHints":{"allow":["GET"]}}],"collection":[{"href":"https:\/\/aconteceunovale.com.br\/portal\/index.php?rest_route=\/wp\/v2\/posts"}],"about":[{"href":"https:\/\/aconteceunovale.com.br\/portal\/index.php?rest_route=\/wp\/v2\/types\/post"}],"author":[{"embeddable":true,"href":"https:\/\/aconteceunovale.com.br\/portal\/index.php?rest_route=\/wp\/v2\/users\/4"}],"replies":[{"embeddable":true,"href":"https:\/\/aconteceunovale.com.br\/portal\/index.php?rest_route=%2Fwp%2Fv2%2Fcomments&post=170463"}],"version-history":[{"count":1,"href":"https:\/\/aconteceunovale.com.br\/portal\/index.php?rest_route=\/wp\/v2\/posts\/170463\/revisions"}],"predecessor-version":[{"id":170468,"href":"https:\/\/aconteceunovale.com.br\/portal\/index.php?rest_route=\/wp\/v2\/posts\/170463\/revisions\/170468"}],"wp:featuredmedia":[{"embeddable":true,"href":"https:\/\/aconteceunovale.com.br\/portal\/index.php?rest_route=\/wp\/v2\/media\/170467"}],"wp:attachment":[{"href":"https:\/\/aconteceunovale.com.br\/portal\/index.php?rest_route=%2Fwp%2Fv2%2Fmedia&parent=170463"}],"wp:term":[{"taxonomy":"category","embeddable":true,"href":"https:\/\/aconteceunovale.com.br\/portal\/index.php?rest_route=%2Fwp%2Fv2%2Fcategories&post=170463"},{"taxonomy":"post_tag","embeddable":true,"href":"https:\/\/aconteceunovale.com.br\/portal\/index.php?rest_route=%2Fwp%2Fv2%2Ftags&post=170463"}],"curies":[{"name":"wp","href":"https:\/\/api.w.org\/{rel}","templated":true}]}}