{"id":170459,"date":"2020-12-09T07:29:21","date_gmt":"2020-12-09T10:29:21","guid":{"rendered":"https:\/\/aconteceunovale.com.br\/portal\/?p=170459"},"modified":"2020-12-09T10:28:53","modified_gmt":"2020-12-09T13:28:53","slug":"anvisa-publica-alerta-de-risco-apos-confirmar-caso-de-candida-auris-na-bahia","status":"publish","type":"post","link":"https:\/\/aconteceunovale.com.br\/portal\/?p=170459","title":{"rendered":"Anvisa publica alerta de risco ap\u00f3s confirmar caso de Candida auris na Bahia"},"content":{"rendered":"\n<p>A Ag\u00eancia Nacional de Vigil\u00e2ncia Sanit\u00e1ria (Anvisa) publicou ontem (8\/12\/2020) uma nota de alerta sobre o diagn\u00f3stico de um caso de infec\u00e7\u00e3o por\u00a0<em>Candida auris<\/em>\u00a0(<em>C. auris<\/em>) em territ\u00f3rio brasileiro.\u00a0<img decoding=\"async\" src=\"https:\/\/agenciabrasil.ebc.com.br\/ebc.png?id=1395928&amp;o=node\"><img decoding=\"async\" src=\"https:\/\/agenciabrasil.ebc.com.br\/ebc.gif?id=1395928&amp;o=node\"><\/p>\n\n\n\n<p>Segundo informa o boletim, o diagn\u00f3stico ocorreu em um adulto internado no estado da Bahia e foi confirmado pelo Laborat\u00f3rio do Hospital das Cl\u00ednicas da Faculdade de Medicina da Universidade de S\u00e3o Paulo.<\/p>\n\n\n\n<p>A Anvisa destaca que o fungo \u201crepresenta uma grave amea\u00e7a \u00e0 sa\u00fade global\u201d, e que j\u00e1 havia emitido um alerta de risco anteriormente, em 2017. O alerta foi feito em fun\u00e7\u00e3o de relatos de surtos da doen\u00e7a causada pelo&nbsp;<em>C. auris<\/em>&nbsp;na Am\u00e9rica Latina comunicados pela Organiza\u00e7\u00e3o Pan-Americana da Sa\u00fade (Opas), da Organiza\u00e7\u00e3o Mundial da Sa\u00fade (OMS).<\/p>\n\n\n\n<p>A Anvisa trabalha para revisar o comunicado de risco emitido anteriormente e informa que uma for\u00e7a-tarefa nacional j\u00e1 est\u00e1 organizada. \u201cA Ag\u00eancia est\u00e1 trabalhando para contemplar a nova situa\u00e7\u00e3o epidemiol\u00f3gica do pa\u00eds, a inclus\u00e3o de outros laborat\u00f3rios como refer\u00eancia para a rede nacional e as novas evid\u00eancias cient\u00edficas dispon\u00edveis. Recomendamos que os servi\u00e7os de sa\u00fade e laborat\u00f3rios de microbiologia estejam alertas \u00e0s orienta\u00e7\u00f5es\u201d, registra a nota.&nbsp;<\/p>\n\n\n\n<p>O alerta de risco sobre o fungo\u00a0<em>C. auris<\/em>\u00a0emitido pela Anvisa est\u00e1\u00a0<a rel=\"noreferrer noopener\" href=\"https:\/\/www.gov.br\/anvisa\/pt-br\/assuntos\/noticias-anvisa\/2020\/identificacao-de-possivel-caso-de-candida-auris-no-brasil\/ALERTA012020CANDIDAAURIS07.12.2020_2.pdf\" target=\"_blank\">dispon\u00edvel para o p\u00fablico<\/a>.<\/p>\n\n\n\n<p class=\"has-white-color has-vivid-cyan-blue-background-color has-text-color has-background\">Quer saber as not\u00edcias do <strong>Aconteceu no Vale<\/strong> em primeira m\u00e3o? Siga-nos no Facebook <a rel=\"noreferrer noopener\" href=\"http:\/\/facebook.com\/aconteceunovale\" target=\"_blank\">@aconteceunovale<\/a>, Twitter <a rel=\"noreferrer noopener\" href=\"https:\/\/twitter.com\/noticiadosvales\" target=\"_blank\">@noticiadosvales<\/a> e Instagram <a rel=\"noreferrer noopener\" href=\"https:\/\/www.instagram.com\/aconteceunovale\" target=\"_blank\">@aconteceunovale<\/a>.<\/p>\n","protected":false},"excerpt":{"rendered":"<p>A Ag\u00eancia Nacional de Vigil\u00e2ncia Sanit\u00e1ria (Anvisa) publicou ontem (8\/12\/2020) uma nota de alerta sobre o diagn\u00f3stico de um caso de infec\u00e7\u00e3o por\u00a0Candida auris\u00a0(C. auris) em territ\u00f3rio brasileiro.\u00a0 Segundo informa o boletim, o diagn\u00f3stico ocorreu em um adulto internado no estado da Bahia e foi confirmado pelo Laborat\u00f3rio do Hospital das Cl\u00ednicas da Faculdade de [&hellip;]<\/p>\n","protected":false},"author":4,"featured_media":170460,"comment_status":"open","ping_status":"closed","sticky":false,"template":"","format":"standard","meta":{"amp_status":"","footnotes":""},"categories":[6,40242],"tags":[2278,232113,232112,232117,232116,232118,232119,232115,232114,1018],"class_list":["post-170459","post","type-post","status-publish","format-standard","has-post-thumbnail","hentry","category-br","category-saude-2","tag-anvisa","tag-anvisa-candida-auris","tag-anvisa-publica-alerta-de-risco-apos-confirmar-caso-de-candida-auris-na-bahia","tag-c-auris-na-bahia","tag-c-auris-no-brasil","tag-caso-de-c-auris-em-territorio-brasileiro","tag-caso-de-candida-auris-em-territorio-brasileiro","tag-caso-de-candida-auris-na-bahia","tag-caso-de-candida-auris-no-brasil","tag-destaque"],"_links":{"self":[{"href":"https:\/\/aconteceunovale.com.br\/portal\/index.php?rest_route=\/wp\/v2\/posts\/170459","targetHints":{"allow":["GET"]}}],"collection":[{"href":"https:\/\/aconteceunovale.com.br\/portal\/index.php?rest_route=\/wp\/v2\/posts"}],"about":[{"href":"https:\/\/aconteceunovale.com.br\/portal\/index.php?rest_route=\/wp\/v2\/types\/post"}],"author":[{"embeddable":true,"href":"https:\/\/aconteceunovale.com.br\/portal\/index.php?rest_route=\/wp\/v2\/users\/4"}],"replies":[{"embeddable":true,"href":"https:\/\/aconteceunovale.com.br\/portal\/index.php?rest_route=%2Fwp%2Fv2%2Fcomments&post=170459"}],"version-history":[{"count":1,"href":"https:\/\/aconteceunovale.com.br\/portal\/index.php?rest_route=\/wp\/v2\/posts\/170459\/revisions"}],"predecessor-version":[{"id":170461,"href":"https:\/\/aconteceunovale.com.br\/portal\/index.php?rest_route=\/wp\/v2\/posts\/170459\/revisions\/170461"}],"wp:featuredmedia":[{"embeddable":true,"href":"https:\/\/aconteceunovale.com.br\/portal\/index.php?rest_route=\/wp\/v2\/media\/170460"}],"wp:attachment":[{"href":"https:\/\/aconteceunovale.com.br\/portal\/index.php?rest_route=%2Fwp%2Fv2%2Fmedia&parent=170459"}],"wp:term":[{"taxonomy":"category","embeddable":true,"href":"https:\/\/aconteceunovale.com.br\/portal\/index.php?rest_route=%2Fwp%2Fv2%2Fcategories&post=170459"},{"taxonomy":"post_tag","embeddable":true,"href":"https:\/\/aconteceunovale.com.br\/portal\/index.php?rest_route=%2Fwp%2Fv2%2Ftags&post=170459"}],"curies":[{"name":"wp","href":"https:\/\/api.w.org\/{rel}","templated":true}]}}