{"id":170456,"date":"2020-12-08T07:18:36","date_gmt":"2020-12-08T10:18:36","guid":{"rendered":"https:\/\/aconteceunovale.com.br\/portal\/?p=170456"},"modified":"2020-12-08T07:19:51","modified_gmt":"2020-12-08T10:19:51","slug":"suspeitos-de-assalto-sao-presos-em-governador-valadares","status":"publish","type":"post","link":"https:\/\/aconteceunovale.com.br\/portal\/?p=170456","title":{"rendered":"Suspeitos de assalto s\u00e3o presos em Governador Valadares"},"content":{"rendered":"\n<p>No \u00e2mbito de um inqu\u00e9rito policial que apura roubo a um casal de idosos, de 75 e 90 anos, a Pol\u00edcia Civil de Minas Gerais (PCMG) cumpriu, na manh\u00e3 de segunda-feira (7\/12\/2020), mandados de pris\u00e3o e de busca e apreens\u00e3o contra dois homens, de 28 e 31 anos, nos bairros Santa Helena e Santa Efig\u00eania, em Governador Valadares. Durante a a\u00e7\u00e3o, foi apreendido valor superior a R$ 4 mil em esp\u00e9cie.<\/p>\n\n\n\n<p>A investiga\u00e7\u00e3o \u00e9 conduzida pela Delegacia de Pol\u00edcia em Virgin\u00f3polis. De acordo com o delegado Maur\u00edcio Lauria, o crime ocorreu no dia 12 de outubro deste ano, no munic\u00edpio de Santa Efig\u00eania de Minas. \u201cOs suspeitos do crime foram bastante violentos e amea\u00e7aram as v\u00edtimas de morte, caso noticiassem os fatos \u00e0 pol\u00edcia. Uma delas, inclusive, foi amarrada durante a a\u00e7\u00e3o dos criminosos&#8221;, conta.<\/p>\n\n\n\n<p>Na ocasi\u00e3o, os suspeitos subtra\u00edram R$ 700 em dinheiro, al\u00e9m de levarem um cart\u00e3o de banco com senha. Posteriormente, foi sacada a quantia de R$ 2 mil da conta banc\u00e1ria de uma das v\u00edtimas.<\/p>\n\n\n\n<p>A identifica\u00e7\u00e3o dos homens presos hoje \u00e9 fruto da troca de informa\u00e7\u00f5es entre a Pol\u00edcia Civil e Pol\u00edcia Militar, em Virgin\u00f3polis. As investiga\u00e7\u00f5es continuar\u00e3o para identificar e prender outros poss\u00edveis envolvidos no crime.<\/p>\n\n\n\n<p>Participaram da opera\u00e7\u00e3o policiais civis das delegacias em Virgin\u00f3polis, Guanh\u00e3es, Sabin\u00f3polis, Pe\u00e7anha e Governador Valadares.<\/p>\n\n\n\n<figure class=\"wp-block-gallery columns-1 is-cropped wp-block-gallery-1 is-layout-flex wp-block-gallery-is-layout-flex\"><ul class=\"blocks-gallery-grid\"><li class=\"blocks-gallery-item\"><figure><img loading=\"lazy\" decoding=\"async\" width=\"600\" height=\"450\" src=\"https:\/\/aconteceunovale.com.br\/portal\/wp-content\/uploads\/2020\/12\/apreensao_gv.jpeg\" alt=\"\" data-id=\"170457\" data-full-url=\"https:\/\/aconteceunovale.com.br\/portal\/wp-content\/uploads\/2020\/12\/apreensao_gv.jpeg\" data-link=\"https:\/\/aconteceunovale.com.br\/portal\/?attachment_id=170457\" class=\"wp-image-170457\" srcset=\"https:\/\/aconteceunovale.com.br\/portal\/wp-content\/uploads\/2020\/12\/apreensao_gv.jpeg 600w, https:\/\/aconteceunovale.com.br\/portal\/wp-content\/uploads\/2020\/12\/apreensao_gv-300x225.jpeg 300w, https:\/\/aconteceunovale.com.br\/portal\/wp-content\/uploads\/2020\/12\/apreensao_gv-80x60.jpeg 80w, https:\/\/aconteceunovale.com.br\/portal\/wp-content\/uploads\/2020\/12\/apreensao_gv-265x198.jpeg 265w, https:\/\/aconteceunovale.com.br\/portal\/wp-content\/uploads\/2020\/12\/apreensao_gv-560x420.jpeg 560w\" sizes=\"auto, (max-width: 600px) 100vw, 600px\" \/><figcaption class=\"blocks-gallery-item__caption\"><em>Foto: Divulga\u00e7\u00e3o\/PCMG<\/em><\/figcaption><\/figure><\/li><\/ul><\/figure>\n\n\n\n<p class=\"has-white-color has-vivid-cyan-blue-background-color has-text-color has-background\">Quer saber as not\u00edcias do <strong>Aconteceu no Vale<\/strong> em primeira m\u00e3o? Siga-nos no Facebook <a rel=\"noreferrer noopener\" href=\"http:\/\/facebook.com\/aconteceunovale\" target=\"_blank\">@aconteceunovale<\/a>, Twitter <a rel=\"noreferrer noopener\" href=\"https:\/\/twitter.com\/noticiadosvales\" target=\"_blank\">@noticiadosvales<\/a> e Instagram <a rel=\"noreferrer noopener\" href=\"https:\/\/www.instagram.com\/aconteceunovale\" target=\"_blank\">@aconteceunovale<\/a>.<\/p>\n","protected":false},"excerpt":{"rendered":"<p>No \u00e2mbito de um inqu\u00e9rito policial que apura roubo a um casal de idosos, de 75 e 90 anos, a Pol\u00edcia Civil de Minas Gerais (PCMG) cumpriu, na manh\u00e3 de segunda-feira (7\/12\/2020), mandados de pris\u00e3o e de busca e apreens\u00e3o contra dois homens, de 28 e 31 anos, nos bairros Santa Helena e Santa Efig\u00eania, [&hellip;]<\/p>\n","protected":false},"author":4,"featured_media":170457,"comment_status":"open","ping_status":"closed","sticky":false,"template":"","format":"standard","meta":{"amp_status":"","footnotes":""},"categories":[121],"tags":[106467,232110,232111,1018,247,155,124004,604,306,46659,310,312,232109,232108,332],"class_list":["post-170456","post","type-post","status-publish","format-standard","has-post-thumbnail","hentry","category-leste","tag-assaltantes-presos-em-governador-valadares","tag-delegacia-de-virginopolis","tag-delegado-mauricio-lauria","tag-destaque","tag-governador-valadares","tag-guanhaes","tag-ladroes-presos-em-governador-valadares","tag-pcmg","tag-pecanha","tag-presos-em-governador-valadares","tag-sabinopolis","tag-santa-efigenia-de-minas","tag-suspeitos-de-assalto-em-santa-efigenia-de-minas-sao-presos-em-governador-valadares","tag-suspeitos-de-assalto-sao-presos-em-governador-valadares","tag-virginopolis"],"_links":{"self":[{"href":"https:\/\/aconteceunovale.com.br\/portal\/index.php?rest_route=\/wp\/v2\/posts\/170456","targetHints":{"allow":["GET"]}}],"collection":[{"href":"https:\/\/aconteceunovale.com.br\/portal\/index.php?rest_route=\/wp\/v2\/posts"}],"about":[{"href":"https:\/\/aconteceunovale.com.br\/portal\/index.php?rest_route=\/wp\/v2\/types\/post"}],"author":[{"embeddable":true,"href":"https:\/\/aconteceunovale.com.br\/portal\/index.php?rest_route=\/wp\/v2\/users\/4"}],"replies":[{"embeddable":true,"href":"https:\/\/aconteceunovale.com.br\/portal\/index.php?rest_route=%2Fwp%2Fv2%2Fcomments&post=170456"}],"version-history":[{"count":1,"href":"https:\/\/aconteceunovale.com.br\/portal\/index.php?rest_route=\/wp\/v2\/posts\/170456\/revisions"}],"predecessor-version":[{"id":170458,"href":"https:\/\/aconteceunovale.com.br\/portal\/index.php?rest_route=\/wp\/v2\/posts\/170456\/revisions\/170458"}],"wp:featuredmedia":[{"embeddable":true,"href":"https:\/\/aconteceunovale.com.br\/portal\/index.php?rest_route=\/wp\/v2\/media\/170457"}],"wp:attachment":[{"href":"https:\/\/aconteceunovale.com.br\/portal\/index.php?rest_route=%2Fwp%2Fv2%2Fmedia&parent=170456"}],"wp:term":[{"taxonomy":"category","embeddable":true,"href":"https:\/\/aconteceunovale.com.br\/portal\/index.php?rest_route=%2Fwp%2Fv2%2Fcategories&post=170456"},{"taxonomy":"post_tag","embeddable":true,"href":"https:\/\/aconteceunovale.com.br\/portal\/index.php?rest_route=%2Fwp%2Fv2%2Ftags&post=170456"}],"curies":[{"name":"wp","href":"https:\/\/api.w.org\/{rel}","templated":true}]}}